{"id":385011,"date":"2021-10-01T19:29:51","date_gmt":"2021-10-01T16:29:51","guid":{"rendered":"http:\/\/arantv.az\/?p=385011"},"modified":"2021-10-01T19:29:51","modified_gmt":"2021-10-01T16:29:51","slug":"m%c9%99kt%c9%99b-yasinin-asagi-endirilm%c9%99si-t%c9%99klif-edilir","status":"publish","type":"post","link":"https:\/\/arantv.az\/?p=385011","title":{"rendered":"M\u0259kt\u0259b ya\u015f\u0131n\u0131n a\u015fa\u011f\u0131 endirilm\u0259si t\u0259klif edilir"},"content":{"rendered":"<p><em>&#8220;D\u00fc\u015f\u00fcn\u00fcr\u0259m ki, qar\u015f\u0131m\u0131zda duran \u00e7a\u011f\u0131r\u0131\u015flardan biri u\u015faqlar\u0131n m\u0259kt\u0259b\u0259 ba\u015flama ya\u015f\u0131d\u0131r. Z\u0259nnimc\u0259, h\u0259l\u0259 d\u0259 gecdir, \u00e7\u00fcnki 6 ya\u015fda ba\u015flay\u0131r\u0131q&#8221;.<\/em><\/p>\n<p><strong>ARANTV.AZ x\u0259b\u0259r verir ki,<\/strong>\u00a0bunu t\u0259hsil naziri\u00a0<strong>Emin \u018fmrullayev<\/strong>\u00a0bildirib.<\/p>\n<p><em>&#8220;M\u0259kt\u0259b\u0259 ba\u015flama ya\u015f\u0131n\u0131n azald\u0131lmas\u0131na \u00e7al\u0131\u015fmal\u0131y\u0131q ki, u\u015faqlar m\u00fcmk\u00fcn q\u0259d\u0259r erk\u0259n ya\u015flar\u0131nda \u00f6yr\u0259nm\u0259y\u0259 ba\u015flas\u0131nlar&#8221;,<\/em>\u00a0&#8211; nazir deyib.<\/p>\n","protected":false},"excerpt":{"rendered":"<p>&#8220;D\u00fc\u015f\u00fcn\u00fcr\u0259m ki, qar\u015f\u0131m\u0131zda duran \u00e7a\u011f\u0131r\u0131\u015flardan biri u\u015faqlar\u0131n m\u0259kt\u0259b\u0259 ba\u015flama ya\u015f\u0131d\u0131r. Z\u0259nnimc\u0259, h\u0259l\u0259 d\u0259 gecdir, \u00e7\u00fcnki 6 ya\u015fda ba\u015flay\u0131r\u0131q&#8221;. ARANTV.AZ x\u0259b\u0259r verir ki,\u00a0bunu t\u0259hsil naziri\u00a0Emin \u018fmrullayev\u00a0bildirib. &#8220;M\u0259kt\u0259b\u0259 ba\u015flama ya\u015f\u0131n\u0131n azald\u0131lmas\u0131na \u00e7al\u0131\u015fmal\u0131y\u0131q ki, u\u015faqlar m\u00fcmk\u00fcn q\u0259d\u0259r erk\u0259n ya\u015flar\u0131nda \u00f6yr\u0259nm\u0259y\u0259 ba\u015flas\u0131nlar&#8221;,\u00a0&#8211; nazir deyib.<\/p>\n","protected":false},"author":2,"featured_media":385012,"comment_status":"closed","ping_status":"closed","sticky":false,"template":"","format":"standard","meta":{"om_disable_all_campaigns":false,"_monsterinsights_skip_tracking":false,"_monsterinsights_sitenote_active":false,"_monsterinsights_sitenote_note":"","_monsterinsights_sitenote_category":0},"categories":[23],"tags":[],"aioseo_notices":[],"gutentor_comment":0,"rttpg_featured_image_url":{"full":["https:\/\/arantv.az\/wp-content\/uploads\/2021\/10\/91d0dbfd16331025288862444441069259.jpg",975,540,false],"landscape":["https:\/\/arantv.az\/wp-content\/uploads\/2021\/10\/91d0dbfd16331025288862444441069259.jpg",975,540,false],"portraits":["https:\/\/arantv.az\/wp-content\/uploads\/2021\/10\/91d0dbfd16331025288862444441069259.jpg",975,540,false],"thumbnail":["https:\/\/arantv.az\/wp-content\/uploads\/2021\/10\/91d0dbfd16331025288862444441069259-500x280.jpg",500,280,true],"medium":["https:\/\/arantv.az\/wp-content\/uploads\/2021\/10\/91d0dbfd16331025288862444441069259-660x365.jpg",660,365,true],"large":["https:\/\/arantv.az\/wp-content\/uploads\/2021\/10\/91d0dbfd16331025288862444441069259-840x465.jpg",640,354,true],"1536x1536":["https:\/\/arantv.az\/wp-content\/uploads\/2021\/10\/91d0dbfd16331025288862444441069259.jpg",975,540,false],"2048x2048":["https:\/\/arantv.az\/wp-content\/uploads\/2021\/10\/91d0dbfd16331025288862444441069259.jpg",975,540,false],"post-thumbnail":["https:\/\/arantv.az\/wp-content\/uploads\/2021\/10\/91d0dbfd16331025288862444441069259-240x172.jpg",240,172,true],"advps-thumb-one":["https:\/\/arantv.az\/wp-content\/uploads\/2021\/10\/91d0dbfd16331025288862444441069259.jpg",975,540,false]},"rttpg_author":{"display_name":"V\u00fcsal Rafiqo\u011flu","author_link":"https:\/\/arantv.az\/?author=2"},"rttpg_comment":0,"rttpg_category":"<a href=\"https:\/\/arantv.az\/?cat=23\" rel=\"category\">T\u0259hsil<\/a>","rttpg_excerpt":"&#8220;D\u00fc\u015f\u00fcn\u00fcr\u0259m ki, qar\u015f\u0131m\u0131zda duran \u00e7a\u011f\u0131r\u0131\u015flardan biri u\u015faqlar\u0131n m\u0259kt\u0259b\u0259 ba\u015flama ya\u015f\u0131d\u0131r. Z\u0259nnimc\u0259, h\u0259l\u0259 d\u0259 gecdir, \u00e7\u00fcnki 6 ya\u015fda ba\u015flay\u0131r\u0131q&#8221;. ARANTV.AZ x\u0259b\u0259r verir ki,\u00a0bunu t\u0259hsil naziri\u00a0Emin \u018fmrullayev\u00a0bildirib. &#8220;M\u0259kt\u0259b\u0259 ba\u015flama ya\u015f\u0131n\u0131n azald\u0131lmas\u0131na \u00e7al\u0131\u015fmal\u0131y\u0131q ki, u\u015faqlar m\u00fcmk\u00fcn q\u0259d\u0259r erk\u0259n ya\u015flar\u0131nda \u00f6yr\u0259nm\u0259y\u0259 ba\u015flas\u0131nlar&#8221;,\u00a0&#8211; nazir deyib.","_links":{"self":[{"href":"https:\/\/arantv.az\/index.php?rest_route=\/wp\/v2\/posts\/385011"}],"collection":[{"href":"https:\/\/arantv.az\/index.php?rest_route=\/wp\/v2\/posts"}],"about":[{"href":"https:\/\/arantv.az\/index.php?rest_route=\/wp\/v2\/types\/post"}],"author":[{"embeddable":true,"href":"https:\/\/arantv.az\/index.php?rest_route=\/wp\/v2\/users\/2"}],"replies":[{"embeddable":true,"href":"https:\/\/arantv.az\/index.php?rest_route=%2Fwp%2Fv2%2Fcomments&post=385011"}],"version-history":[{"count":0,"href":"https:\/\/arantv.az\/index.php?rest_route=\/wp\/v2\/posts\/385011\/revisions"}],"wp:featuredmedia":[{"embeddable":true,"href":"https:\/\/arantv.az\/index.php?rest_route=\/wp\/v2\/media\/385012"}],"wp:attachment":[{"href":"https:\/\/arantv.az\/index.php?rest_route=%2Fwp%2Fv2%2Fmedia&parent=385011"}],"wp:term":[{"taxonomy":"category","embeddable":true,"href":"https:\/\/arantv.az\/index.php?rest_route=%2Fwp%2Fv2%2Fcategories&post=385011"},{"taxonomy":"post_tag","embeddable":true,"href":"https:\/\/arantv.az\/index.php?rest_route=%2Fwp%2Fv2%2Ftags&post=385011"}],"curies":[{"name":"wp","href":"https:\/\/api.w.org\/{rel}","templated":true}]}}