{"id":385028,"date":"2021-10-01T19:39:49","date_gmt":"2021-10-01T16:39:49","guid":{"rendered":"http:\/\/arantv.az\/?p=385028"},"modified":"2021-10-01T19:39:49","modified_gmt":"2021-10-01T16:39:49","slug":"polad-h%c9%99simovun-qisasi-niyy%c9%99ti-il%c9%99-7-erm%c9%99nini-partlatdi-s%c9%99hid-tahirin-videosu","status":"publish","type":"post","link":"https:\/\/arantv.az\/?p=385028","title":{"rendered":"Polad H\u0259\u015fimovun qisas\u0131 niyy\u0259ti il\u0259 7 erm\u0259nini partlatd\u0131 &#8211; \u015e\u0259hid Tahirin V\u0130DEOSU"},"content":{"rendered":"<p>44 g\u00fcnl\u00fck V\u0259t\u0259n m\u00fcharib\u0259sind\u0259 bir \u00e7ox igidl\u0259rimiz \u015f\u0259hid oldu. Onlar\u0131n h\u0259r\u0259sinin \u00f6z h\u0259yat yolu, \u00f6z hekay\u0259si var. Lakin h\u0259r birinin ad\u0131 tariximiz\u0259 q\u0131z\u0131l h\u0259rfl\u0259rl\u0259 yaz\u0131l\u0131b v\u0259 he\u00e7 zaman unudulmayacaq.<\/p>\n<p><a title=\"en son xeberler 2021\" href=\"https:\/\/sonxeber.az\/\" target=\"_blank\" rel=\"noopener\">Sonxeber.az<\/a>\u00a0bu d\u0259f\u0259 oxuculara h\u0259min q\u0259hr\u0259manlardan biri olan \u015f\u0259hid Tahir Qas\u0131mzad\u0259d\u0259n dan\u0131\u015facaq.<\/p>\n<div id=\"AdviadNativeVideo0\" class=\"AdviadNativeVideo\"><\/div>\n<p>Tahir Qas\u0131mzad\u0259 31 oktyabr 2001-ci il tarixind\u0259 Suraxan\u0131 rayonunda d\u00fcnyaya g\u0259lib. N\u0259n\u0259 v\u0259 babas\u0131 il\u0259 ya\u015fayan Tahir \u0259sl\u0259n Z\u0259ngilanl\u0131d\u0131r.<\/p>\n<p>\u018fsg\u0259rlik d\u00f6vr\u00fcnd\u0259 general-mayor Polad H\u0259\u015fimovla g\u00f6r\u00fc\u015f ke\u00e7iril\u0259rk\u0259n Tahir d\u0259 orada olub. Daha sonra iyul d\u00f6y\u00fc\u015fl\u0259ri zaman\u0131 Polad H\u0259\u015fimovun \u015f\u0259hid oldu\u011fu\u00a0<a title=\"xeberler son xeberler 2021\" href=\"https:\/\/big.az\/\" target=\"_blank\" rel=\"noopener\">x\u0259b\u0259ri<\/a>\u00a0il\u0259 sars\u0131lan v\u0259 qisas almaq e\u015fqin\u0259 d\u00fc\u015f\u0259n Tahir iyul d\u00f6y\u00fc\u015fl\u0259rind\u0259 4 erm\u0259nini m\u0259hv edib.<\/p>\n<p>O, 44 g\u00fcnl\u00fck V\u0259t\u0259n m\u00fcharib\u0259si ba\u015flayark\u0259n \u0259sg\u0259rlikd\u0259 olub v\u0259 yenid\u0259n d\u00f6y\u00fc\u015fl\u0259rd\u0259 i\u015ftirak edib. K\u0259lb\u0259c\u0259r istiqam\u0259tind\u0259 ir\u0259lil\u0259y\u0259rk\u0259n erm\u0259ni postunu g\u00f6r\u0259n Tahir komandirind\u0259n v\u0259 d\u00f6y\u00fc\u015f yolda\u015flar\u0131ndan dayanma\u011f\u0131 xahi\u015f edib. O, \u015f\u0259hid olmaq ist\u0259diyini dil\u0259 g\u0259tirib.<\/p>\n<p>Daha sonra Qas\u0131mzad\u0259 posta t\u0259kba\u015f\u0131na daxil olaraq qumbara vasit\u0259sil\u0259 7 erm\u0259ni il\u0259 b\u0259rab\u0259r \u00f6z\u00fcn\u00fc partdad\u0131b.<\/p>\n<p>Tahirin \u015f\u0259hid Polad H\u0259\u015fimovla g\u00f6r\u00fc\u015f\u00fc zaman\u0131 xatir\u0259l\u0259rind\u0259n dan\u0131\u015fd\u0131\u011f\u0131 videog\u00f6r\u00fcnt\u00fcl\u0259ri t\u0259qdim edirik:<\/p>\n<div class=\"embed-responsive embed-responsive-16by9\"><iframe loading=\"lazy\" id=\"nmqembedid\" class=\"embed-responsive-item\" title=\"video player\" src=\"https:\/\/izle.az\/embed\/96836\" width=\"600\" height=\"340\" frameborder=\"0\" scrolling=\"no\" allowfullscreen=\"allowfullscreen\" data-mce-fragment=\"1\"><\/iframe><\/div>\n","protected":false},"excerpt":{"rendered":"<p>44 g\u00fcnl\u00fck V\u0259t\u0259n m\u00fcharib\u0259sind\u0259 bir \u00e7ox igidl\u0259rimiz \u015f\u0259hid oldu. Onlar\u0131n h\u0259r\u0259sinin \u00f6z h\u0259yat yolu, \u00f6z hekay\u0259si var. Lakin h\u0259r birinin ad\u0131 tariximiz\u0259 q\u0131z\u0131l h\u0259rfl\u0259rl\u0259 yaz\u0131l\u0131b v\u0259 he\u00e7 zaman unudulmayacaq. Sonxeber.az\u00a0bu d\u0259f\u0259 oxuculara h\u0259min q\u0259hr\u0259manlardan biri olan \u015f\u0259hid Tahir Qas\u0131mzad\u0259d\u0259n dan\u0131\u015facaq. Tahir Qas\u0131mzad\u0259 31 oktyabr 2001-ci il tarixind\u0259 Suraxan\u0131 rayonunda d\u00fcnyaya g\u0259lib. N\u0259n\u0259 v\u0259 babas\u0131 il\u0259 ya\u015fayan Tahir \u0259sl\u0259n Z\u0259ngilanl\u0131d\u0131r. \u018fsg\u0259rlik d\u00f6vr\u00fcnd\u0259 general-mayor Polad H\u0259\u015fimovla g\u00f6r\u00fc\u015f ke\u00e7iril\u0259rk\u0259n Tahir d\u0259 orada olub. Daha sonra iyul d\u00f6y\u00fc\u015fl\u0259ri zaman\u0131 Polad H\u0259\u015fimovun \u015f\u0259hid oldu\u011fu\u00a0x\u0259b\u0259ri\u00a0il\u0259 sars\u0131lan v\u0259 qisas almaq e\u015fqin\u0259 d\u00fc\u015f\u0259n Tahir iyul d\u00f6y\u00fc\u015fl\u0259rind\u0259 4 erm\u0259nini&hellip;<\/p>\n","protected":false},"author":2,"featured_media":385030,"comment_status":"closed","ping_status":"closed","sticky":false,"template":"","format":"standard","meta":{"om_disable_all_campaigns":false,"_monsterinsights_skip_tracking":false,"_monsterinsights_sitenote_active":false,"_monsterinsights_sitenote_note":"","_monsterinsights_sitenote_category":0},"categories":[26],"tags":[],"aioseo_notices":[],"gutentor_comment":0,"rttpg_featured_image_url":{"full":["https:\/\/arantv.az\/wp-content\/uploads\/2021\/10\/polad-1.png",549,280,false],"landscape":["https:\/\/arantv.az\/wp-content\/uploads\/2021\/10\/polad-1.png",549,280,false],"portraits":["https:\/\/arantv.az\/wp-content\/uploads\/2021\/10\/polad-1.png",549,280,false],"thumbnail":["https:\/\/arantv.az\/wp-content\/uploads\/2021\/10\/polad-1-500x280.png",500,280,true],"medium":["https:\/\/arantv.az\/wp-content\/uploads\/2021\/10\/polad-1.png",549,280,false],"large":["https:\/\/arantv.az\/wp-content\/uploads\/2021\/10\/polad-1.png",549,280,false],"1536x1536":["https:\/\/arantv.az\/wp-content\/uploads\/2021\/10\/polad-1.png",549,280,false],"2048x2048":["https:\/\/arantv.az\/wp-content\/uploads\/2021\/10\/polad-1.png",549,280,false],"post-thumbnail":["https:\/\/arantv.az\/wp-content\/uploads\/2021\/10\/polad-1-240x172.png",240,172,true],"advps-thumb-one":["https:\/\/arantv.az\/wp-content\/uploads\/2021\/10\/polad-1.png",549,280,false]},"rttpg_author":{"display_name":"V\u00fcsal Rafiqo\u011flu","author_link":"https:\/\/arantv.az\/?author=2"},"rttpg_comment":0,"rttpg_category":"<a href=\"https:\/\/arantv.az\/?cat=26\" rel=\"category\">Sosial<\/a>","rttpg_excerpt":"44 g\u00fcnl\u00fck V\u0259t\u0259n m\u00fcharib\u0259sind\u0259 bir \u00e7ox igidl\u0259rimiz \u015f\u0259hid oldu. Onlar\u0131n h\u0259r\u0259sinin \u00f6z h\u0259yat yolu, \u00f6z hekay\u0259si var. Lakin h\u0259r birinin ad\u0131 tariximiz\u0259 q\u0131z\u0131l h\u0259rfl\u0259rl\u0259 yaz\u0131l\u0131b v\u0259 he\u00e7 zaman unudulmayacaq. Sonxeber.az\u00a0bu d\u0259f\u0259 oxuculara h\u0259min q\u0259hr\u0259manlardan biri olan \u015f\u0259hid Tahir Qas\u0131mzad\u0259d\u0259n dan\u0131\u015facaq. Tahir Qas\u0131mzad\u0259 31 oktyabr 2001-ci il tarixind\u0259 Suraxan\u0131 rayonunda d\u00fcnyaya g\u0259lib. N\u0259n\u0259 v\u0259 babas\u0131 il\u0259&hellip;","_links":{"self":[{"href":"https:\/\/arantv.az\/index.php?rest_route=\/wp\/v2\/posts\/385028"}],"collection":[{"href":"https:\/\/arantv.az\/index.php?rest_route=\/wp\/v2\/posts"}],"about":[{"href":"https:\/\/arantv.az\/index.php?rest_route=\/wp\/v2\/types\/post"}],"author":[{"embeddable":true,"href":"https:\/\/arantv.az\/index.php?rest_route=\/wp\/v2\/users\/2"}],"replies":[{"embeddable":true,"href":"https:\/\/arantv.az\/index.php?rest_route=%2Fwp%2Fv2%2Fcomments&post=385028"}],"version-history":[{"count":0,"href":"https:\/\/arantv.az\/index.php?rest_route=\/wp\/v2\/posts\/385028\/revisions"}],"wp:featuredmedia":[{"embeddable":true,"href":"https:\/\/arantv.az\/index.php?rest_route=\/wp\/v2\/media\/385030"}],"wp:attachment":[{"href":"https:\/\/arantv.az\/index.php?rest_route=%2Fwp%2Fv2%2Fmedia&parent=385028"}],"wp:term":[{"taxonomy":"category","embeddable":true,"href":"https:\/\/arantv.az\/index.php?rest_route=%2Fwp%2Fv2%2Fcategories&post=385028"},{"taxonomy":"post_tag","embeddable":true,"href":"https:\/\/arantv.az\/index.php?rest_route=%2Fwp%2Fv2%2Ftags&post=385028"}],"curies":[{"name":"wp","href":"https:\/\/api.w.org\/{rel}","templated":true}]}}