{"id":385032,"date":"2021-10-01T19:41:13","date_gmt":"2021-10-01T16:41:13","guid":{"rendered":"http:\/\/arantv.az\/?p=385032"},"modified":"2021-10-01T19:41:13","modified_gmt":"2021-10-01T16:41:13","slug":"az%c9%99rbaycanda-%c9%99hali-il%c9%99-bagli-yeni-proqnozlar-hazirlanir","status":"publish","type":"post","link":"https:\/\/arantv.az\/?p=385032","title":{"rendered":"Az\u0259rbaycanda \u0259hali il\u0259 ba\u011fl\u0131 yeni proqnozlar haz\u0131rlan\u0131r"},"content":{"rendered":"<p>Az\u0259rbaycanda Nazirl\u0259r Kabinetin\u0259 yeni \u0259hali proqnozlar\u0131 t\u0259qdim olunacaq.<\/p>\n<p>Bunu 1 oktyabr &#8211; Beyn\u0259lxalq Ah\u0131llar G\u00fcn\u00fc il\u0259 \u0259laq\u0259dar Bak\u0131da f\u0259al v\u0259 sa\u011flam ya\u015flanma m\u00f6vzusuna h\u0259sr olunmu\u015f s\u0259rgid\u0259\u00a0<a href=\"https:\/\/az.trend.az\/\" target=\"_blank\" rel=\"noopener\">Trend<\/a>-\u0259\u00a0a\u00e7\u0131qlamas\u0131nda BMT-nin \u018fhali Fondunun Az\u0259rbaycandak\u0131 n\u00fcmay\u0259nd\u0259liyinin r\u0259hb\u0259ri F\u0259rid Babayev bildirib.<\/p>\n<p>F.Babayev qeyd edib ki, BMT-nin \u018fhali Fondu, \u018fm\u0259k v\u0259 \u018fhalinin Sosial M\u00fcdafi\u0259si Nazirliyi v\u0259 \u00c7exiyan\u0131n &#8220;Charles&#8221; Universitetinin ekspertl\u0259rinin \u0259hali proqnozlar\u0131 il\u0259 ba\u011fl\u0131 h\u0259yata ke\u00e7irdiyi proqram 2050-ci il\u0259 q\u0259d\u0259r Az\u0259rbaycanda 3 \u0259hali t\u0259b\u0259q\u0259si \u00fczr\u0259 &#8211; cavanlar, iqtisadi aktiv insanlar v\u0259 ya\u015fl\u0131lar\u0131 \u0259hat\u0259 edir: &#8220;Proqnozlara struktur, \u0259hali say\u0131, gender nisb\u0259ti, respublika \u00fczr\u0259 hans\u0131 regionda n\u0259 q\u0259d\u0259r \u0259hali olaca\u011f\u0131 v\u0259 s. m\u0259s\u0259l\u0259l\u0259r daxildir. Bu, \u00e7ox \u00f6n\u0259mli m\u0259s\u0259l\u0259dir. \u00c7\u00fcnki biz haz\u0131rda bilmirik ki, 2030, 2035, 2040, 2050-ci il\u0259 q\u0259d\u0259r hans\u0131 regionda ne\u00e7\u0259 m\u0259kt\u0259b, ne\u00e7\u0259 x\u0259st\u0259xana, do\u011fum evi laz\u0131md\u0131r, pensiyaya n\u0259 q\u0259d\u0259r pul x\u0259rcl\u0259nm\u0259lidir, k\u00f6rp\u0259l\u0259rin do\u011fumuna g\u00f6r\u0259 n\u0259 q\u0259d\u0259r pul verilm\u0259lidir v\u0259 s. B\u00fct\u00fcn bunlar planla\u015fd\u0131r\u0131lm\u0131\u015f \u015f\u0259kild\u0259 apar\u0131lsa, daha yax\u015f\u0131 olar&#8221;<\/p>\n<p>O, h\u0259m\u00e7inin bildirib ki, proqnoza g\u00f6r\u0259, 2050-ci il\u0259 q\u0259d\u0259r h\u0259m cavanlar\u0131n, h\u0259m d\u0259 ya\u015fl\u0131lar\u0131n, y\u0259ni istehlak\u00e7\u0131lar\u0131n say\u0131 artacaq, iqtisadi f\u0259al t\u0259b\u0259q\u0259nin \u00fcz\u0259rin\u0259 b\u00f6y\u00fck y\u00fck d\u00fc\u015f\u0259c\u0259k: &#8220;Ona g\u00f6r\u0259 d\u0259 yeni i\u015f yerl\u0259ri yarad\u0131lmal\u0131, i\u015fsizlik s\u0259viyy\u0259si azald\u0131lmal\u0131d\u0131r. Bununla ba\u011fl\u0131 &#8220;Charles&#8221; Universiteti ilkin proqnozlar\u0131 biz\u0259 t\u0259qdim edib, biz is\u0259 \u018fm\u0259k v\u0259 \u018fhalinin Sosial M\u00fcdafi\u0259si Nazirliyin\u0259 g\u00f6nd\u0259rdik. Bunu t\u0259hlil etm\u0259k \u00fc\u00e7\u00fcn \u018fm\u0259k v\u0259 \u018fhalinin Sosial M\u00fcdafi\u0259si Nazirliyi il\u0259 birg\u0259 \u0130\u015f\u00e7i Qrupu yarad\u0131l\u0131b. T\u0259hlil n\u0259tic\u0259sind\u0259 milli transferl\u0259r haz\u0131rlamal\u0131y\u0131q. Bu yarad\u0131landan sonra Nazirl\u0259r Kabinetin\u0259 v\u0259 Maliyy\u0259 Nazirliyin\u0259 t\u0259qdim edil\u0259c\u0259k. D\u00fc\u015f\u00fcn\u00fcr\u0259m ki, ilin sonuna q\u0259d\u0259r t\u0259hlil apar\u0131lacaq, g\u0259l\u0259n ilin ilk 3-4 ay\u0131nda yekun t\u0259klifl\u0259r Nazirl\u0259r Kabinetin\u0259 t\u0259qdim olunacaq&#8221;.<\/p>\n","protected":false},"excerpt":{"rendered":"<p>Az\u0259rbaycanda Nazirl\u0259r Kabinetin\u0259 yeni \u0259hali proqnozlar\u0131 t\u0259qdim olunacaq. Bunu 1 oktyabr &#8211; Beyn\u0259lxalq Ah\u0131llar G\u00fcn\u00fc il\u0259 \u0259laq\u0259dar Bak\u0131da f\u0259al v\u0259 sa\u011flam ya\u015flanma m\u00f6vzusuna h\u0259sr olunmu\u015f s\u0259rgid\u0259\u00a0Trend-\u0259\u00a0a\u00e7\u0131qlamas\u0131nda BMT-nin \u018fhali Fondunun Az\u0259rbaycandak\u0131 n\u00fcmay\u0259nd\u0259liyinin r\u0259hb\u0259ri F\u0259rid Babayev bildirib. F.Babayev qeyd edib ki, BMT-nin \u018fhali Fondu, \u018fm\u0259k v\u0259 \u018fhalinin Sosial M\u00fcdafi\u0259si Nazirliyi v\u0259 \u00c7exiyan\u0131n &#8220;Charles&#8221; Universitetinin ekspertl\u0259rinin \u0259hali proqnozlar\u0131 il\u0259 ba\u011fl\u0131 h\u0259yata ke\u00e7irdiyi proqram 2050-ci il\u0259 q\u0259d\u0259r Az\u0259rbaycanda 3 \u0259hali t\u0259b\u0259q\u0259si \u00fczr\u0259 &#8211; cavanlar, iqtisadi aktiv insanlar v\u0259 ya\u015fl\u0131lar\u0131 \u0259hat\u0259 edir: &#8220;Proqnozlara struktur, \u0259hali say\u0131, gender nisb\u0259ti, respublika \u00fczr\u0259 hans\u0131 regionda n\u0259 q\u0259d\u0259r \u0259hali&hellip;<\/p>\n","protected":false},"author":2,"featured_media":385033,"comment_status":"closed","ping_status":"closed","sticky":false,"template":"","format":"standard","meta":{"om_disable_all_campaigns":false,"_monsterinsights_skip_tracking":false,"_monsterinsights_sitenote_active":false,"_monsterinsights_sitenote_note":"","_monsterinsights_sitenote_category":0},"categories":[19],"tags":[],"aioseo_notices":[],"gutentor_comment":0,"rttpg_featured_image_url":{"full":["https:\/\/arantv.az\/wp-content\/uploads\/2021\/10\/ehali.jpg",1280,853,false],"landscape":["https:\/\/arantv.az\/wp-content\/uploads\/2021\/10\/ehali.jpg",1280,853,false],"portraits":["https:\/\/arantv.az\/wp-content\/uploads\/2021\/10\/ehali.jpg",1280,853,false],"thumbnail":["https:\/\/arantv.az\/wp-content\/uploads\/2021\/10\/ehali-500x280.jpg",500,280,true],"medium":["https:\/\/arantv.az\/wp-content\/uploads\/2021\/10\/ehali-548x365.jpg",548,365,true],"large":["https:\/\/arantv.az\/wp-content\/uploads\/2021\/10\/ehali-840x560.jpg",640,427,true],"1536x1536":["https:\/\/arantv.az\/wp-content\/uploads\/2021\/10\/ehali.jpg",1280,853,false],"2048x2048":["https:\/\/arantv.az\/wp-content\/uploads\/2021\/10\/ehali.jpg",1280,853,false],"post-thumbnail":["https:\/\/arantv.az\/wp-content\/uploads\/2021\/10\/ehali-240x172.jpg",240,172,true],"advps-thumb-one":["https:\/\/arantv.az\/wp-content\/uploads\/2021\/10\/ehali-1200x620.jpg",1200,620,true]},"rttpg_author":{"display_name":"V\u00fcsal Rafiqo\u011flu","author_link":"https:\/\/arantv.az\/?author=2"},"rttpg_comment":0,"rttpg_category":"<a href=\"https:\/\/arantv.az\/?cat=19\" rel=\"category\">G\u00fcnd\u0259m<\/a>","rttpg_excerpt":"Az\u0259rbaycanda Nazirl\u0259r Kabinetin\u0259 yeni \u0259hali proqnozlar\u0131 t\u0259qdim olunacaq. Bunu 1 oktyabr &#8211; Beyn\u0259lxalq Ah\u0131llar G\u00fcn\u00fc il\u0259 \u0259laq\u0259dar Bak\u0131da f\u0259al v\u0259 sa\u011flam ya\u015flanma m\u00f6vzusuna h\u0259sr olunmu\u015f s\u0259rgid\u0259\u00a0Trend-\u0259\u00a0a\u00e7\u0131qlamas\u0131nda BMT-nin \u018fhali Fondunun Az\u0259rbaycandak\u0131 n\u00fcmay\u0259nd\u0259liyinin r\u0259hb\u0259ri F\u0259rid Babayev bildirib. F.Babayev qeyd edib ki, BMT-nin \u018fhali Fondu, \u018fm\u0259k v\u0259 \u018fhalinin Sosial M\u00fcdafi\u0259si Nazirliyi v\u0259 \u00c7exiyan\u0131n &#8220;Charles&#8221; Universitetinin ekspertl\u0259rinin \u0259hali proqnozlar\u0131&hellip;","_links":{"self":[{"href":"https:\/\/arantv.az\/index.php?rest_route=\/wp\/v2\/posts\/385032"}],"collection":[{"href":"https:\/\/arantv.az\/index.php?rest_route=\/wp\/v2\/posts"}],"about":[{"href":"https:\/\/arantv.az\/index.php?rest_route=\/wp\/v2\/types\/post"}],"author":[{"embeddable":true,"href":"https:\/\/arantv.az\/index.php?rest_route=\/wp\/v2\/users\/2"}],"replies":[{"embeddable":true,"href":"https:\/\/arantv.az\/index.php?rest_route=%2Fwp%2Fv2%2Fcomments&post=385032"}],"version-history":[{"count":0,"href":"https:\/\/arantv.az\/index.php?rest_route=\/wp\/v2\/posts\/385032\/revisions"}],"wp:featuredmedia":[{"embeddable":true,"href":"https:\/\/arantv.az\/index.php?rest_route=\/wp\/v2\/media\/385033"}],"wp:attachment":[{"href":"https:\/\/arantv.az\/index.php?rest_route=%2Fwp%2Fv2%2Fmedia&parent=385032"}],"wp:term":[{"taxonomy":"category","embeddable":true,"href":"https:\/\/arantv.az\/index.php?rest_route=%2Fwp%2Fv2%2Fcategories&post=385032"},{"taxonomy":"post_tag","embeddable":true,"href":"https:\/\/arantv.az\/index.php?rest_route=%2Fwp%2Fv2%2Ftags&post=385032"}],"curies":[{"name":"wp","href":"https:\/\/api.w.org\/{rel}","templated":true}]}}