{"id":385041,"date":"2021-10-01T19:44:30","date_gmt":"2021-10-01T16:44:30","guid":{"rendered":"http:\/\/arantv.az\/?p=385041"},"modified":"2021-10-01T19:44:30","modified_gmt":"2021-10-01T16:44:30","slug":"az%c9%99rbaycana-dil-uzadan-oz-kolg%c9%99sind%c9%99n-qorxan-%c9%99li-mut%c9%99h%c9%99riy%c9%99-m%c9%99sl%c9%99h%c9%99t-karvan-kecdi-cox-cigirma","status":"publish","type":"post","link":"https:\/\/arantv.az\/?p=385041","title":{"rendered":"Az\u0259rbaycana dil uzadan, \u00f6z k\u00f6lg\u0259sind\u0259n qorxan \u018fli M\u00fct\u0259h\u0259riy\u0259 m\u0259sl\u0259h\u0259t: Karvan ke\u00e7di, \u00e7ox \u00e7\u0131\u011f\u0131rma&#8230;"},"content":{"rendered":"<p>Sirr deyil ki, x\u00fcsus\u0259n son bir ne\u00e7\u0259 ayda Az\u0259rbaycanla \u0130ran m\u00fcnasib\u0259tl\u0259rind\u0259 g\u0259rginlik m\u00fc\u015fahid\u0259 olunur. Buna s\u0259b\u0259b \u0130ran\u0131n ambisiyalar\u0131n\u0131n regionda yaranm\u0131\u015f yeni reall\u0131qlar\u0131 q\u0259bul ed\u0259 bilm\u0259m\u0259sidir. \u018fslind\u0259 regionda s\u00fclh v\u0259 \u0259min-amanl\u0131\u011f\u0131n b\u0259rpas\u0131, inki\u015faf v\u0259 t\u0259r\u0259qqinin artmas\u0131 anlam\u0131na g\u0259l\u0259 bil\u0259c\u0259k bu reall\u0131qlar \u00f6z\u00fcn\u00fc regionun a\u011fas\u0131 hesab ed\u0259n \u0130randa t\u0259hdid kimi q\u0259bul edilir.<\/p>\n<p>\u0130ran X\u0130N-in c\u0259f\u0259ng \u201csionist rejim\u201d a\u00e7\u0131qlamas\u0131n\u0131n \u00fcz\u0259rind\u0259n \u00e7ox ke\u00e7m\u0259s\u0259 d\u0259, n\u00f6vb\u0259ti d\u0259f\u0259 m\u00f6vcud olmayan t\u0259hl\u00fck\u0259nin can\u0131na qorxu sald\u0131\u011f\u0131 daha biri peyda oldu.<\/p>\n<p>\u0130ran parlamenti s\u0259drinin ke\u00e7mi\u015f m\u00fcavini \u018fli M\u00fct\u0259h\u0259ri regiona \u0259b\u0259di s\u00fclh v\u0259 inki\u015faf b\u0259x\u015f ed\u0259c\u0259k Z\u0259ng\u0259zur d\u0259hlizini \u00f6z \u00f6lk\u0259si \u00fc\u00e7\u00fcn b\u00f6y\u00fck t\u0259hdid kimi q\u0259l\u0259m\u0259 verib. O, Z\u0259ng\u0259zur d\u0259hlizini Az\u0259rbaycan, T\u00fcrkiy\u0259 v\u0259 \u0130srailin x\u0259yan\u0259tkar plan\u0131 adland\u0131r\u0131b. \u00dcst\u0259lik, bir q\u0259d\u0259r d\u0259 ir\u0259li ged\u0259r\u0259k, bu layih\u0259nin icras\u0131n\u0131n \u0130ran-Erm\u0259nistan s\u0259rh\u0259dini da\u011f\u0131daca\u011f\u0131n\u0131 v\u0259 \u0130ran\u0131n Avropaya yollar\u0131ndan birini ba\u011flayaca\u011f\u0131n\u0131 deyib.<\/p>\n<div id=\"AdviadNativeVideo0\" class=\"AdviadNativeVideo\"><\/div>\n<p>Bu da son deyil, iranl\u0131 ke\u00e7mi\u015f mill\u0259t v\u0259kili \u00f6z aciz varl\u0131\u011f\u0131n\u0131n m\u0259qs\u0259d v\u0259 m\u0259ram\u0131n\u0131 d\u0259f\u0259l\u0259rl\u0259 a\u015fan, normal \u015f\u00fcurun m\u0259hsulu olmayan, x\u0259st\u0259 t\u0259x\u0259yy\u00fcl uydurmas\u0131 ifad\u0259 s\u0259sl\u0259ndirib:<\/p>\n<p>\u201c\u00d6z anas\u0131 \u0130ran\u0131 satmaq \u0259v\u0259zin\u0259, Az\u0259rbaycan Respublikas\u0131 ona qay\u0131tmal\u0131d\u0131r, \u0259ks halda S\u0259ddam\u0131n ald\u0131\u011f\u0131 d\u0259rsl\u0259rd\u0259n alacaq\u201d.<\/p>\n<p>\u0130lk olaraq onu dey\u0259k ki, kim-k\u00fcdur\u0259t dolu bu a\u00e7\u0131qlama el\u0259 \u018fli M\u00fct\u0259h\u0259ri q\u0259d\u0259r aciz v\u0259 c\u0131l\u0131z bir insan\u0131n dilind\u0259n s\u0259sl\u0259n\u0259 bil\u0259rdi. Qon\u015fu d\u00f6vl\u0259t\u0259 m\u00fcnasib\u0259td\u0259 bu c\u00fcr \u015fovinist, m\u0259nfur yana\u015fma el\u0259 s\u00f6z\u00fcged\u0259n insan\u0131n hans\u0131 keyfiyy\u0259tsizlikl\u0259rin da\u015f\u0131y\u0131c\u0131s\u0131 oldu\u011funu ortaya qoyur.<\/p>\n<p>Ke\u00e7\u0259k \u0259sas m\u0259s\u0259l\u0259y\u0259, o m\u0259s\u0259l\u0259 ki, \u0130ran\u0131n \u0259sl mahiyy\u0259tini tamamil\u0259 ortaya qoyur. \u201cQ\u00fcdr\u0259tli\u201d, \u201cb\u00f6y\u00fck\u201d, \u201cn\u0259h\u0259ng\u201d \u0130ran\u0131 bir-birin\u0259 vuran, \u0130ran r\u0259smil\u0259rin\u0259, m\u0259murlar\u0131na rahatl\u0131q verm\u0259y\u0259n \u0259slind\u0259 ba\u015fqa bir \u015fey deyil, m\u0259hz qorxudur. \u00c7\u00fcnki \u0130ran \u00f6z \u201cg\u00fcc\u201d\u00fcn\u00fc h\u0259dd\u0259n art\u0131q \u015fi\u015firdilmi\u015f \u015f\u0259kild\u0259 q\u0259l\u0259m\u0259 verdiyini, \u0259slind\u0259 is\u0259 sad\u0259c\u0259 pafos dolu a\u00e7\u0131qlamalar\u0131n arxas\u0131na acizlikl\u0259 s\u0131\u011f\u0131nd\u0131\u011f\u0131n\u0131 bilir. El\u0259 \u018fli M\u00fct\u0259h\u0259ri kimi \u0259ld\u0259qay\u0131rma siyas\u0259t\u00e7il\u0259r d\u0259 m\u0259hz bu pafosun alud\u0259\u00e7il\u0259ridir. H\u0259qiq\u0259t is\u0259 ba\u015fqad\u0131r.<\/p>\n<p>\u018fsl h\u0259qiq\u0259ti ay\u0131rd etm\u0259k \u00fc\u00e7\u00fcn \u00f6z\u00fcm\u00fczd\u0259n n\u00fcmun\u0259 ver\u0259 bil\u0259rik. Az\u0259rbaycan hans\u0131 q\u00fcdr\u0259t\u0259 sahib oldu\u011funu b\u00fct\u00fcn d\u00fcnyaya d\u00f6y\u00fc\u015f meydan\u0131nda g\u00f6st\u0259rdi. Bununla bel\u0259, he\u00e7 zaman b\u0259sit v\u0259 c\u0131l\u0131z a\u00e7\u0131qlamalar\u0131n arxas\u0131na s\u0131\u011f\u0131nmad\u0131 v\u0259 s\u00fcbut etdi ki, verdiyi b\u0259yanatlar h\u0259qiq\u0259t\u0259 s\u00f6yk\u0259nir. Az\u0259rbaycan d\u00f6vl\u0259tinin q\u00fcdr\u0259ti s\u00f6yl\u0259nil\u0259n h\u0259r bir ifad\u0259nin arxas\u0131nda durma\u011fa qadir oldu\u011fumuzu dosta da, d\u00fc\u015fm\u0259n\u0259 d\u0259 g\u00f6st\u0259rdi.<\/p>\n<p>Ancaq yen\u0259 d\u0259 \u018fli M\u00fct\u0259h\u0259ri kimi c\u0131l\u0131z \u201c\u015f\u0259xsiyy\u0259t\u201dl\u0259r\u0259 h\u0259qiq\u0259tin h\u0259tta onun g\u00f6zl\u0259rini b\u00fcr\u00fcy\u0259n cahiliyy\u0259t z\u00fclm\u0259tini ayd\u0131nladacaq q\u0259d\u0259r parlaq oldu\u011funu g\u00f6st\u0259rm\u0259k namin\u0259 Az\u0259rbaycan Prezidenti \u0130lham \u018fliyevin bir \u00e7\u0131x\u0131\u015f\u0131n\u0131 xat\u0131rladaq:<\/p>\n<p>\u201cT\u0259\u0259ss\u00fcf ki, \u0130kinci Qaraba\u011f m\u00fcharib\u0259sind\u0259n \u0259vv\u0259lki iki il \u0259rzind\u0259 Az\u0259rbaycan t\u0259r\u0259find\u0259n veril\u0259n m\u00fcsb\u0259t siqnallar orada yanl\u0131\u015f anla\u015f\u0131ld\u0131 &#8211; bir z\u0259iflik kimi, bir g\u00fccs\u00fczl\u00fck kimi. Biz, sad\u0259c\u0259 olaraq, qan t\u00f6km\u0259k ist\u0259mirdik. Biz g\u00fcc\u00fcm\u00fcz\u00fc bilirdik v\u0259 bilirdik ki, biz bu m\u0259s\u0259l\u0259ni g\u00fcc yolu il\u0259 h\u0259ll ed\u0259 bil\u0259rik\u201d.<\/p>\n<p>Prezident \u0130lham \u018fliyevin a\u00e7\u0131qlamas\u0131 Az\u0259rbaycan\u0131n \u00f6z g\u00fcc v\u0259 q\u00fcdr\u0259tin\u0259 inand\u0131\u011f\u0131n\u0131, real imkanlar\u0131n\u0131 bildiyini g\u00f6st\u0259rir. Bununla bel\u0259, Az\u0259rbaycan ist\u0259nil\u0259n v\u0259di yerin\u0259 yetir\u0259 bil\u0259c\u0259k irad\u0259y\u0259 sahib oldu\u011fu halda, pafosa \u0259l atmad\u0131, h\u0259qiq\u0259tin m\u00fctl\u0259q q\u0259l\u0259b\u0259sinin t\u0259min olunaca\u011f\u0131 g\u00fcn\u0259 q\u0259d\u0259r s\u0259brl\u0259 g\u00f6zl\u0259di.<\/p>\n<p>Q\u0131sas\u0131, \u0259g\u0259r s\u00f6z\u00fcn v\u0259 \u0259m\u0259lin d\u00fcz g\u0259lirs\u0259, o zaman n\u0259 q\u0259d\u0259r ist\u0259s\u0259n, dan\u0131\u015fma\u011fa haqq\u0131n \u00e7atar. \u018fli M\u00fct\u0259h\u0259rinin \u015f\u0259xsind\u0259 \u0130ran\u0131n t\u0259hdid etdiyi Az\u0259rbaycan m\u0259hz s\u00f6z\u00fc il\u0259 \u0259m\u0259li \u00fcst-\u00fcst\u0259 d\u00fc\u015f\u0259n, \u00f6z q\u00fcdr\u0259tini bil\u0259n v\u0259 qiym\u0259tl\u0259ndir\u0259n, lakin bununla bel\u0259 pafosa, \u015fi\u015firdilmi\u015f g\u00f6rk\u0259m\u0259 b\u00fcr\u00fcnm\u0259y\u0259n Az\u0259rbaycand\u0131r. Biz bu h\u0259qiq\u0259ti d\u00f6y\u00fc\u015f meydan\u0131nda da tarixi \u0259dal\u0259ti b\u0259rpa ed\u0259r\u0259k g\u00f6st\u0259rmi\u015fik.<\/p>\n<p>\u0130ndi is\u0259 ke\u00e7\u0259k \u0130ran t\u0259r\u0259fin\u0259, yaln\u0131z \u00e7\u0131x\u0131\u015flarda, t\u0259hdid dolu a\u00e7\u0131qlamalarda olan bu \u201cq\u00fcdr\u0259t\u201d h\u0259qiq\u0259t\u0259n reall\u0131\u011fa s\u00f6yk\u0259nirmi? \u0130ran iddia etdiyi q\u0259d\u0259r q\u00fcdr\u0259tlidirs\u0259, n\u0259y\u0259 g\u00f6r\u0259 a\u00e7\u0131q-a\u015fkar qorxudan tir-tir \u0259sir? N\u0259y\u0259 g\u00f6r\u0259 Az\u0259rbaycan-\u0130srail dostlu\u011fundan bu q\u0259d\u0259r qorxuya d\u00fc\u015f\u00fcr? \u0130ran t\u0259r\u0259find\u0259n veril\u0259n a\u00e7\u0131qlamalar da, bu qorxunun pik h\u0259dd\u0259 oldu\u011funu g\u00f6st\u0259rmirmi?<\/p>\n<p>\u00dcst\u0259lik, \u0130ran real olmayan bir t\u0259hl\u00fck\u0259d\u0259n bu q\u0259d\u0259r qorxuya d\u00fc\u015f\u00fcb. \u0130srailin sad\u0259c\u0259 ad\u0131 bel\u0259 \u018fli M\u00fct\u0259h\u0259ri kimil\u0259rin can\u0131na od sal\u0131b, o is\u0259 yan\u0131ndan ke\u00e7\u0259n karvan\u0131n arxas\u0131nca s\u0259sini at\u0131b ba\u015f\u0131na&#8230;<\/p>\n<p>\u018fli M\u00fct\u0259h\u0259ri karvan\u0131n arxas\u0131nca n\u0259 q\u0259d\u0259r \u00e7\u0131\u011f\u0131r-ba\u011f\u0131r edir-etsin, Az\u0259rbaycan bu regionda t\u0259hl\u00fck\u0259sizlik v\u0259 inki\u015faf\u0131n \u0259sas amili olaraq qalacaq. \u0130ran is\u0259 saxta, \u00f6z k\u00f6lg\u0259sind\u0259n bel\u0259 qorxdu\u011funu gizl\u0259tm\u0259k \u00fc\u00e7\u00fcn sad\u0259c\u0259 saxta b\u0259yanatlar\u0131n arxas\u0131na s\u0131\u011f\u0131nmal\u0131 olacaq.<\/p>\n<p>Dig\u0259r bir m\u0259qam Z\u0259ng\u0259zur d\u0259hlizinin \u0130randa t\u0259hl\u00fck\u0259 kimi g\u00f6r\u00fcnm\u0259sidir. Y\u0259ni \u0130ran dar bir c\u0131\u011f\u0131rla Avropaya \u00e7\u0131x\u0131\u015f\u0131, b\u00fct\u00fcn C\u0259nubi Qafqaz \u00fc\u00e7\u00fcn m\u00f6ht\u0259\u015f\u0259m perspektivl\u0259r t\u0259min ed\u0259c\u0259k bir reall\u0131qdan \u00fcst\u00fcn tutur. \u00c7\u00fcnki Z\u0259ng\u0259zur d\u0259hlizi b\u00fct\u00fcn regionda iqtisadi v\u0259 m\u0259d\u0259ni \u0259laq\u0259l\u0259rin inki\u015faf\u0131na, regionun t\u0259r\u0259qqisin\u0259 g\u0259tirib \u00e7\u0131xaracaq. Bel\u0259 \u00e7\u0131x\u0131r ki, \u0130ran h\u0259m d\u0259 inki\u015faf v\u0259 t\u0259r\u0259qqid\u0259n d\u0259 qorxur.<\/p>\n<p>\u018fli M\u00fct\u0259h\u0259ri kimil\u0259rin Avropaya \u00e7\u0131x\u0131\u015fla ba\u011fl\u0131 qorxular\u0131 is\u0259 \u0259b\u0259s yer\u0259dir. \u00c7\u00fcnki Avropada he\u00e7 kim \u018fli M\u00fct\u0259h\u0259rikimil\u0259rin yolunu g\u00f6zl\u0259mir. \u00c7\u00fcnki cahil, \u015fovinist v\u0259 radikal d\u00fc\u015f\u00fcnc\u0259li aciz bir \u201csiyas\u0259t\u00e7i\u201d d\u00fcnyan\u0131n he\u00e7 bir yerind\u0259, he\u00e7 kim\u0259, he\u00e7 bir m\u0259qs\u0259dl\u0259 g\u0259r\u0259k deyil.<\/p>\n<p>N\u0259tic\u0259 olaraq g\u00f6r\u00fcr\u00fck ki, \u0130ran\u0131n \u201cnarahatl\u0131qlar\u0131\u201d reall\u0131qlara s\u00f6yk\u0259nmir, \u0259ksin\u0259, onu t\u0259kzib edir. \u0130ran\u0131n \u201cnarahatl\u0131q\u201d adland\u0131rd\u0131\u011f\u0131 \u0259slind\u0259 \u00f6z\u00fcn\u0259 inams\u0131zl\u0131\u011f\u0131n yaratd\u0131\u011f\u0131 d\u0259h\u015f\u0259tli bir qorxudan ba\u015fqa bir \u015fey deyil. \u0130ran \u00f6z\u00fcn\u00fc q\u0259l\u0259m\u0259 verdiyi kimi n\u0259riltisi d\u00fcnyan\u0131 l\u0259rz\u0259y\u0259 salan bir \u015firi xat\u0131rlatm\u0131r, \u0259ksin\u0259, qorxudan bir k\u00fcnc\u0259 s\u0131x\u0131l\u0131b gizl\u0259n\u0259n v\u0259 arabir hay-k\u00fcy sal\u0131b qorxu yaratma\u011fa \u00e7al\u0131\u015fan t\u0259siri ba\u011f\u0131\u015flay\u0131r.<\/p>\n<p>\u0130ran kim\u0259 anal\u0131q, kim\u0259 atal\u0131q etm\u0259k ist\u0259yir, onu dem\u0259k biz\u0259 d\u00fc\u015fm\u0259z, h\u0259r halda qoynunda ill\u0259rdir b\u0259sl\u0259diyinin bir Erm\u0259nistan oldu\u011fu fakt\u0131 da ortadad\u0131r. T\u0259cav\u00fczkar Erm\u0259nistana ill\u0259rdir verdiyi d\u0259st\u0259kl\u0259 onun \u00fcz\u0259rind\u0259 hans\u0131sa bir haqq iddia ed\u0259 bil\u0259r, b\u0259lk\u0259 d\u0259&#8230;<\/p>\n<p>Ancaq Az\u0259rbaycanla ba\u011fl\u0131 bu c\u00fcr ifad\u0259ni dil\u0259 g\u0259tir\u0259rk\u0259n \u018fli M\u00fct\u0259h\u0259rikimil\u0259r ehtiyatl\u0131 olmal\u0131d\u0131r. Qorxular\u0131 \u00f6z\u00fcnd\u0259n b\u00f6y\u00fck olan \u018fli M\u00fct\u0259h\u0259ri m\u0259sl\u0259h\u0259tdir ki, \u00e7ox \u00e7\u0131\u011f\u0131rmas\u0131n, bu karvan \u00e7oxdan ke\u00e7ib&#8230;<\/p>\n","protected":false},"excerpt":{"rendered":"<p>Sirr deyil ki, x\u00fcsus\u0259n son bir ne\u00e7\u0259 ayda Az\u0259rbaycanla \u0130ran m\u00fcnasib\u0259tl\u0259rind\u0259 g\u0259rginlik m\u00fc\u015fahid\u0259 olunur. Buna s\u0259b\u0259b \u0130ran\u0131n ambisiyalar\u0131n\u0131n regionda yaranm\u0131\u015f yeni reall\u0131qlar\u0131 q\u0259bul ed\u0259 bilm\u0259m\u0259sidir. \u018fslind\u0259 regionda s\u00fclh v\u0259 \u0259min-amanl\u0131\u011f\u0131n b\u0259rpas\u0131, inki\u015faf v\u0259 t\u0259r\u0259qqinin artmas\u0131 anlam\u0131na g\u0259l\u0259 bil\u0259c\u0259k bu reall\u0131qlar \u00f6z\u00fcn\u00fc regionun a\u011fas\u0131 hesab ed\u0259n \u0130randa t\u0259hdid kimi q\u0259bul edilir. \u0130ran X\u0130N-in c\u0259f\u0259ng \u201csionist rejim\u201d a\u00e7\u0131qlamas\u0131n\u0131n \u00fcz\u0259rind\u0259n \u00e7ox ke\u00e7m\u0259s\u0259 d\u0259, n\u00f6vb\u0259ti d\u0259f\u0259 m\u00f6vcud olmayan t\u0259hl\u00fck\u0259nin can\u0131na qorxu sald\u0131\u011f\u0131 daha biri peyda oldu. \u0130ran parlamenti s\u0259drinin ke\u00e7mi\u015f m\u00fcavini \u018fli M\u00fct\u0259h\u0259ri regiona \u0259b\u0259di s\u00fclh v\u0259 inki\u015faf b\u0259x\u015f ed\u0259c\u0259k Z\u0259ng\u0259zur d\u0259hlizini \u00f6z \u00f6lk\u0259si&hellip;<\/p>\n","protected":false},"author":2,"featured_media":385042,"comment_status":"closed","ping_status":"closed","sticky":false,"template":"","format":"standard","meta":{"om_disable_all_campaigns":false,"_monsterinsights_skip_tracking":false,"_monsterinsights_sitenote_active":false,"_monsterinsights_sitenote_note":"","_monsterinsights_sitenote_category":0},"categories":[4],"tags":[],"aioseo_notices":[],"gutentor_comment":0,"rttpg_featured_image_url":{"full":["https:\/\/arantv.az\/wp-content\/uploads\/2021\/10\/e61fc98e-0cf6-4614-88a6-f078b1fa9f82-780x450-1.jpg",620,358,false],"landscape":["https:\/\/arantv.az\/wp-content\/uploads\/2021\/10\/e61fc98e-0cf6-4614-88a6-f078b1fa9f82-780x450-1.jpg",620,358,false],"portraits":["https:\/\/arantv.az\/wp-content\/uploads\/2021\/10\/e61fc98e-0cf6-4614-88a6-f078b1fa9f82-780x450-1.jpg",620,358,false],"thumbnail":["https:\/\/arantv.az\/wp-content\/uploads\/2021\/10\/e61fc98e-0cf6-4614-88a6-f078b1fa9f82-780x450-1-500x280.jpg",500,280,true],"medium":["https:\/\/arantv.az\/wp-content\/uploads\/2021\/10\/e61fc98e-0cf6-4614-88a6-f078b1fa9f82-780x450-1.jpg",620,358,false],"large":["https:\/\/arantv.az\/wp-content\/uploads\/2021\/10\/e61fc98e-0cf6-4614-88a6-f078b1fa9f82-780x450-1.jpg",620,358,false],"1536x1536":["https:\/\/arantv.az\/wp-content\/uploads\/2021\/10\/e61fc98e-0cf6-4614-88a6-f078b1fa9f82-780x450-1.jpg",620,358,false],"2048x2048":["https:\/\/arantv.az\/wp-content\/uploads\/2021\/10\/e61fc98e-0cf6-4614-88a6-f078b1fa9f82-780x450-1.jpg",620,358,false],"post-thumbnail":["https:\/\/arantv.az\/wp-content\/uploads\/2021\/10\/e61fc98e-0cf6-4614-88a6-f078b1fa9f82-780x450-1-240x172.jpg",240,172,true],"advps-thumb-one":["https:\/\/arantv.az\/wp-content\/uploads\/2021\/10\/e61fc98e-0cf6-4614-88a6-f078b1fa9f82-780x450-1.jpg",620,358,false]},"rttpg_author":{"display_name":"V\u00fcsal Rafiqo\u011flu","author_link":"https:\/\/arantv.az\/?author=2"},"rttpg_comment":0,"rttpg_category":"<a href=\"https:\/\/arantv.az\/?cat=4\" rel=\"category\">Siyas\u0259t<\/a>","rttpg_excerpt":"Sirr deyil ki, x\u00fcsus\u0259n son bir ne\u00e7\u0259 ayda Az\u0259rbaycanla \u0130ran m\u00fcnasib\u0259tl\u0259rind\u0259 g\u0259rginlik m\u00fc\u015fahid\u0259 olunur. Buna s\u0259b\u0259b \u0130ran\u0131n ambisiyalar\u0131n\u0131n regionda yaranm\u0131\u015f yeni reall\u0131qlar\u0131 q\u0259bul ed\u0259 bilm\u0259m\u0259sidir. \u018fslind\u0259 regionda s\u00fclh v\u0259 \u0259min-amanl\u0131\u011f\u0131n b\u0259rpas\u0131, inki\u015faf v\u0259 t\u0259r\u0259qqinin artmas\u0131 anlam\u0131na g\u0259l\u0259 bil\u0259c\u0259k bu reall\u0131qlar \u00f6z\u00fcn\u00fc regionun a\u011fas\u0131 hesab ed\u0259n \u0130randa t\u0259hdid kimi q\u0259bul edilir. \u0130ran X\u0130N-in c\u0259f\u0259ng \u201csionist rejim\u201d&hellip;","_links":{"self":[{"href":"https:\/\/arantv.az\/index.php?rest_route=\/wp\/v2\/posts\/385041"}],"collection":[{"href":"https:\/\/arantv.az\/index.php?rest_route=\/wp\/v2\/posts"}],"about":[{"href":"https:\/\/arantv.az\/index.php?rest_route=\/wp\/v2\/types\/post"}],"author":[{"embeddable":true,"href":"https:\/\/arantv.az\/index.php?rest_route=\/wp\/v2\/users\/2"}],"replies":[{"embeddable":true,"href":"https:\/\/arantv.az\/index.php?rest_route=%2Fwp%2Fv2%2Fcomments&post=385041"}],"version-history":[{"count":0,"href":"https:\/\/arantv.az\/index.php?rest_route=\/wp\/v2\/posts\/385041\/revisions"}],"wp:featuredmedia":[{"embeddable":true,"href":"https:\/\/arantv.az\/index.php?rest_route=\/wp\/v2\/media\/385042"}],"wp:attachment":[{"href":"https:\/\/arantv.az\/index.php?rest_route=%2Fwp%2Fv2%2Fmedia&parent=385041"}],"wp:term":[{"taxonomy":"category","embeddable":true,"href":"https:\/\/arantv.az\/index.php?rest_route=%2Fwp%2Fv2%2Fcategories&post=385041"},{"taxonomy":"post_tag","embeddable":true,"href":"https:\/\/arantv.az\/index.php?rest_route=%2Fwp%2Fv2%2Ftags&post=385041"}],"curies":[{"name":"wp","href":"https:\/\/api.w.org\/{rel}","templated":true}]}}