{"id":385045,"date":"2021-10-01T19:45:28","date_gmt":"2021-10-01T16:45:28","guid":{"rendered":"http:\/\/arantv.az\/?p=385045"},"modified":"2021-10-01T19:45:28","modified_gmt":"2021-10-01T16:45:28","slug":"israil-s%c9%99firinin-ismarisi-v%c9%99-ya-az%c9%99rbaycan-uz%c9%99rind%c9%99n-basqa-olk%c9%99y%c9%99-mesaj-verm%c9%99k-lazim-deyil-s%c9%99rh","status":"publish","type":"post","link":"https:\/\/arantv.az\/?p=385045","title":{"rendered":"\u0130srail s\u0259firinin ismar\u0131\u015f\u0131 v\u0259 ya Az\u0259rbaycan \u00fcz\u0259rind\u0259n ba\u015fqa \u00f6lk\u0259y\u0259 mesaj verm\u0259k laz\u0131m deyil&#8230; \u2013 \u015e\u018fRH"},"content":{"rendered":"<p>Az\u0259rbaycan-\u0130ran m\u00fcnasib\u0259tl\u0259rinin cari v\u0259ziyy\u0259tind\u0259ki r\u0259ngl\u0259r son g\u00fcnl\u0259r t\u00fcndl\u0259\u015fib, Tehrandan h\u0259rbi t\u0259liml\u0259r fonunda gah dostluq mesajlar\u0131 g\u0259lir, gah da t\u0259hdid elementl\u0259rini \u00f6z\u00fcnd\u0259 ehtiva ed\u0259n a\u00e7\u0131qlamalar. Bak\u0131 is\u0259 strateji s\u0259br v\u0259 t\u0259mkinlilik n\u00fcmayi\u015f etdirir, bununla haql\u0131 arqumentl\u0259r qar\u015f\u0131s\u0131nda Tehrandan konstruktiv m\u00f6vqe g\u00f6zl\u0259yir.<\/p>\n<p>M\u00fcnasib\u0259tl\u0259rin k\u00f6vr\u0259k z\u0259min\u0259 q\u0259d\u0259m qoydu\u011fu bir zamanda suyu daha da buland\u0131rmaq c\u0259hdl\u0259ri, \u00fc\u00e7\u00fcnc\u00fc \u00f6lk\u0259l\u0259rin maraqlar\u0131n\u0131n \u00f6n\u0259 \u00e7\u0259kilm\u0259si hallar\u0131 da m\u00fc\u015fahid\u0259 edil\u0259 bil\u0259r.<\/p>\n<p>Az\u0259rbaycana t\u0259hdid varsa bel\u0259, buna d\u00f6vl\u0259timiz laz\u0131m bil\u0259nd\u0259 laz\u0131mi \u015f\u0259kild\u0259\u00a0etiraz edir v\u0259 ist\u0259nil\u0259n t\u0259xribat\u0131n da \u00e7alarlar\u0131n\u0131 m\u00fc\u0259yy\u0259nl\u0259\u015fdirir. Bel\u0259 h\u0259ssas m\u0259qamda haql\u0131 etirazlarla dig\u0259r hans\u0131sa s\u0259hv h\u0259r\u0259k\u0259t, yanl\u0131\u015f t\u0259\u0259ss\u00fcrat yaradacaq add\u0131mlar\u0131n s\u0259rh\u0259dini t\u0259yin etm\u0259k vacibdir.<\/p>\n<div id=\"AdviadNativeVideo0\" class=\"AdviadNativeVideo\"><\/div>\n<p>Az\u0259rbaycan\u0131n g\u00fccl\u00fc \u0259laq\u0259l\u0259ri olan \u00f6lk\u0259l\u0259rd\u0259n biri \u0130sraildir.\u00a0\u0130srail V\u0259t\u0259n m\u00fcharib\u0259sind\u0259 d\u0259 Bak\u0131ya siyasi d\u0259st\u0259k olub, d\u00f6y\u00fc\u015fl\u0259rd\u0259 bu \u00f6lk\u0259nin\u00a0silahlar\u0131 b\u00f6y\u00fck rol oynay\u0131b.<\/p>\n<p>\u0130srail\u0259 i\u015f\u011faldan azad edilmi\u015f \u0259razil\u0259rd\u0259 ke\u00e7iril\u0259n layih\u0259l\u0259rd\u0259 i\u015ftirak imkanlar\u0131 tan\u0131n\u0131b.<\/p>\n<p>Ancaq bir m\u0259s\u0259l\u0259d\u0259 \u0130sraili t\u0259nqid etm\u0259k \u00fc\u00e7\u00fcn \u0259sas\u0131n yarand\u0131\u011f\u0131n\u0131 s\u00f6yl\u0259m\u0259k haqq\u0131m\u0131z\u0131 da xat\u0131rladaca\u011fam.<\/p>\n<p>S\u00f6hb\u0259t ondan gedir ki, d\u00fcn\u0259n &#8211; sentyabr\u0131n 30-da \u0130srailin Az\u0259rbaycandak\u0131 s\u0259firi Corc Dik AB\u015e-\u0131n Az\u0259rbaycandak\u0131 s\u0259firi Li Litzenberger il\u0259 birlikd\u0259 Qubada olublar, da\u011f y\u0259hudil\u0259ri icmas\u0131n\u0131n ya\u015fad\u0131\u011f\u0131 Q\u0131rm\u0131z\u0131 Q\u0259s\u0259b\u0259y\u0259 ba\u015f \u00e7\u0259kibl\u0259r. \u00c7ox g\u00f6z\u0259l, bu, Az\u0259rbaycandak\u0131 tolerantl\u0131\u011fa \u0130srail v\u0259 AB\u015e t\u0259r\u0259find\u0259n y\u00fcks\u0259k siyasi d\u0259st\u0259k verm\u0259yin g\u00f6st\u0259ricisidir v\u0259 bunu t\u0259qdir edirik.<\/p>\n<p>S\u0259f\u0259rl\u0259 ba\u011fl\u0131 \u00f6z\u00fcn\u00fcn \u201cTwitter\u201d hesab\u0131nda payla\u015f\u0131m ed\u0259n Corc Dik is\u0259 Az\u0259rbaycandak\u0131 v\u0259ziyy\u0259ti \u0130ranla m\u00fcqayis\u0259 kontekstind\u0259 d\u0259y\u0259rl\u0259ndirib. Z\u0259nnimizc\u0259, burada b\u00f6y\u00fck x\u0259taya yol verib.<\/p>\n<p>\u00c7\u00fcnki c\u0259nab s\u0259fir burada dozan\u0131 bir az \u00e7oxald\u0131b, y\u0259ni \u0130rana qar\u015f\u0131 fikirl\u0259rini Az\u0259rbaycan \u00fcz\u0259rind\u0259n tirajlamaqla yum\u015faq des\u0259k, siyasi etika qaydalar\u0131na zidd davran\u0131b.<\/p>\n<p>Corc Dikin fikirl\u0259rin\u0259 diqq\u0259t ed\u0259k:<\/p>\n<p>\u201c\u0130ran \u0259razisind\u0259 ya\u015fayan dini v\u0259 etnik azl\u0131qlar\u0131 t\u0259zyiq alt\u0131nda saxlay\u0131r, ba\u015fqa \u00f6lk\u0259l\u0259rd\u0259 y\u0259hudil\u0259ri t\u0259qib edir. Bel\u0259 bir zamanda is\u0259 \u0130srail, AB\u015e v\u0259 Az\u0259rbaycan\u00a0tolerantl\u0131\u011f\u0131 v\u0259 m\u00fcxt\u0259lifliyi d\u0259st\u0259kl\u0259yir. Qubaya,\u00a0y\u0259hudi icmas\u0131na AB\u015e s\u0259firi il\u0259 birg\u0259 s\u0259f\u0259rimiz bar\u0259d\u0259 az da olsa, bunu dey\u0259 bil\u0259r\u0259m\u201d.<\/p>\n<p>C\u0259nab s\u0259fir, bilirik \u0130ranla \u0130srail bir-birin\u0259 qat\u0131 d\u00fc\u015fm\u0259n k\u0259silib, \u00fcf\u00fcqd\u0259 bu iki \u00f6lk\u0259nin bar\u0131\u015f\u0131q imkanlar\u0131 da g\u00f6r\u00fcnm\u00fcr. Fikir verin, sizin a\u00e7\u0131qlaman\u0131zdan sonra \u0130ran\u0131n Az\u0259rbaycandak\u0131 s\u0259firi d\u0259 cavab mesaj\u0131 il\u0259 \u00e7\u0131x\u0131\u015f etdi. Y\u0259ni, diplomatik d\u00f6y\u00fc\u015f meydan\u0131 \u00fc\u00e7\u00fcn Az\u0259rbaycandan ba\u015fqa \u00f6lk\u0259 tapmad\u0131n\u0131zm\u0131? S\u00f6hb\u0259t h\u0259r iki \u00f6lk\u0259 s\u0259firin\u0259 d\u0259 aiddir, amma birinci \u201cat\u0259\u015fi\u201d Corc Dikin a\u00e7d\u0131\u011f\u0131n\u0131 da etiraf etm\u0259liyik.<\/p>\n<p>Amma Bak\u0131-Tehran m\u00fcnasib\u0259tl\u0259rinin g\u0259rgin fazada\u00a0oldu\u011fu bir zamanda sizin b\u0259yanat\u0131n\u0131z he\u00e7 d\u0259 Bak\u0131n\u0131n xeyrin\u0259 deyil. Y\u0259ni, bel\u0259 b\u0259yanat \u00fc\u00e7\u00fcn ba\u015fqa platforma daha m\u0259qs\u0259d\u0259uy\u011fun olard\u0131.<\/p>\n<p>\u018fld\u0259 etdiyimiz m\u0259lumata \u0259sas\u0259n, Az\u0259rbaycan h\u00f6kum\u0259ti bu naraz\u0131l\u0131\u011f\u0131n\u0131 Corc Dik\u0259 \u00e7atd\u0131r\u0131b, eyni zamanda \u0130srail d\u00f6vl\u0259ti \u00f6z\u00fc d\u0259 s\u0259fir\u0259 x\u0259b\u0259rdarl\u0131q g\u00f6nd\u0259rib.<\/p>\n<p>H\u0259r \u015feyi obyektiv d\u0259y\u0259rl\u0259ndirm\u0259k laz\u0131md\u0131r, ona g\u00f6r\u0259 d\u0259, bu yaz\u0131n\u0131 yazmaq z\u0259rur\u0259tini hiss etdik.<\/p>\n","protected":false},"excerpt":{"rendered":"<p>Az\u0259rbaycan-\u0130ran m\u00fcnasib\u0259tl\u0259rinin cari v\u0259ziyy\u0259tind\u0259ki r\u0259ngl\u0259r son g\u00fcnl\u0259r t\u00fcndl\u0259\u015fib, Tehrandan h\u0259rbi t\u0259liml\u0259r fonunda gah dostluq mesajlar\u0131 g\u0259lir, gah da t\u0259hdid elementl\u0259rini \u00f6z\u00fcnd\u0259 ehtiva ed\u0259n a\u00e7\u0131qlamalar. Bak\u0131 is\u0259 strateji s\u0259br v\u0259 t\u0259mkinlilik n\u00fcmayi\u015f etdirir, bununla haql\u0131 arqumentl\u0259r qar\u015f\u0131s\u0131nda Tehrandan konstruktiv m\u00f6vqe g\u00f6zl\u0259yir. M\u00fcnasib\u0259tl\u0259rin k\u00f6vr\u0259k z\u0259min\u0259 q\u0259d\u0259m qoydu\u011fu bir zamanda suyu daha da buland\u0131rmaq c\u0259hdl\u0259ri, \u00fc\u00e7\u00fcnc\u00fc \u00f6lk\u0259l\u0259rin maraqlar\u0131n\u0131n \u00f6n\u0259 \u00e7\u0259kilm\u0259si hallar\u0131 da m\u00fc\u015fahid\u0259 edil\u0259 bil\u0259r. Az\u0259rbaycana t\u0259hdid varsa bel\u0259, buna d\u00f6vl\u0259timiz laz\u0131m bil\u0259nd\u0259 laz\u0131mi \u015f\u0259kild\u0259\u00a0etiraz edir v\u0259 ist\u0259nil\u0259n t\u0259xribat\u0131n da \u00e7alarlar\u0131n\u0131 m\u00fc\u0259yy\u0259nl\u0259\u015fdirir. Bel\u0259 h\u0259ssas m\u0259qamda haql\u0131 etirazlarla dig\u0259r hans\u0131sa s\u0259hv h\u0259r\u0259k\u0259t, yanl\u0131\u015f t\u0259\u0259ss\u00fcrat&hellip;<\/p>\n","protected":false},"author":2,"featured_media":385046,"comment_status":"closed","ping_status":"closed","sticky":false,"template":"","format":"standard","meta":{"om_disable_all_campaigns":false,"_monsterinsights_skip_tracking":false,"_monsterinsights_sitenote_active":false,"_monsterinsights_sitenote_note":"","_monsterinsights_sitenote_category":0},"categories":[4],"tags":[],"aioseo_notices":[],"gutentor_comment":0,"rttpg_featured_image_url":{"full":["https:\/\/arantv.az\/wp-content\/uploads\/2021\/10\/ded7e4b4-87cc-48a0-a702-0928ae9f6b58.jpg",620,349,false],"landscape":["https:\/\/arantv.az\/wp-content\/uploads\/2021\/10\/ded7e4b4-87cc-48a0-a702-0928ae9f6b58.jpg",620,349,false],"portraits":["https:\/\/arantv.az\/wp-content\/uploads\/2021\/10\/ded7e4b4-87cc-48a0-a702-0928ae9f6b58.jpg",620,349,false],"thumbnail":["https:\/\/arantv.az\/wp-content\/uploads\/2021\/10\/ded7e4b4-87cc-48a0-a702-0928ae9f6b58-500x280.jpg",500,280,true],"medium":["https:\/\/arantv.az\/wp-content\/uploads\/2021\/10\/ded7e4b4-87cc-48a0-a702-0928ae9f6b58.jpg",620,349,false],"large":["https:\/\/arantv.az\/wp-content\/uploads\/2021\/10\/ded7e4b4-87cc-48a0-a702-0928ae9f6b58.jpg",620,349,false],"1536x1536":["https:\/\/arantv.az\/wp-content\/uploads\/2021\/10\/ded7e4b4-87cc-48a0-a702-0928ae9f6b58.jpg",620,349,false],"2048x2048":["https:\/\/arantv.az\/wp-content\/uploads\/2021\/10\/ded7e4b4-87cc-48a0-a702-0928ae9f6b58.jpg",620,349,false],"post-thumbnail":["https:\/\/arantv.az\/wp-content\/uploads\/2021\/10\/ded7e4b4-87cc-48a0-a702-0928ae9f6b58-240x172.jpg",240,172,true],"advps-thumb-one":["https:\/\/arantv.az\/wp-content\/uploads\/2021\/10\/ded7e4b4-87cc-48a0-a702-0928ae9f6b58.jpg",620,349,false]},"rttpg_author":{"display_name":"V\u00fcsal Rafiqo\u011flu","author_link":"https:\/\/arantv.az\/?author=2"},"rttpg_comment":0,"rttpg_category":"<a href=\"https:\/\/arantv.az\/?cat=4\" rel=\"category\">Siyas\u0259t<\/a>","rttpg_excerpt":"Az\u0259rbaycan-\u0130ran m\u00fcnasib\u0259tl\u0259rinin cari v\u0259ziyy\u0259tind\u0259ki r\u0259ngl\u0259r son g\u00fcnl\u0259r t\u00fcndl\u0259\u015fib, Tehrandan h\u0259rbi t\u0259liml\u0259r fonunda gah dostluq mesajlar\u0131 g\u0259lir, gah da t\u0259hdid elementl\u0259rini \u00f6z\u00fcnd\u0259 ehtiva ed\u0259n a\u00e7\u0131qlamalar. Bak\u0131 is\u0259 strateji s\u0259br v\u0259 t\u0259mkinlilik n\u00fcmayi\u015f etdirir, bununla haql\u0131 arqumentl\u0259r qar\u015f\u0131s\u0131nda Tehrandan konstruktiv m\u00f6vqe g\u00f6zl\u0259yir. M\u00fcnasib\u0259tl\u0259rin k\u00f6vr\u0259k z\u0259min\u0259 q\u0259d\u0259m qoydu\u011fu bir zamanda suyu daha da buland\u0131rmaq c\u0259hdl\u0259ri, \u00fc\u00e7\u00fcnc\u00fc \u00f6lk\u0259l\u0259rin maraqlar\u0131n\u0131n&hellip;","_links":{"self":[{"href":"https:\/\/arantv.az\/index.php?rest_route=\/wp\/v2\/posts\/385045"}],"collection":[{"href":"https:\/\/arantv.az\/index.php?rest_route=\/wp\/v2\/posts"}],"about":[{"href":"https:\/\/arantv.az\/index.php?rest_route=\/wp\/v2\/types\/post"}],"author":[{"embeddable":true,"href":"https:\/\/arantv.az\/index.php?rest_route=\/wp\/v2\/users\/2"}],"replies":[{"embeddable":true,"href":"https:\/\/arantv.az\/index.php?rest_route=%2Fwp%2Fv2%2Fcomments&post=385045"}],"version-history":[{"count":0,"href":"https:\/\/arantv.az\/index.php?rest_route=\/wp\/v2\/posts\/385045\/revisions"}],"wp:featuredmedia":[{"embeddable":true,"href":"https:\/\/arantv.az\/index.php?rest_route=\/wp\/v2\/media\/385046"}],"wp:attachment":[{"href":"https:\/\/arantv.az\/index.php?rest_route=%2Fwp%2Fv2%2Fmedia&parent=385045"}],"wp:term":[{"taxonomy":"category","embeddable":true,"href":"https:\/\/arantv.az\/index.php?rest_route=%2Fwp%2Fv2%2Fcategories&post=385045"},{"taxonomy":"post_tag","embeddable":true,"href":"https:\/\/arantv.az\/index.php?rest_route=%2Fwp%2Fv2%2Ftags&post=385045"}],"curies":[{"name":"wp","href":"https:\/\/api.w.org\/{rel}","templated":true}]}}