{"id":385055,"date":"2021-10-01T19:49:28","date_gmt":"2021-10-01T16:49:28","guid":{"rendered":"http:\/\/arantv.az\/?p=385055"},"modified":"2021-10-01T19:49:28","modified_gmt":"2021-10-01T16:49:28","slug":"turkiy%c9%99-milli-mudafi%c9%99-nazirinin-muavini-naxcivanda-isguzar-s%c9%99f%c9%99rd%c9%99-olub-foto-video","status":"publish","type":"post","link":"https:\/\/arantv.az\/?p=385055","title":{"rendered":"T\u00fcrkiy\u0259 Milli m\u00fcdafi\u0259 nazirinin m\u00fcavini Nax\u00e7\u0131vanda i\u015fg\u00fczar s\u0259f\u0259rd\u0259 olub &#8211; FOTO\/V\u0130DEO"},"content":{"rendered":"<p>T\u00fcrkiy\u0259 Respublikas\u0131 Milli m\u00fcdafi\u0259 nazirinin m\u00fcavini Muhsin Derenin r\u0259hb\u0259rlik etdiyi n\u00fcmay\u0259nd\u0259 hey\u0259ti Nax\u00e7\u0131van Muxtar Respublikas\u0131nda i\u015fg\u00fczar s\u0259f\u0259rd\u0259 olub.<\/p>\n<p>Bu bar\u0259d\u0259 M\u00fcdafi\u0259 Nazirliyi m\u0259lumat yay\u0131b.<\/p>\n<p>Bildirilib ki, n\u00fcmay\u0259nd\u0259 hey\u0259ti ulu \u00f6nd\u0259r Heyd\u0259r \u018fliyevin Nax\u00e7\u0131van \u015f\u0259h\u0259rinin ba\u015f meydan\u0131nda ucalan abid\u0259si \u00f6n\u00fcn\u0259 g\u00fcl d\u0259st\u0259si qoyub v\u0259 Heyd\u0259r \u018fliyev Muzeyini ziyar\u0259t edib. Muzeyi ziyar\u0259t ed\u0259n qonaqlar \u00fcmummilli liderimizin v\u0259t\u0259nimiz Az\u0259rbaycana h\u0259sr etdiyi m\u0259nal\u0131 \u00f6m\u00fcr yolunu \u00f6z\u00fcnd\u0259 \u0259ks etdir\u0259n eksponatlarla yax\u0131ndan tan\u0131\u015f olublar.<\/p>\n<div id=\"AdviadNativeVideo0\" class=\"AdviadNativeVideo\"><\/div>\n<p>T\u00fcrkiy\u0259 Milli M\u00fcdafi\u0259 Nazirliyinin n\u00fcmay\u0259nd\u0259 hey\u0259ti Mustafa \u00adKamal Atat\u00fcrk\u00fcn Nax\u00e7\u0131van \u015f\u0259h\u0259rind\u0259ki b\u00fcst\u00fcn\u00fc ziyar\u0259t ed\u0259r\u0259k \u00f6n\u00fcn\u0259 g\u00fcl d\u0259st\u0259si qoyub.<\/p>\n<p>Qonaqlar Nax\u00e7\u0131van \u015f\u0259h\u0259rind\u0259ki T\u00fcrk \u015f\u0259hidl\u0259ri abid\u0259sini, \u015e\u0259hidl\u0259r xiyaban\u0131n\u0131 v\u0259 Ana f\u0259ryad\u0131 xatir\u0259 heyk\u0259lini ziyar\u0259t edibl\u0259r.<\/p>\n<p>\u018flahidd\u0259 \u00dcmumqo\u015fun Ordu komandan\u0131, general-polkovnik K\u0259r\u0259m Mustafayev Nax\u00e7\u0131van Muxtar Respublikas\u0131nda i\u015fg\u00fczar s\u0259f\u0259rd\u0259 olan T\u00fcrkiy\u0259 Respublikas\u0131 Milli m\u00fcdafi\u0259 nazirinin m\u00fcavini Muhsin Derenin r\u0259hb\u0259rlik etdiyi n\u00fcmay\u0259nd\u0259 hey\u0259ti il\u0259 g\u00f6r\u00fc\u015f\u00fcb. G\u00f6r\u00fc\u015fd\u0259 Az\u0259rbaycan v\u0259 T\u00fcrkiy\u0259 Respublikalar\u0131 aras\u0131nda imzalanm\u0131\u015f h\u0259rbi \u0259m\u0259kda\u015fl\u0131q haqq\u0131nda sazi\u015f\u0259 \u0259sas\u0259n ke\u00e7iril\u0259n birg\u0259 t\u0259liml\u0259rin v\u0259 haz\u0131rda u\u011furla davam ed\u0259n \u201cSars\u0131lmaz qarda\u015fl\u0131q-2021\u201d birg\u0259 d\u00f6y\u00fc\u015f at\u0131\u015fl\u0131 taktiki t\u0259liminin h\u0259r iki qarda\u015f \u00f6lk\u0259nin h\u0259rbi qulluq\u00e7ular\u0131na qazand\u0131rd\u0131\u011f\u0131 t\u0259cr\u00fcb\u0259nin \u0259h\u0259miyy\u0259tind\u0259n dan\u0131\u015f\u0131l\u0131b. B\u00f6y\u00fck \u00f6nd\u0259rl\u0259rimiz Heyd\u0259r \u018fliyevin \u201cBir mill\u0259t, iki d\u00f6vl\u0259t\u201d v\u0259 Mustafa Kamal Atat\u00fcrk\u00fcn \u201cAz\u0259rbaycan\u0131n sevinci bizim sevincimiz, k\u0259d\u0259ri bizim k\u0259d\u0259rimizdir\u201d \u015f\u00fcar\u0131 ke\u00e7iril\u0259n t\u0259liml\u0259rd\u0259 v\u0259 ixtisas haz\u0131rl\u0131\u011f\u0131 kurslar\u0131nda birliyimizin v\u0259 b\u0259rab\u0259rliyimizin ifad\u0259sin\u0259 \u00e7evrildiyi diqq\u0259t\u0259 \u00e7atd\u0131r\u0131l\u0131b.<\/p>\n<p>G\u00f6r\u00fc\u015fd\u0259n sonra \u018flahidd\u0259 \u00dcmumqo\u015fun Ordunun h\u0259rbi zavodu il\u0259 tan\u0131\u015fl\u0131q zaman\u0131 n\u00fcmay\u0259nd\u0259 hey\u0259tin\u0259 burada g\u00f6r\u00fcl\u0259n i\u015fl\u0259r bar\u0259d\u0259 \u0259trafl\u0131 m\u0259lumat verilib.<\/p>\n<p>\u0130\u015fg\u00fczar s\u0259f\u0259r \u00e7\u0259r\u00e7iv\u0259sind\u0259 Nax\u00e7\u0131van \u015f\u0259h\u0259rind\u0259 sal\u0131nan T\u00fcrkiy\u0259-Nax\u00e7\u0131van Dostluq Park\u0131nda a\u011fac\u0259km\u0259 aksiyas\u0131 ke\u00e7irilib v\u0259 Duzda\u011f Fizioterapiya M\u0259rk\u0259zi ziyar\u0259t olunub.<\/p>\n<p>Oktyabr\u0131n 1-d\u0259 T\u00fcrkiy\u0259 Respublikas\u0131 Milli m\u00fcdafi\u0259 nazirinin m\u00fcavini Muhsin Derenin r\u0259hb\u0259rlik etdiyi n\u00fcmay\u0259nd\u0259 hey\u0259tinin Nax\u00e7\u0131van Muxtar Respublikas\u0131na i\u015fg\u00fczar s\u0259f\u0259ri ba\u015fa \u00e7at\u0131b.<\/p>\n<div><iframe loading=\"lazy\" title=\"YouTube video player\" src=\"https:\/\/www.youtube.com\/embed\/jvGZ8LoiSuQ\" width=\"560\" height=\"315\" frameborder=\"0\" allowfullscreen=\"allowfullscreen\" data-mce-fragment=\"1\"><\/iframe><\/div>\n<p>&nbsp;<\/p>\n<div class=\"gallery\">\n<div class=\"gallery-i\"><img src=\"https:\/\/cdn.oxu.az\/uploads\/W1siZiIsIjIwMjEvMTAvMDEvMjAvNDIvMDAvYTRmYWRmYmMtMDg1My00NmZkLTllZTEtOGVhZmVhMmNhNmNmL2UzMDBlZGI4LTBlNGItM2I3MC04YWY5LTQ3MDEzNzg1Yzg0MC5qcGciXSxbInAiLCJlbmNvZGUiLCJqcGciLCItcXVhbGl0eSA4MCJdLFsicCIsInRodW1iIiwiNTkweDU5MFx1MDAzZSJdXQ?sha=359d6d8e3499202e\" alt=\"\" \/><\/p>\n<div class=\"gallery-i-caption\"><\/div>\n<\/div>\n<div class=\"gallery-i\"><img src=\"https:\/\/cdn.oxu.az\/uploads\/W1siZiIsIjIwMjEvMTAvMDEvMjAvNDIvMDAvNTJiZDU2YjUtMGIyMy00NmE1LTg5MmYtNTRmNjFkNjk0Mjg4LzQyOGVjYjdjLTgxYmQtMzkxOC1hMWY3LWI2YTNhNDc0ODM1ZS5qcGciXSxbInAiLCJlbmNvZGUiLCJqcGciLCItcXVhbGl0eSA4MCJdLFsicCIsInRodW1iIiwiNTkweDU5MFx1MDAzZSJdXQ?sha=c441fef6b31a27d0\" alt=\"\" \/><\/p>\n<div class=\"gallery-i-caption\"><\/div>\n<\/div>\n<div class=\"gallery-i\"><img src=\"https:\/\/cdn.oxu.az\/uploads\/W1siZiIsIjIwMjEvMTAvMDEvMjAvNDIvMDEvMDk4ZjY2ZDktNzAwMC00NzU3LWIxNWQtNjI1NDljZTkwYzY1LzFhZGI0OTgzLTQyMzYtM2M2Yy05OThhLTE3ZTVmZmYwMTE5Mi5qcGciXSxbInAiLCJlbmNvZGUiLCJqcGciLCItcXVhbGl0eSA4MCJdLFsicCIsInRodW1iIiwiNTkweDU5MFx1MDAzZSJdXQ?sha=4e350a861b076261\" alt=\"\" \/><\/p>\n<div class=\"gallery-i-caption\"><\/div>\n<\/div>\n<div class=\"gallery-i\"><img src=\"https:\/\/cdn.oxu.az\/uploads\/W1siZiIsIjIwMjEvMTAvMDEvMjAvNDIvMDEvZWNkMmMzYzktMjBiMS00Y2E2LTkyNzctNzNjODRmMWJiM2U5L2YzMWQxNWM5LWQzNDgtMzNlOC04MDI4LWExOGRjOGRkNTU0Ni5qcGciXSxbInAiLCJlbmNvZGUiLCJqcGciLCItcXVhbGl0eSA4MCJdLFsicCIsInRodW1iIiwiNTkweDU5MFx1MDAzZSJdXQ?sha=9ffafc45d2a72edf\" alt=\"\" \/><\/p>\n<div class=\"gallery-i-caption\"><\/div>\n<\/div>\n<div class=\"gallery-i\"><img src=\"https:\/\/cdn.oxu.az\/uploads\/W1siZiIsIjIwMjEvMTAvMDEvMjAvNDIvMDEvNWNlYTk0ZTQtNjI0NC00MTc5LTlhNjUtN2VkNzIzYzQ5ZWEwLzhmNThjZjI1LTk0NDYtM2NjYS04YzIwLWRiYmFkNzE1NDRhYi5qcGciXSxbInAiLCJlbmNvZGUiLCJqcGciLCItcXVhbGl0eSA4MCJdLFsicCIsInRodW1iIiwiNTkweDU5MFx1MDAzZSJdXQ?sha=18e3d6b29bede25b\" alt=\"\" \/><\/p>\n<div class=\"gallery-i-caption\"><\/div>\n<\/div>\n<div class=\"gallery-i\"><img src=\"https:\/\/cdn.oxu.az\/uploads\/W1siZiIsIjIwMjEvMTAvMDEvMjAvNDIvMDEvYjEyZTE1YjUtN2VmYy00YjJjLTlhMDItZGM2ZTI1YmYxOGIwL2U1YWY5MWViLWE5Y2EtMzAxOS05YTZiLTEzOTQzNDQ3MDg3MS5qcGciXSxbInAiLCJlbmNvZGUiLCJqcGciLCItcXVhbGl0eSA4MCJdLFsicCIsInRodW1iIiwiNTkweDU5MFx1MDAzZSJdXQ?sha=2177648b15ceefe8\" alt=\"\" \/><\/p>\n<div class=\"gallery-i-caption\"><\/div>\n<\/div>\n<div class=\"gallery-i\"><img src=\"https:\/\/cdn.oxu.az\/uploads\/W1siZiIsIjIwMjEvMTAvMDEvMjAvNDIvMDEvNzUzMmFjMDgtNWY4ZC00NTM2LWE0MjctNDcwODAyOTRmYjkyL2VlYWY5YWJjLWZjZWQtMzcxOS1iZjc3LWVkZDkyMGFjMDMyOS5qcGciXSxbInAiLCJlbmNvZGUiLCJqcGciLCItcXVhbGl0eSA4MCJdLFsicCIsInRodW1iIiwiNTkweDU5MFx1MDAzZSJdXQ?sha=f652f20b521320a3\" alt=\"\" \/><\/p>\n<div class=\"gallery-i-caption\"><\/div>\n<\/div>\n<div class=\"gallery-i\"><img src=\"https:\/\/cdn.oxu.az\/uploads\/W1siZiIsIjIwMjEvMTAvMDEvMjAvNDIvMDEvNmQ0M2ZlNTYtZjRmOC00ZmViLTkzMjAtZGQ5MzUwOTZmMmQ4L2U0NmY2ZjBhLWNiOTctMzViNS04NTFkLWI3MWI5MmU2Mjc3OS5qcGciXSxbInAiLCJlbmNvZGUiLCJqcGciLCItcXVhbGl0eSA4MCJdLFsicCIsInRodW1iIiwiNTkweDU5MFx1MDAzZSJdXQ?sha=428c9da94cb4c4a3\" alt=\"\" \/><\/p>\n<div class=\"gallery-i-caption\"><\/div>\n<\/div>\n<div class=\"gallery-i\"><img src=\"https:\/\/cdn.oxu.az\/uploads\/W1siZiIsIjIwMjEvMTAvMDEvMjAvNDIvMDEvZDg4OGZjNWUtMDIzZi00NTQzLWJjOGItMzQyZmJmMTMxM2YzL2ZmZWI3NGY2LTBhN2YtM2I1Ny1hN2UwLTc3MTkyNTNhNGVjNy5qcGciXSxbInAiLCJlbmNvZGUiLCJqcGciLCItcXVhbGl0eSA4MCJdLFsicCIsInRodW1iIiwiNTkweDU5MFx1MDAzZSJdXQ?sha=ebedd69442dc3a31\" alt=\"\" \/><\/div>\n<\/div>\n","protected":false},"excerpt":{"rendered":"<p>T\u00fcrkiy\u0259 Respublikas\u0131 Milli m\u00fcdafi\u0259 nazirinin m\u00fcavini Muhsin Derenin r\u0259hb\u0259rlik etdiyi n\u00fcmay\u0259nd\u0259 hey\u0259ti Nax\u00e7\u0131van Muxtar Respublikas\u0131nda i\u015fg\u00fczar s\u0259f\u0259rd\u0259 olub. Bu bar\u0259d\u0259 M\u00fcdafi\u0259 Nazirliyi m\u0259lumat yay\u0131b. Bildirilib ki, n\u00fcmay\u0259nd\u0259 hey\u0259ti ulu \u00f6nd\u0259r Heyd\u0259r \u018fliyevin Nax\u00e7\u0131van \u015f\u0259h\u0259rinin ba\u015f meydan\u0131nda ucalan abid\u0259si \u00f6n\u00fcn\u0259 g\u00fcl d\u0259st\u0259si qoyub v\u0259 Heyd\u0259r \u018fliyev Muzeyini ziyar\u0259t edib. Muzeyi ziyar\u0259t ed\u0259n qonaqlar \u00fcmummilli liderimizin v\u0259t\u0259nimiz Az\u0259rbaycana h\u0259sr etdiyi m\u0259nal\u0131 \u00f6m\u00fcr yolunu \u00f6z\u00fcnd\u0259 \u0259ks etdir\u0259n eksponatlarla yax\u0131ndan tan\u0131\u015f olublar. T\u00fcrkiy\u0259 Milli M\u00fcdafi\u0259 Nazirliyinin n\u00fcmay\u0259nd\u0259 hey\u0259ti Mustafa \u00adKamal Atat\u00fcrk\u00fcn Nax\u00e7\u0131van \u015f\u0259h\u0259rind\u0259ki b\u00fcst\u00fcn\u00fc ziyar\u0259t ed\u0259r\u0259k \u00f6n\u00fcn\u0259 g\u00fcl d\u0259st\u0259si qoyub. Qonaqlar Nax\u00e7\u0131van \u015f\u0259h\u0259rind\u0259ki T\u00fcrk&hellip;<\/p>\n","protected":false},"author":2,"featured_media":385056,"comment_status":"closed","ping_status":"closed","sticky":false,"template":"","format":"standard","meta":{"om_disable_all_campaigns":false,"_monsterinsights_skip_tracking":false,"_monsterinsights_sitenote_active":false,"_monsterinsights_sitenote_note":"","_monsterinsights_sitenote_category":0},"categories":[26],"tags":[],"aioseo_notices":[],"gutentor_comment":0,"rttpg_featured_image_url":{"full":["https:\/\/arantv.az\/wp-content\/uploads\/2021\/10\/FotoJet-2021-10-01T204127.995.jpg",620,413,false],"landscape":["https:\/\/arantv.az\/wp-content\/uploads\/2021\/10\/FotoJet-2021-10-01T204127.995.jpg",620,413,false],"portraits":["https:\/\/arantv.az\/wp-content\/uploads\/2021\/10\/FotoJet-2021-10-01T204127.995.jpg",620,413,false],"thumbnail":["https:\/\/arantv.az\/wp-content\/uploads\/2021\/10\/FotoJet-2021-10-01T204127.995-500x280.jpg",500,280,true],"medium":["https:\/\/arantv.az\/wp-content\/uploads\/2021\/10\/FotoJet-2021-10-01T204127.995-548x365.jpg",548,365,true],"large":["https:\/\/arantv.az\/wp-content\/uploads\/2021\/10\/FotoJet-2021-10-01T204127.995.jpg",620,413,false],"1536x1536":["https:\/\/arantv.az\/wp-content\/uploads\/2021\/10\/FotoJet-2021-10-01T204127.995.jpg",620,413,false],"2048x2048":["https:\/\/arantv.az\/wp-content\/uploads\/2021\/10\/FotoJet-2021-10-01T204127.995.jpg",620,413,false],"post-thumbnail":["https:\/\/arantv.az\/wp-content\/uploads\/2021\/10\/FotoJet-2021-10-01T204127.995-240x172.jpg",240,172,true],"advps-thumb-one":["https:\/\/arantv.az\/wp-content\/uploads\/2021\/10\/FotoJet-2021-10-01T204127.995.jpg",620,413,false]},"rttpg_author":{"display_name":"V\u00fcsal Rafiqo\u011flu","author_link":"https:\/\/arantv.az\/?author=2"},"rttpg_comment":0,"rttpg_category":"<a href=\"https:\/\/arantv.az\/?cat=26\" rel=\"category\">Sosial<\/a>","rttpg_excerpt":"T\u00fcrkiy\u0259 Respublikas\u0131 Milli m\u00fcdafi\u0259 nazirinin m\u00fcavini Muhsin Derenin r\u0259hb\u0259rlik etdiyi n\u00fcmay\u0259nd\u0259 hey\u0259ti Nax\u00e7\u0131van Muxtar Respublikas\u0131nda i\u015fg\u00fczar s\u0259f\u0259rd\u0259 olub. Bu bar\u0259d\u0259 M\u00fcdafi\u0259 Nazirliyi m\u0259lumat yay\u0131b. Bildirilib ki, n\u00fcmay\u0259nd\u0259 hey\u0259ti ulu \u00f6nd\u0259r Heyd\u0259r \u018fliyevin Nax\u00e7\u0131van \u015f\u0259h\u0259rinin ba\u015f meydan\u0131nda ucalan abid\u0259si \u00f6n\u00fcn\u0259 g\u00fcl d\u0259st\u0259si qoyub v\u0259 Heyd\u0259r \u018fliyev Muzeyini ziyar\u0259t edib. Muzeyi ziyar\u0259t ed\u0259n qonaqlar \u00fcmummilli liderimizin v\u0259t\u0259nimiz&hellip;","_links":{"self":[{"href":"https:\/\/arantv.az\/index.php?rest_route=\/wp\/v2\/posts\/385055"}],"collection":[{"href":"https:\/\/arantv.az\/index.php?rest_route=\/wp\/v2\/posts"}],"about":[{"href":"https:\/\/arantv.az\/index.php?rest_route=\/wp\/v2\/types\/post"}],"author":[{"embeddable":true,"href":"https:\/\/arantv.az\/index.php?rest_route=\/wp\/v2\/users\/2"}],"replies":[{"embeddable":true,"href":"https:\/\/arantv.az\/index.php?rest_route=%2Fwp%2Fv2%2Fcomments&post=385055"}],"version-history":[{"count":0,"href":"https:\/\/arantv.az\/index.php?rest_route=\/wp\/v2\/posts\/385055\/revisions"}],"wp:featuredmedia":[{"embeddable":true,"href":"https:\/\/arantv.az\/index.php?rest_route=\/wp\/v2\/media\/385056"}],"wp:attachment":[{"href":"https:\/\/arantv.az\/index.php?rest_route=%2Fwp%2Fv2%2Fmedia&parent=385055"}],"wp:term":[{"taxonomy":"category","embeddable":true,"href":"https:\/\/arantv.az\/index.php?rest_route=%2Fwp%2Fv2%2Fcategories&post=385055"},{"taxonomy":"post_tag","embeddable":true,"href":"https:\/\/arantv.az\/index.php?rest_route=%2Fwp%2Fv2%2Ftags&post=385055"}],"curies":[{"name":"wp","href":"https:\/\/api.w.org\/{rel}","templated":true}]}}