{"id":385058,"date":"2021-10-01T19:51:00","date_gmt":"2021-10-01T16:51:00","guid":{"rendered":"http:\/\/arantv.az\/?p=385058"},"modified":"2021-10-01T19:51:00","modified_gmt":"2021-10-01T16:51:00","slug":"ir%c9%99li-ib-muz%c9%99ff%c9%99r-%c9%99sg%c9%99rimiz-layih%c9%99sini-davam-etdirir-video","status":"publish","type":"post","link":"https:\/\/arantv.az\/?p=385058","title":{"rendered":"\u201c\u0130r\u0259li\u201d \u0130B \u201cM\u00fcz\u0259ff\u0259r \u018fsg\u0259rimiz\u201d layih\u0259sini davam etdirir V\u0130DEO"},"content":{"rendered":"<div class=\"content lead font-weight-normal\">\n<p>\u201c\u0130r\u0259li\u201d \u0130ctimai Birliyi t\u0259r\u0259find\u0259n g\u0259ncl\u0259rd\u0259 v\u0259t\u0259np\u0259rv\u0259rlik hissinin a\u015f\u0131lanmas\u0131 v\u0259 g\u0259ncl\u0259rimizin bu ruhda t\u0259rbiy\u0259 almas\u0131 istiqam\u0259tind\u0259 paytaxtda v\u0259 b\u00f6lg\u0259l\u0259rimizd\u0259 silsil\u0259 t\u0259dbirl\u0259r realla\u015fd\u0131r\u0131l\u0131r.<\/p>\n<p>Bununla \u0259laq\u0259dar olaraq \u201c\u0130r\u0259li\u201d \u0130ctimai Birliyi Az\u0259rbaycan G\u0259ncl\u0259r Fondunun d\u0259st\u0259yi il\u0259 \u201cM\u00fcz\u0259ff\u0259r \u018fsg\u0259rimiz\u201d layih\u0259sini h\u0259yata ke\u00e7irir. Layih\u0259 44 g\u00fcnl\u00fck V\u0259t\u0259n m\u00fcharib\u0259sind\u0259 \u00f6lk\u0259mizin \u0259razi b\u00fct\u00f6vl\u00fcy\u00fc u\u011frunda canlar\u0131ndan ke\u00e7mi\u015f q\u0259hr\u0259manlar\u0131m\u0131z\u0131n xatir\u0259sinin \u0259b\u0259dil\u0259\u015fdirilm\u0259si m\u0259qs\u0259dini da\u015f\u0131y\u0131r.<\/p>\n<p>Layih\u0259 \u00e7\u0259r\u00e7iv\u0259sind\u0259 \u0259vv\u0259lc\u0259d\u0259n m\u00fc\u0259yy\u0259n olunmu\u015f 14 \u015f\u0259h\u0259r v\u0259 rayona g\u0259ncl\u0259rin s\u0259f\u0259ri n\u0259z\u0259rd\u0259 tutulur. \u0130ndiy\u0259d\u0259k Bak\u0131 \u015f\u0259h\u0259ri, Masall\u0131, Quba, Qusar, Neft\u00e7ala v\u0259 Bil\u0259suvar rayonlar\u0131na s\u0259f\u0259rl\u0259r t\u0259\u015fkil olunub. S\u0259f\u0259r zaman\u0131 \u201c\u0130r\u0259li\u201d komandas\u0131 q\u0259hr\u0259man \u015f\u0259hid v\u0259 qazil\u0259rimizin ail\u0259 \u00fczvl\u0259rini ziyar\u0259t edib. G\u00f6r\u00fc\u015fl\u0259rd\u0259 \u015f\u0259hidl\u0259rimizin h\u0259yat yolundan, onlar\u0131n u\u015faql\u0131q xatir\u0259l\u0259rind\u0259n, V\u0259t\u0259n t\u0259\u0259ss\u00fcbke\u015fliyind\u0259n dan\u0131\u015f\u0131l\u0131b. Ziyar\u0259t olunan ail\u0259l\u0259r\u0259 q\u0259hr\u0259manlar\u0131m\u0131z\u0131n \u0259ziz xatir\u0259sin\u0259 h\u0259sr olunmu\u015f portret t\u0259qdim edilib.<\/p>\n<p>\u201cM\u00fcz\u0259ff\u0259r \u018fsg\u0259rimiz\u201d layih\u0259si \u00e7\u0259r\u00e7iv\u0259sind\u0259 \u015f\u0259hidl\u0259rin, qazil\u0259rin h\u0259yat hekay\u0259l\u0259rini, onlar\u0131n ke\u00e7diyi d\u00f6y\u00fc\u015f yolunu ictimaiyy\u0259t\u0259 \u00e7atd\u0131rmaq m\u0259qs\u0259dil\u0259 \u00fcmumilikd\u0259 7 q\u0131sametrajl\u0131 video\u00e7arx \u00e7\u0259kil\u0259c\u0259k. \u00c7\u0259kili\u015fl\u0259rd\u0259 x\u00fcsusi olaraq m\u00fcxt\u0259lif etnik qruplardan olan q\u0259hr\u0259manlar\u0131m\u0131z yer alacaq. Burada \u0259sas m\u0259qs\u0259d ulu \u00f6nd\u0259r Heyd\u0259r \u018fliyevin banisi oldu\u011fu az\u0259rbaycan\u00e7\u0131l\u0131q ideologiyas\u0131n\u0131n \u0259h\u0259miyy\u0259tini diqq\u0259t\u0259 \u00e7atd\u0131rmaqdan ibar\u0259tdir.<\/p>\n<p>Bununla yana\u015f\u0131, V\u0259t\u0259n m\u00fcharib\u0259si zaman\u0131 b\u00fct\u00fcn mill\u0259tl\u0259rin, etnik qruplar\u0131n n\u00fcmay\u0259nd\u0259l\u0259rinin i\u015ftirak\u0131n\u0131 vur\u011fulamaq, bel\u0259likl\u0259, xalq\u0131m\u0131z\u0131n V\u0259t\u0259n sevgisi, vahid dil v\u0259 d\u00f6vl\u0259t\u00e7ilik namin\u0259 g\u00fccl\u00fc konsolidasiyas\u0131n\u0131 \u00f6lk\u0259 ictimaiyy\u0259tin\u0259 \u00e7atd\u0131rmaq layih\u0259nin bu istiqam\u0259td\u0259 \u0259sas m\u0259qs\u0259dl\u0259ri s\u0131ras\u0131ndad\u0131r.<\/p>\n<p>Qeyd ed\u0259k ki, \u201c\u0130r\u0259li\u201d \u0130ctimai Birliyi t\u0259r\u0259find\u0259n layih\u0259 \u00e7\u0259r\u00e7iv\u0259sind\u0259 Sabirabad, Qazax, Tovuz, \u0130smay\u0131ll\u0131, Q\u0259b\u0259l\u0259, \u015e\u0259ki, Qax, Zaqatala rayonlar\u0131na da s\u0259f\u0259rl\u0259r t\u0259\u015fkil edil\u0259c\u0259k. Sonda \u00e7\u0259kil\u0259n video\u00e7arxlar m\u00fcxt\u0259lif zamanlarda h\u0259m sosial \u015f\u0259b\u0259k\u0259l\u0259rd\u0259, h\u0259m d\u0259 paxtaxt v\u0259 regionlarda n\u00fcmayi\u015f etdiril\u0259c\u0259kdir.<\/p>\n<p>&nbsp;<\/p>\n<div class=\"clearfix\"><\/div>\n<\/div>\n<div class=\"fotorama--hidden\"><\/div>\n<div id=\"galleryList\" class=\"fotorama fotorama1633106999607\" data-nav=\"thumbs\" data-width=\"100%\" data-thumbwidth=\"90\" data-thumbheight=\"60\" data-allowfullscreen=\"true\" data-autoplay=\"3000\" data-ratio=\"1.5\" data-keyboard=\"true\" data-fit=\"contain\">\n<div class=\"fotorama__wrap fotorama__wrap--css3 fotorama__wrap--slide fotorama__wrap--toggle-arrows fotorama__wrap--no-controls\">\n<div class=\"fotorama__stage fotorama__pointer\">\n<div class=\"fotorama__fullscreen-icon\" tabindex=\"0\" role=\"button\"><\/div>\n<div class=\"fotorama__stage__shaft\">\n<div class=\"fotorama__stage__frame fotorama__loaded fotorama__loaded--img\"><img class=\"fotorama__img\" src=\"https:\/\/ikisahil.az\/photo\/0x0_2\/upload\/gallery\/2021\/10\/01\/-f24ad6f7163310589889417272611074577.jpg\" \/><\/div>\n<div class=\"fotorama__stage__frame fotorama__loaded fotorama__loaded--img fotorama__active\"><img class=\"fotorama__img\" src=\"https:\/\/ikisahil.az\/photo\/0x0_2\/upload\/gallery\/2021\/10\/01\/-1980fa3b163310589886254898710801105.jpg\" \/><\/div>\n<\/div>\n<div class=\"fotorama__arr fotorama__arr--prev\" tabindex=\"0\" role=\"button\"><\/div>\n<div class=\"fotorama__arr fotorama__arr--next fotorama__arr--disabled\" tabindex=\"-1\" role=\"button\"><\/div>\n<div class=\"fotorama__video-close\"><\/div>\n<\/div>\n<div class=\"fotorama__nav-wrap\">\n<div class=\"fotorama__nav fotorama__nav--thumbs\">\n<div class=\"fotorama__nav__shaft\">\n<div class=\"fotorama__thumb-border\"><\/div>\n<div class=\"fotorama__nav__frame fotorama__nav__frame--thumb\" tabindex=\"0\" role=\"button\">\n<div class=\"fotorama__thumb fotorama__loaded fotorama__loaded--img\"><img class=\"fotorama__img\" src=\"https:\/\/ikisahil.az\/photo\/150x100_2\/upload\/gallery\/2021\/10\/01\/-c91c0b66163310589892156317810591848.jpg\" \/><\/div>\n<\/div>\n<div class=\"fotorama__nav__frame fotorama__nav__frame--thumb\" tabindex=\"0\" role=\"button\">\n<div class=\"fotorama__thumb fotorama__loaded fotorama__loaded--img\"><img class=\"fotorama__img\" src=\"https:\/\/ikisahil.az\/photo\/150x100_2\/upload\/gallery\/2021\/10\/01\/-f24ad6f7163310589889417272611074577.jpg\" \/><\/div>\n<\/div>\n<div class=\"fotorama__nav__frame fotorama__nav__frame--thumb fotorama__active\" tabindex=\"0\" role=\"button\">\n<div class=\"fotorama__thumb fotorama__loaded fotorama__loaded--img\"><img class=\"fotorama__img\" src=\"https:\/\/ikisahil.az\/photo\/150x100_2\/upload\/gallery\/2021\/10\/01\/-1980fa3b163310589886254898710801105.jpg\" \/><\/div>\n<\/div>\n<\/div>\n<\/div>\n<\/div>\n<\/div>\n<\/div>\n<p><iframe loading=\"lazy\" src=\"https:\/\/www.youtube.com\/embed\/RV_38BaQ5FA\" width=\"100%\" height=\"450\" frameborder=\"0\" allowfullscreen=\"allowfullscreen\" data-mce-fragment=\"1\"><\/iframe><\/p>\n<div class=\"sharing my-2 row no-gutters d-print-none\">\n<div class=\"col-md-3\"><\/div>\n<\/div>\n","protected":false},"excerpt":{"rendered":"<p>\u201c\u0130r\u0259li\u201d \u0130ctimai Birliyi t\u0259r\u0259find\u0259n g\u0259ncl\u0259rd\u0259 v\u0259t\u0259np\u0259rv\u0259rlik hissinin a\u015f\u0131lanmas\u0131 v\u0259 g\u0259ncl\u0259rimizin bu ruhda t\u0259rbiy\u0259 almas\u0131 istiqam\u0259tind\u0259 paytaxtda v\u0259 b\u00f6lg\u0259l\u0259rimizd\u0259 silsil\u0259 t\u0259dbirl\u0259r realla\u015fd\u0131r\u0131l\u0131r. Bununla \u0259laq\u0259dar olaraq \u201c\u0130r\u0259li\u201d \u0130ctimai Birliyi Az\u0259rbaycan G\u0259ncl\u0259r Fondunun d\u0259st\u0259yi il\u0259 \u201cM\u00fcz\u0259ff\u0259r \u018fsg\u0259rimiz\u201d layih\u0259sini h\u0259yata ke\u00e7irir. Layih\u0259 44 g\u00fcnl\u00fck V\u0259t\u0259n m\u00fcharib\u0259sind\u0259 \u00f6lk\u0259mizin \u0259razi b\u00fct\u00f6vl\u00fcy\u00fc u\u011frunda canlar\u0131ndan ke\u00e7mi\u015f q\u0259hr\u0259manlar\u0131m\u0131z\u0131n xatir\u0259sinin \u0259b\u0259dil\u0259\u015fdirilm\u0259si m\u0259qs\u0259dini da\u015f\u0131y\u0131r. Layih\u0259 \u00e7\u0259r\u00e7iv\u0259sind\u0259 \u0259vv\u0259lc\u0259d\u0259n m\u00fc\u0259yy\u0259n olunmu\u015f 14 \u015f\u0259h\u0259r v\u0259 rayona g\u0259ncl\u0259rin s\u0259f\u0259ri n\u0259z\u0259rd\u0259 tutulur. \u0130ndiy\u0259d\u0259k Bak\u0131 \u015f\u0259h\u0259ri, Masall\u0131, Quba, Qusar, Neft\u00e7ala v\u0259 Bil\u0259suvar rayonlar\u0131na s\u0259f\u0259rl\u0259r t\u0259\u015fkil olunub. S\u0259f\u0259r zaman\u0131 \u201c\u0130r\u0259li\u201d komandas\u0131 q\u0259hr\u0259man \u015f\u0259hid v\u0259 qazil\u0259rimizin ail\u0259 \u00fczvl\u0259rini ziyar\u0259t&hellip;<\/p>\n","protected":false},"author":2,"featured_media":385059,"comment_status":"closed","ping_status":"closed","sticky":false,"template":"","format":"standard","meta":{"om_disable_all_campaigns":false,"_monsterinsights_skip_tracking":false,"_monsterinsights_sitenote_active":false,"_monsterinsights_sitenote_note":"","_monsterinsights_sitenote_category":0},"categories":[26],"tags":[],"aioseo_notices":[],"gutentor_comment":0,"rttpg_featured_image_url":{"full":["https:\/\/arantv.az\/wp-content\/uploads\/2021\/10\/e1314fc0163310587262346539610398098.jpg",975,540,false],"landscape":["https:\/\/arantv.az\/wp-content\/uploads\/2021\/10\/e1314fc0163310587262346539610398098.jpg",975,540,false],"portraits":["https:\/\/arantv.az\/wp-content\/uploads\/2021\/10\/e1314fc0163310587262346539610398098.jpg",975,540,false],"thumbnail":["https:\/\/arantv.az\/wp-content\/uploads\/2021\/10\/e1314fc0163310587262346539610398098-500x280.jpg",500,280,true],"medium":["https:\/\/arantv.az\/wp-content\/uploads\/2021\/10\/e1314fc0163310587262346539610398098-660x365.jpg",660,365,true],"large":["https:\/\/arantv.az\/wp-content\/uploads\/2021\/10\/e1314fc0163310587262346539610398098-840x465.jpg",640,354,true],"1536x1536":["https:\/\/arantv.az\/wp-content\/uploads\/2021\/10\/e1314fc0163310587262346539610398098.jpg",975,540,false],"2048x2048":["https:\/\/arantv.az\/wp-content\/uploads\/2021\/10\/e1314fc0163310587262346539610398098.jpg",975,540,false],"post-thumbnail":["https:\/\/arantv.az\/wp-content\/uploads\/2021\/10\/e1314fc0163310587262346539610398098-240x172.jpg",240,172,true],"advps-thumb-one":["https:\/\/arantv.az\/wp-content\/uploads\/2021\/10\/e1314fc0163310587262346539610398098.jpg",975,540,false]},"rttpg_author":{"display_name":"V\u00fcsal Rafiqo\u011flu","author_link":"https:\/\/arantv.az\/?author=2"},"rttpg_comment":0,"rttpg_category":"<a href=\"https:\/\/arantv.az\/?cat=26\" rel=\"category\">Sosial<\/a>","rttpg_excerpt":"\u201c\u0130r\u0259li\u201d \u0130ctimai Birliyi t\u0259r\u0259find\u0259n g\u0259ncl\u0259rd\u0259 v\u0259t\u0259np\u0259rv\u0259rlik hissinin a\u015f\u0131lanmas\u0131 v\u0259 g\u0259ncl\u0259rimizin bu ruhda t\u0259rbiy\u0259 almas\u0131 istiqam\u0259tind\u0259 paytaxtda v\u0259 b\u00f6lg\u0259l\u0259rimizd\u0259 silsil\u0259 t\u0259dbirl\u0259r realla\u015fd\u0131r\u0131l\u0131r. Bununla \u0259laq\u0259dar olaraq \u201c\u0130r\u0259li\u201d \u0130ctimai Birliyi Az\u0259rbaycan G\u0259ncl\u0259r Fondunun d\u0259st\u0259yi il\u0259 \u201cM\u00fcz\u0259ff\u0259r \u018fsg\u0259rimiz\u201d layih\u0259sini h\u0259yata ke\u00e7irir. Layih\u0259 44 g\u00fcnl\u00fck V\u0259t\u0259n m\u00fcharib\u0259sind\u0259 \u00f6lk\u0259mizin \u0259razi b\u00fct\u00f6vl\u00fcy\u00fc u\u011frunda canlar\u0131ndan ke\u00e7mi\u015f q\u0259hr\u0259manlar\u0131m\u0131z\u0131n xatir\u0259sinin \u0259b\u0259dil\u0259\u015fdirilm\u0259si m\u0259qs\u0259dini da\u015f\u0131y\u0131r. Layih\u0259 \u00e7\u0259r\u00e7iv\u0259sind\u0259&hellip;","_links":{"self":[{"href":"https:\/\/arantv.az\/index.php?rest_route=\/wp\/v2\/posts\/385058"}],"collection":[{"href":"https:\/\/arantv.az\/index.php?rest_route=\/wp\/v2\/posts"}],"about":[{"href":"https:\/\/arantv.az\/index.php?rest_route=\/wp\/v2\/types\/post"}],"author":[{"embeddable":true,"href":"https:\/\/arantv.az\/index.php?rest_route=\/wp\/v2\/users\/2"}],"replies":[{"embeddable":true,"href":"https:\/\/arantv.az\/index.php?rest_route=%2Fwp%2Fv2%2Fcomments&post=385058"}],"version-history":[{"count":0,"href":"https:\/\/arantv.az\/index.php?rest_route=\/wp\/v2\/posts\/385058\/revisions"}],"wp:featuredmedia":[{"embeddable":true,"href":"https:\/\/arantv.az\/index.php?rest_route=\/wp\/v2\/media\/385059"}],"wp:attachment":[{"href":"https:\/\/arantv.az\/index.php?rest_route=%2Fwp%2Fv2%2Fmedia&parent=385058"}],"wp:term":[{"taxonomy":"category","embeddable":true,"href":"https:\/\/arantv.az\/index.php?rest_route=%2Fwp%2Fv2%2Fcategories&post=385058"},{"taxonomy":"post_tag","embeddable":true,"href":"https:\/\/arantv.az\/index.php?rest_route=%2Fwp%2Fv2%2Ftags&post=385058"}],"curies":[{"name":"wp","href":"https:\/\/api.w.org\/{rel}","templated":true}]}}