{"id":385061,"date":"2021-10-01T19:52:02","date_gmt":"2021-10-01T16:52:02","guid":{"rendered":"http:\/\/arantv.az\/?p=385061"},"modified":"2021-10-01T19:52:02","modified_gmt":"2021-10-01T16:52:02","slug":"telman-ismayilov-saxlanildi","status":"publish","type":"post","link":"https:\/\/arantv.az\/?p=385061","title":{"rendered":"Telman \u0130smay\u0131lov saxlan\u0131ld\u0131"},"content":{"rendered":"<p>Az\u0259rbaycanl\u0131 i\u015f adam\u0131 Telman \u0130smay\u0131lov Monteneqroda (\u00c7ernoqoriya) saxlan\u0131l\u0131b.<\/p>\n<p>Bu bar\u0259d\u0259 Monteneqronun &#8220;Viesti&#8221; portal\u0131 m\u0259lumat yay\u0131b.<\/p>\n<div id=\"AdviadNativeVideo0\" class=\"AdviadNativeVideo\"><\/div>\n<p>Qeyd ed\u0259k ki, &#8220;\u00c7erkizov bazar\u0131&#8221;n\u0131n ke\u00e7mi\u015f sahibi olan \u0130smay\u0131lov beyn\u0259lxalq order \u0259sas\u0131nda saxlan\u0131l\u0131b.<\/p>\n<p>Xat\u0131rladaq ki, \u0130smay\u0131lova qar\u015f\u0131 2017-ci ilin noyabr\u0131nda 2 n\u0259f\u0259r moskval\u0131 i\u015f adam\u0131n\u0131n q\u0259tlinin sifari\u015fi ittiham\u0131 il\u0259 cinay\u0259t i\u015fi a\u00e7\u0131l\u0131b v\u0259 \u0130nterpol x\u0259tti il\u0259 axtar\u0131\u015fa verilib. T.\u0130smay\u0131lov 2018-ci ild\u0259 Monteneqro v\u0259t\u0259nda\u015fl\u0131\u011f\u0131 al\u0131b.\/&#8221;Qafqazinfo&#8221;<\/p>\n","protected":false},"excerpt":{"rendered":"<p>Az\u0259rbaycanl\u0131 i\u015f adam\u0131 Telman \u0130smay\u0131lov Monteneqroda (\u00c7ernoqoriya) saxlan\u0131l\u0131b. Bu bar\u0259d\u0259 Monteneqronun &#8220;Viesti&#8221; portal\u0131 m\u0259lumat yay\u0131b. Qeyd ed\u0259k ki, &#8220;\u00c7erkizov bazar\u0131&#8221;n\u0131n ke\u00e7mi\u015f sahibi olan \u0130smay\u0131lov beyn\u0259lxalq order \u0259sas\u0131nda saxlan\u0131l\u0131b. Xat\u0131rladaq ki, \u0130smay\u0131lova qar\u015f\u0131 2017-ci ilin noyabr\u0131nda 2 n\u0259f\u0259r moskval\u0131 i\u015f adam\u0131n\u0131n q\u0259tlinin sifari\u015fi ittiham\u0131 il\u0259 cinay\u0259t i\u015fi a\u00e7\u0131l\u0131b v\u0259 \u0130nterpol x\u0259tti il\u0259 axtar\u0131\u015fa verilib. T.\u0130smay\u0131lov 2018-ci ild\u0259 Monteneqro v\u0259t\u0259nda\u015fl\u0131\u011f\u0131 al\u0131b.\/&#8221;Qafqazinfo&#8221;<\/p>\n","protected":false},"author":2,"featured_media":385062,"comment_status":"closed","ping_status":"closed","sticky":false,"template":"","format":"standard","meta":{"om_disable_all_campaigns":false,"_monsterinsights_skip_tracking":false,"_monsterinsights_sitenote_active":false,"_monsterinsights_sitenote_note":"","_monsterinsights_sitenote_category":0},"categories":[19],"tags":[],"aioseo_notices":[],"gutentor_comment":0,"rttpg_featured_image_url":{"full":["https:\/\/arantv.az\/wp-content\/uploads\/2021\/10\/telman_21633106866.jpg",637,400,false],"landscape":["https:\/\/arantv.az\/wp-content\/uploads\/2021\/10\/telman_21633106866.jpg",637,400,false],"portraits":["https:\/\/arantv.az\/wp-content\/uploads\/2021\/10\/telman_21633106866.jpg",637,400,false],"thumbnail":["https:\/\/arantv.az\/wp-content\/uploads\/2021\/10\/telman_21633106866-500x280.jpg",500,280,true],"medium":["https:\/\/arantv.az\/wp-content\/uploads\/2021\/10\/telman_21633106866-581x365.jpg",581,365,true],"large":["https:\/\/arantv.az\/wp-content\/uploads\/2021\/10\/telman_21633106866.jpg",637,400,false],"1536x1536":["https:\/\/arantv.az\/wp-content\/uploads\/2021\/10\/telman_21633106866.jpg",637,400,false],"2048x2048":["https:\/\/arantv.az\/wp-content\/uploads\/2021\/10\/telman_21633106866.jpg",637,400,false],"post-thumbnail":["https:\/\/arantv.az\/wp-content\/uploads\/2021\/10\/telman_21633106866-240x172.jpg",240,172,true],"advps-thumb-one":["https:\/\/arantv.az\/wp-content\/uploads\/2021\/10\/telman_21633106866.jpg",637,400,false]},"rttpg_author":{"display_name":"V\u00fcsal Rafiqo\u011flu","author_link":"https:\/\/arantv.az\/?author=2"},"rttpg_comment":0,"rttpg_category":"<a href=\"https:\/\/arantv.az\/?cat=19\" rel=\"category\">G\u00fcnd\u0259m<\/a>","rttpg_excerpt":"Az\u0259rbaycanl\u0131 i\u015f adam\u0131 Telman \u0130smay\u0131lov Monteneqroda (\u00c7ernoqoriya) saxlan\u0131l\u0131b. Bu bar\u0259d\u0259 Monteneqronun &#8220;Viesti&#8221; portal\u0131 m\u0259lumat yay\u0131b. Qeyd ed\u0259k ki, &#8220;\u00c7erkizov bazar\u0131&#8221;n\u0131n ke\u00e7mi\u015f sahibi olan \u0130smay\u0131lov beyn\u0259lxalq order \u0259sas\u0131nda saxlan\u0131l\u0131b. Xat\u0131rladaq ki, \u0130smay\u0131lova qar\u015f\u0131 2017-ci ilin noyabr\u0131nda 2 n\u0259f\u0259r moskval\u0131 i\u015f adam\u0131n\u0131n q\u0259tlinin sifari\u015fi ittiham\u0131 il\u0259 cinay\u0259t i\u015fi a\u00e7\u0131l\u0131b v\u0259 \u0130nterpol x\u0259tti il\u0259 axtar\u0131\u015fa verilib. T.\u0130smay\u0131lov 2018-ci&hellip;","_links":{"self":[{"href":"https:\/\/arantv.az\/index.php?rest_route=\/wp\/v2\/posts\/385061"}],"collection":[{"href":"https:\/\/arantv.az\/index.php?rest_route=\/wp\/v2\/posts"}],"about":[{"href":"https:\/\/arantv.az\/index.php?rest_route=\/wp\/v2\/types\/post"}],"author":[{"embeddable":true,"href":"https:\/\/arantv.az\/index.php?rest_route=\/wp\/v2\/users\/2"}],"replies":[{"embeddable":true,"href":"https:\/\/arantv.az\/index.php?rest_route=%2Fwp%2Fv2%2Fcomments&post=385061"}],"version-history":[{"count":0,"href":"https:\/\/arantv.az\/index.php?rest_route=\/wp\/v2\/posts\/385061\/revisions"}],"wp:featuredmedia":[{"embeddable":true,"href":"https:\/\/arantv.az\/index.php?rest_route=\/wp\/v2\/media\/385062"}],"wp:attachment":[{"href":"https:\/\/arantv.az\/index.php?rest_route=%2Fwp%2Fv2%2Fmedia&parent=385061"}],"wp:term":[{"taxonomy":"category","embeddable":true,"href":"https:\/\/arantv.az\/index.php?rest_route=%2Fwp%2Fv2%2Fcategories&post=385061"},{"taxonomy":"post_tag","embeddable":true,"href":"https:\/\/arantv.az\/index.php?rest_route=%2Fwp%2Fv2%2Ftags&post=385061"}],"curies":[{"name":"wp","href":"https:\/\/api.w.org\/{rel}","templated":true}]}}