{"id":385069,"date":"2021-10-02T07:51:55","date_gmt":"2021-10-02T04:51:55","guid":{"rendered":"http:\/\/arantv.az\/?p=385069"},"modified":"2021-10-02T07:51:55","modified_gmt":"2021-10-02T04:51:55","slug":"qarabag-muharib%c9%99sinin-ugur-hekay%c9%99l%c9%99ri-video","status":"publish","type":"post","link":"https:\/\/arantv.az\/?p=385069","title":{"rendered":"Qaraba\u011f m\u00fcharib\u0259sinin u\u011fur hekay\u0259l\u0259ri &#8211; V\u0130DEO"},"content":{"rendered":"<article class=\"news\">\n<div class=\"news-inner\">\n<p>Birinci Qaraba\u011f m\u00fcharib\u0259si veteran\u0131 El\u015fad \u015eabanov v\u0259 V\u0259t\u0259n m\u00fcharib\u0259si qazisi Azad Sultanov &#8211;<br \/>\nonlar\u0131n h\u0259r ikisi il\u0259 f\u0259xr etm\u0259k olar.<\/p>\n<p>H\u0259r iki q\u0259hraman\u0131n g\u00f6r\u00fc\u015f\u00fcn\u00fc n\u0259sill\u0259rin g\u00f6r\u00fc\u015f\u00fc adland\u0131rmaq olar.<\/p>\n<div id=\"AdviadNativeVideo0\" class=\"AdviadNativeVideo\"><\/div>\n<p>Birinci Qaraba\u011f m\u00fcharib\u0259sind\u0259 itiril\u0259n torpaqlar\u0131 qocaman d\u00f6y\u00fc\u015f\u00e7\u00fcl\u0259rd\u0259n qazan\u0131lan t\u0259cr\u00fcb\u0259 azad etdi. Az\u0259rbaycan\u0131n 44 g\u00fcnl\u00fck V\u0259t\u0259n m\u00fcharib\u0259sind\u0259 \u0259ld\u0259 etdiyi u\u011furlarda g\u0259ncl\u0259rimiz \u00f6z \u015f\u00fcca\u0259tini ortaya qoydu. D\u00f6y\u00fc\u015fd\u00fc, \u015f\u0259hid verdi v\u0259 qazi oldu. \u018fld\u0259 edil\u0259n tarixi z\u0259f\u0259r xalq\u0131m\u0131z\u0131n sad\u0259c\u0259 bu g\u00fcn\u00fc \u00fc\u00e7\u00fcn deyil, g\u0259l\u0259c\u0259yi \u00fc\u00e7\u00fcn da m\u00fcst\u0259sna rol oynayacaq.<\/p>\n<p>\u018ftrafl\u0131 Baku TV-nin s\u00fcjetini t\u0259qdim edirik:<\/p>\n<div><iframe loading=\"lazy\" title=\"YouTube video player\" src=\"https:\/\/www.youtube.com\/embed\/UMo_qxPWGhg\" width=\"560\" height=\"315\" frameborder=\"0\" allowfullscreen=\"allowfullscreen\" data-mce-fragment=\"1\"><\/iframe><\/div>\n<\/div>\n<\/article>\n<h2 class=\"news-share-title\"><\/h2>\n","protected":false},"excerpt":{"rendered":"<p>Birinci Qaraba\u011f m\u00fcharib\u0259si veteran\u0131 El\u015fad \u015eabanov v\u0259 V\u0259t\u0259n m\u00fcharib\u0259si qazisi Azad Sultanov &#8211; onlar\u0131n h\u0259r ikisi il\u0259 f\u0259xr etm\u0259k olar. H\u0259r iki q\u0259hraman\u0131n g\u00f6r\u00fc\u015f\u00fcn\u00fc n\u0259sill\u0259rin g\u00f6r\u00fc\u015f\u00fc adland\u0131rmaq olar. Birinci Qaraba\u011f m\u00fcharib\u0259sind\u0259 itiril\u0259n torpaqlar\u0131 qocaman d\u00f6y\u00fc\u015f\u00e7\u00fcl\u0259rd\u0259n qazan\u0131lan t\u0259cr\u00fcb\u0259 azad etdi. Az\u0259rbaycan\u0131n 44 g\u00fcnl\u00fck V\u0259t\u0259n m\u00fcharib\u0259sind\u0259 \u0259ld\u0259 etdiyi u\u011furlarda g\u0259ncl\u0259rimiz \u00f6z \u015f\u00fcca\u0259tini ortaya qoydu. D\u00f6y\u00fc\u015fd\u00fc, \u015f\u0259hid verdi v\u0259 qazi oldu. \u018fld\u0259 edil\u0259n tarixi z\u0259f\u0259r xalq\u0131m\u0131z\u0131n sad\u0259c\u0259 bu g\u00fcn\u00fc \u00fc\u00e7\u00fcn deyil, g\u0259l\u0259c\u0259yi \u00fc\u00e7\u00fcn da m\u00fcst\u0259sna rol oynayacaq. \u018ftrafl\u0131 Baku TV-nin s\u00fcjetini t\u0259qdim edirik:<\/p>\n","protected":false},"author":2,"featured_media":385070,"comment_status":"closed","ping_status":"closed","sticky":false,"template":"","format":"standard","meta":{"om_disable_all_campaigns":false,"_monsterinsights_skip_tracking":false,"_monsterinsights_sitenote_active":false,"_monsterinsights_sitenote_note":"","_monsterinsights_sitenote_category":0},"categories":[26],"tags":[],"aioseo_notices":[],"gutentor_comment":0,"rttpg_featured_image_url":{"full":["https:\/\/arantv.az\/wp-content\/uploads\/2021\/10\/FotoJet-2.jpg",620,415,false],"landscape":["https:\/\/arantv.az\/wp-content\/uploads\/2021\/10\/FotoJet-2.jpg",620,415,false],"portraits":["https:\/\/arantv.az\/wp-content\/uploads\/2021\/10\/FotoJet-2.jpg",620,415,false],"thumbnail":["https:\/\/arantv.az\/wp-content\/uploads\/2021\/10\/FotoJet-2-500x280.jpg",500,280,true],"medium":["https:\/\/arantv.az\/wp-content\/uploads\/2021\/10\/FotoJet-2-545x365.jpg",545,365,true],"large":["https:\/\/arantv.az\/wp-content\/uploads\/2021\/10\/FotoJet-2.jpg",620,415,false],"1536x1536":["https:\/\/arantv.az\/wp-content\/uploads\/2021\/10\/FotoJet-2.jpg",620,415,false],"2048x2048":["https:\/\/arantv.az\/wp-content\/uploads\/2021\/10\/FotoJet-2.jpg",620,415,false],"post-thumbnail":["https:\/\/arantv.az\/wp-content\/uploads\/2021\/10\/FotoJet-2-240x172.jpg",240,172,true],"advps-thumb-one":["https:\/\/arantv.az\/wp-content\/uploads\/2021\/10\/FotoJet-2.jpg",620,415,false]},"rttpg_author":{"display_name":"V\u00fcsal Rafiqo\u011flu","author_link":"https:\/\/arantv.az\/?author=2"},"rttpg_comment":0,"rttpg_category":"<a href=\"https:\/\/arantv.az\/?cat=26\" rel=\"category\">Sosial<\/a>","rttpg_excerpt":"Birinci Qaraba\u011f m\u00fcharib\u0259si veteran\u0131 El\u015fad \u015eabanov v\u0259 V\u0259t\u0259n m\u00fcharib\u0259si qazisi Azad Sultanov &#8211; onlar\u0131n h\u0259r ikisi il\u0259 f\u0259xr etm\u0259k olar. H\u0259r iki q\u0259hraman\u0131n g\u00f6r\u00fc\u015f\u00fcn\u00fc n\u0259sill\u0259rin g\u00f6r\u00fc\u015f\u00fc adland\u0131rmaq olar. Birinci Qaraba\u011f m\u00fcharib\u0259sind\u0259 itiril\u0259n torpaqlar\u0131 qocaman d\u00f6y\u00fc\u015f\u00e7\u00fcl\u0259rd\u0259n qazan\u0131lan t\u0259cr\u00fcb\u0259 azad etdi. Az\u0259rbaycan\u0131n 44 g\u00fcnl\u00fck V\u0259t\u0259n m\u00fcharib\u0259sind\u0259 \u0259ld\u0259 etdiyi u\u011furlarda g\u0259ncl\u0259rimiz \u00f6z \u015f\u00fcca\u0259tini ortaya qoydu. D\u00f6y\u00fc\u015fd\u00fc, \u015f\u0259hid verdi&hellip;","_links":{"self":[{"href":"https:\/\/arantv.az\/index.php?rest_route=\/wp\/v2\/posts\/385069"}],"collection":[{"href":"https:\/\/arantv.az\/index.php?rest_route=\/wp\/v2\/posts"}],"about":[{"href":"https:\/\/arantv.az\/index.php?rest_route=\/wp\/v2\/types\/post"}],"author":[{"embeddable":true,"href":"https:\/\/arantv.az\/index.php?rest_route=\/wp\/v2\/users\/2"}],"replies":[{"embeddable":true,"href":"https:\/\/arantv.az\/index.php?rest_route=%2Fwp%2Fv2%2Fcomments&post=385069"}],"version-history":[{"count":0,"href":"https:\/\/arantv.az\/index.php?rest_route=\/wp\/v2\/posts\/385069\/revisions"}],"wp:featuredmedia":[{"embeddable":true,"href":"https:\/\/arantv.az\/index.php?rest_route=\/wp\/v2\/media\/385070"}],"wp:attachment":[{"href":"https:\/\/arantv.az\/index.php?rest_route=%2Fwp%2Fv2%2Fmedia&parent=385069"}],"wp:term":[{"taxonomy":"category","embeddable":true,"href":"https:\/\/arantv.az\/index.php?rest_route=%2Fwp%2Fv2%2Fcategories&post=385069"},{"taxonomy":"post_tag","embeddable":true,"href":"https:\/\/arantv.az\/index.php?rest_route=%2Fwp%2Fv2%2Ftags&post=385069"}],"curies":[{"name":"wp","href":"https:\/\/api.w.org\/{rel}","templated":true}]}}