{"id":385073,"date":"2021-10-02T07:52:36","date_gmt":"2021-10-02T04:52:36","guid":{"rendered":"http:\/\/arantv.az\/?p=385073"},"modified":"2021-10-02T07:52:36","modified_gmt":"2021-10-02T04:52:36","slug":"az%c9%99rbaycanda-m%c9%99kt%c9%99bli-qiz-oldu-foto","status":"publish","type":"post","link":"https:\/\/arantv.az\/?p=385073","title":{"rendered":"Az\u0259rbaycanda m\u0259kt\u0259bli q\u0131z \u00f6ld\u00fc \u2013 FOTO"},"content":{"rendered":"<p>Z\u0259rdab rayonunun \u00c7all\u0131 k\u0259nd tam orta m\u0259kt\u0259binin \u015fagirdi v\u0259fat edib.<\/p>\n<p>Bu bar\u0259d\u0259 m\u0259kt\u0259bin sosial \u015f\u0259b\u0259k\u0259 hesab\u0131nda m\u0259lumat verilib.<\/p>\n<div id=\"AdviadNativeVideo0\" class=\"AdviadNativeVideo\"><\/div>\n<p>Bildirilib ki, m\u0259kt\u0259bin 10-cu sinif \u015fagirdi Firuz\u0259 Vahidli Adil q\u0131z\u0131 bu g\u00fcn uzun s\u00fcr\u0259n x\u0259st\u0259likd\u0259n sonra d\u00fcnyas\u0131n\u0131 d\u0259yi\u015fib.<\/p>\n<p>&nbsp;<\/p>\n<div class=\"gallery\">\n<div class=\"gallery-i\"><img src=\"https:\/\/cdn.oxu.az\/uploads\/W1siZiIsIjIwMjEvMTAvMDIvMDAvMDIvMjYvMzY0MmJiYjQtZmZkZS00MmVjLTgwZjgtNDk3NzE0NTU1ZWIyLzYxNTc0NDhkNjY1NDk2MTU3NDQ4ZDY2NTRhMTYzMzEwOTEzMzYxNTc0NDhkNjY1NDY2MTU3NDQ4ZDY2NTQ4LmpwZyJdLFsicCIsImVuY29kZSIsImpwZyIsIi1xdWFsaXR5IDgwIl0sWyJwIiwidGh1bWIiLCI1OTB4NTkwXHUwMDNlIl1d?sha=c2bc648b7e16f964\" alt=\"\" \/><\/p>\n<div class=\"gallery-i-caption\"><\/div>\n<\/div>\n<div class=\"gallery-i\"><img src=\"https:\/\/cdn.oxu.az\/uploads\/W1siZiIsIjIwMjEvMTAvMDIvMDAvMDIvMjYvZGMzYjJmOGQtYmRkYi00YmM4LWFhODAtNmU3NWQ4NjZmYzIxLzcwNmRjZWQ2LTAwNDktNDYyYi04ZWNlLTAxZWJmNDYxYzRkNF8xNjMzMTA5MTUzLmpwZyJdLFsicCIsImVuY29kZSIsImpwZyIsIi1xdWFsaXR5IDgwIl0sWyJwIiwidGh1bWIiLCI1OTB4NTkwXHUwMDNlIl1d?sha=d7cdf21c13fab93d\" alt=\"\" \/><\/div>\n<\/div>\n","protected":false},"excerpt":{"rendered":"<p>Z\u0259rdab rayonunun \u00c7all\u0131 k\u0259nd tam orta m\u0259kt\u0259binin \u015fagirdi v\u0259fat edib. Bu bar\u0259d\u0259 m\u0259kt\u0259bin sosial \u015f\u0259b\u0259k\u0259 hesab\u0131nda m\u0259lumat verilib. Bildirilib ki, m\u0259kt\u0259bin 10-cu sinif \u015fagirdi Firuz\u0259 Vahidli Adil q\u0131z\u0131 bu g\u00fcn uzun s\u00fcr\u0259n x\u0259st\u0259likd\u0259n sonra d\u00fcnyas\u0131n\u0131 d\u0259yi\u015fib. &nbsp;<\/p>\n","protected":false},"author":2,"featured_media":385074,"comment_status":"closed","ping_status":"closed","sticky":false,"template":"","format":"standard","meta":{"om_disable_all_campaigns":false,"_monsterinsights_skip_tracking":false,"_monsterinsights_sitenote_active":false,"_monsterinsights_sitenote_note":"","_monsterinsights_sitenote_category":0},"categories":[5],"tags":[],"aioseo_notices":[],"gutentor_comment":0,"rttpg_featured_image_url":{"full":["https:\/\/arantv.az\/wp-content\/uploads\/2021\/10\/FotoJet-2021-10-01T235858.911.jpg",620,413,false],"landscape":["https:\/\/arantv.az\/wp-content\/uploads\/2021\/10\/FotoJet-2021-10-01T235858.911.jpg",620,413,false],"portraits":["https:\/\/arantv.az\/wp-content\/uploads\/2021\/10\/FotoJet-2021-10-01T235858.911.jpg",620,413,false],"thumbnail":["https:\/\/arantv.az\/wp-content\/uploads\/2021\/10\/FotoJet-2021-10-01T235858.911-500x280.jpg",500,280,true],"medium":["https:\/\/arantv.az\/wp-content\/uploads\/2021\/10\/FotoJet-2021-10-01T235858.911-548x365.jpg",548,365,true],"large":["https:\/\/arantv.az\/wp-content\/uploads\/2021\/10\/FotoJet-2021-10-01T235858.911.jpg",620,413,false],"1536x1536":["https:\/\/arantv.az\/wp-content\/uploads\/2021\/10\/FotoJet-2021-10-01T235858.911.jpg",620,413,false],"2048x2048":["https:\/\/arantv.az\/wp-content\/uploads\/2021\/10\/FotoJet-2021-10-01T235858.911.jpg",620,413,false],"post-thumbnail":["https:\/\/arantv.az\/wp-content\/uploads\/2021\/10\/FotoJet-2021-10-01T235858.911-240x172.jpg",240,172,true],"advps-thumb-one":["https:\/\/arantv.az\/wp-content\/uploads\/2021\/10\/FotoJet-2021-10-01T235858.911.jpg",620,413,false]},"rttpg_author":{"display_name":"V\u00fcsal Rafiqo\u011flu","author_link":"https:\/\/arantv.az\/?author=2"},"rttpg_comment":0,"rttpg_category":"<a href=\"https:\/\/arantv.az\/?cat=5\" rel=\"category\">Hadis\u0259<\/a>","rttpg_excerpt":"Z\u0259rdab rayonunun \u00c7all\u0131 k\u0259nd tam orta m\u0259kt\u0259binin \u015fagirdi v\u0259fat edib. Bu bar\u0259d\u0259 m\u0259kt\u0259bin sosial \u015f\u0259b\u0259k\u0259 hesab\u0131nda m\u0259lumat verilib. Bildirilib ki, m\u0259kt\u0259bin 10-cu sinif \u015fagirdi Firuz\u0259 Vahidli Adil q\u0131z\u0131 bu g\u00fcn uzun s\u00fcr\u0259n x\u0259st\u0259likd\u0259n sonra d\u00fcnyas\u0131n\u0131 d\u0259yi\u015fib. &nbsp;","_links":{"self":[{"href":"https:\/\/arantv.az\/index.php?rest_route=\/wp\/v2\/posts\/385073"}],"collection":[{"href":"https:\/\/arantv.az\/index.php?rest_route=\/wp\/v2\/posts"}],"about":[{"href":"https:\/\/arantv.az\/index.php?rest_route=\/wp\/v2\/types\/post"}],"author":[{"embeddable":true,"href":"https:\/\/arantv.az\/index.php?rest_route=\/wp\/v2\/users\/2"}],"replies":[{"embeddable":true,"href":"https:\/\/arantv.az\/index.php?rest_route=%2Fwp%2Fv2%2Fcomments&post=385073"}],"version-history":[{"count":0,"href":"https:\/\/arantv.az\/index.php?rest_route=\/wp\/v2\/posts\/385073\/revisions"}],"wp:featuredmedia":[{"embeddable":true,"href":"https:\/\/arantv.az\/index.php?rest_route=\/wp\/v2\/media\/385074"}],"wp:attachment":[{"href":"https:\/\/arantv.az\/index.php?rest_route=%2Fwp%2Fv2%2Fmedia&parent=385073"}],"wp:term":[{"taxonomy":"category","embeddable":true,"href":"https:\/\/arantv.az\/index.php?rest_route=%2Fwp%2Fv2%2Fcategories&post=385073"},{"taxonomy":"post_tag","embeddable":true,"href":"https:\/\/arantv.az\/index.php?rest_route=%2Fwp%2Fv2%2Ftags&post=385073"}],"curies":[{"name":"wp","href":"https:\/\/api.w.org\/{rel}","templated":true}]}}