{"id":385076,"date":"2021-10-02T07:53:16","date_gmt":"2021-10-02T04:53:16","guid":{"rendered":"http:\/\/arantv.az\/?p=385076"},"modified":"2021-10-02T07:53:16","modified_gmt":"2021-10-02T04:53:16","slug":"on-ayliq-s%c9%99hid-narin-xaliqova-video","status":"publish","type":"post","link":"https:\/\/arantv.az\/?p=385076","title":{"rendered":"On ayl\u0131q \u015f\u0259hid Narin Xaliqova &#8211; V\u0130DEO"},"content":{"rendered":"<p>V\u0259t\u0259n m\u00fcharib\u0259si zaman\u0131 Az\u0259rbaycan\u0131n \u0259razi b\u00fct\u00f6vl\u00fcy\u00fc u\u011frunda d\u00f6y\u00fc\u015fl\u0259rd\u0259 h\u0259lak olan \u0259sg\u0259r v\u0259 zabitl\u0259rimiz\u0259, q\u0259tl\u0259 yetiril\u0259n m\u00fclki v\u0259t\u0259nda\u015flar\u0131m\u0131za v\u0259 itkin d\u00fc\u015fm\u00fc\u015f soyda\u015flar\u0131m\u0131za ehtiram \u0259lam\u0259ti olaraq sentyabr\u0131n 27-d\u0259 &#8211; An\u0131m G\u00fcn\u00fcnd\u0259 Bak\u0131 \u015f\u0259h\u0259rind\u0259 y\u00fcr\u00fc\u015f t\u0259\u015fkil olundu. Ali Ba\u015f Komandan \u0130lham \u018fliyev, birinci xan\u0131m Mehriban \u018fliyeva, g\u0259nc kursantlar v\u0259 h\u0259rb\u00e7il\u0259r V\u0259t\u0259n m\u00fcharib\u0259si zaman\u0131 Az\u0259rbaycan\u0131n \u0259razi b\u00fct\u00f6vl\u00fcy\u00fc u\u011frunda \u015f\u0259hid olan igidl\u0259rimiz, itkin d\u00fc\u015f\u0259n h\u0259rb\u00e7il\u0259rimiz v\u0259 Erm\u0259nistan d\u00f6vl\u0259ti t\u0259r\u0259find\u0259n t\u00f6r\u0259dil\u0259n insanl\u0131q \u0259leyhin\u0259 v\u0259 m\u00fcharib\u0259 cinay\u0259tl\u0259ri n\u0259tic\u0259sind\u0259 q\u0259tl\u0259 yetiril\u0259n m\u00fclki \u0259halimizin h\u0259r birinin fotolar\u0131ndan ibar\u0259t plakatlarla y\u00fcr\u00fc\u015f ed\u0259r\u0259k xalq\u0131n birliyinin daimi v\u0259 sars\u0131lmaz oldu\u011funu n\u00fcmayi\u015f etdirdil\u0259r. Mehriban \u018fliyevan\u0131n fotosunun tuttu\u011fu Narin Xal\u0131qova erm\u0259ni terrorunda n\u0259tic\u0259sind\u0259 \u00f6ld\u00fcr\u00fcl\u0259n \u0259n ki\u00e7ik h\u0259mv\u0259t\u0259nimizdir. Bu k\u00f6rp\u0259nin he\u00e7 bir ya\u015f\u0131 da yox idi. Narin d\u00fcnyaya g\u0259ldiyi zaman\u00a0 \u018fsg\u0259rovlar ail\u0259sini sevinc\u0259 q\u0259rq etmi\u015fdi. Ana n\u0259n\u0259si Silduz \u018fsg\u0259rova deyir ki, h\u0259r k\u0259s onun d\u00fcnyaya g\u0259li\u015fini tam 5 il g\u00f6zl\u0259yib.<\/p>\n<p>Oktyabr\u0131n 17 G\u0259nc\u0259 \u015f\u0259h\u0259ri sonuncu d\u0259f\u0259 raket at\u0259\u015fin\u0259 tutulan zaman\u00a0 balaca Narinl\u0259 yana\u015f\u0131 onun anas\u0131 Sevil \u018fsg\u0259rova, day\u0131s\u0131 B\u0259xtiyar \u018fsg\u0259rov, babas\u0131 Sulidin \u018fsg\u0259rov v\u0259 \u00f6l\u00fcm\u00fcnd\u0259n bir g\u00fcn sonra ad g\u00fcn\u00fc olan 15 ya\u015fl\u0131 xalas\u0131 q\u0131z\u0131 Nigar \u018fsg\u0259rova d\u00fcnyas\u0131n\u0131 d\u0259yi\u015fib. \u018fsg\u0259rovlar ail\u0259si bir gec\u0259d\u0259 tam 5\u00a0 \u00fczv\u00fcn\u00fc itirib.\u00a0 Silduz xan\u0131m \u00fcr\u0259yind\u0259ki a\u011fr\u0131lar\u0131, ac\u0131lar\u0131 bo\u011fma\u011fa \u00e7al\u0131\u015f\u0131b, toxtaql\u0131q tap\u0131b m\u00fcsahib\u0259y\u0259 davam edir.\u00a0 Bildirir ki,\u00a0 an\u0131m g\u00fcn\u00fcnd\u0259 vitse-prezident Mehriban \u018fliyeva Narinin fotosu il\u0259 h\u0259m d\u0259 d\u00fcnyaya mesaj vermi\u015f oldu. Erm\u0259nistan hakimiyy\u0259ti u\u015faq qatilidir.<\/p>\n<div id=\"AdviadNativeVideo0\" class=\"AdviadNativeVideo\"><\/div>\n<p>Bu g\u00fcn Silduz \u018fsg\u0259rova yax\u0131nlar\u0131n\u0131n xatir\u0259 dolu forolar\u0131na bax\u0131r. Sanki zaman\u0131 geri \u00e7evirirc\u0259sin\u0259 h\u0259r fotonun nec\u0259 v\u0259 harada \u00e7\u0259kildiyi haqq\u0131nda dan\u0131\u015f\u0131r.\u00a0 \u0130ndi \u018fsg\u0259rovlar ail\u0259sinin t\u0259k t\u0259s\u0259llisi ordumuzun q\u0259l\u0259b\u0259si, torpaqlar\u0131m\u0131z\u0131n i\u015f\u011faldan azad edilm\u0259si v\u0259\u00a0 \u015f\u0259hidl\u0259rimizin qanlar\u0131n\u0131n yerd\u0259 qalmamas\u0131d\u0131r.<\/p>\n<p>Daha \u0259trafl\u0131 Baku TV-nin s\u00fcjetind\u0259:<\/p>\n<div><iframe loading=\"lazy\" title=\"YouTube video player\" src=\"https:\/\/www.youtube.com\/embed\/3K2eImtjnk8\" width=\"560\" height=\"315\" frameborder=\"0\" allowfullscreen=\"allowfullscreen\" data-mce-fragment=\"1\"><\/iframe><\/div>\n<p>&nbsp;<\/p>\n","protected":false},"excerpt":{"rendered":"<p>V\u0259t\u0259n m\u00fcharib\u0259si zaman\u0131 Az\u0259rbaycan\u0131n \u0259razi b\u00fct\u00f6vl\u00fcy\u00fc u\u011frunda d\u00f6y\u00fc\u015fl\u0259rd\u0259 h\u0259lak olan \u0259sg\u0259r v\u0259 zabitl\u0259rimiz\u0259, q\u0259tl\u0259 yetiril\u0259n m\u00fclki v\u0259t\u0259nda\u015flar\u0131m\u0131za v\u0259 itkin d\u00fc\u015fm\u00fc\u015f soyda\u015flar\u0131m\u0131za ehtiram \u0259lam\u0259ti olaraq sentyabr\u0131n 27-d\u0259 &#8211; An\u0131m G\u00fcn\u00fcnd\u0259 Bak\u0131 \u015f\u0259h\u0259rind\u0259 y\u00fcr\u00fc\u015f t\u0259\u015fkil olundu. Ali Ba\u015f Komandan \u0130lham \u018fliyev, birinci xan\u0131m Mehriban \u018fliyeva, g\u0259nc kursantlar v\u0259 h\u0259rb\u00e7il\u0259r V\u0259t\u0259n m\u00fcharib\u0259si zaman\u0131 Az\u0259rbaycan\u0131n \u0259razi b\u00fct\u00f6vl\u00fcy\u00fc u\u011frunda \u015f\u0259hid olan igidl\u0259rimiz, itkin d\u00fc\u015f\u0259n h\u0259rb\u00e7il\u0259rimiz v\u0259 Erm\u0259nistan d\u00f6vl\u0259ti t\u0259r\u0259find\u0259n t\u00f6r\u0259dil\u0259n insanl\u0131q \u0259leyhin\u0259 v\u0259 m\u00fcharib\u0259 cinay\u0259tl\u0259ri n\u0259tic\u0259sind\u0259 q\u0259tl\u0259 yetiril\u0259n m\u00fclki \u0259halimizin h\u0259r birinin fotolar\u0131ndan ibar\u0259t plakatlarla y\u00fcr\u00fc\u015f ed\u0259r\u0259k xalq\u0131n birliyinin daimi v\u0259 sars\u0131lmaz oldu\u011funu n\u00fcmayi\u015f etdirdil\u0259r.&hellip;<\/p>\n","protected":false},"author":2,"featured_media":385077,"comment_status":"closed","ping_status":"closed","sticky":false,"template":"","format":"standard","meta":{"om_disable_all_campaigns":false,"_monsterinsights_skip_tracking":false,"_monsterinsights_sitenote_active":false,"_monsterinsights_sitenote_note":"","_monsterinsights_sitenote_category":0},"categories":[26],"tags":[],"aioseo_notices":[],"gutentor_comment":0,"rttpg_featured_image_url":{"full":["https:\/\/arantv.az\/wp-content\/uploads\/2021\/10\/FotoJet-2021-10-01T232734.597.jpg",620,413,false],"landscape":["https:\/\/arantv.az\/wp-content\/uploads\/2021\/10\/FotoJet-2021-10-01T232734.597.jpg",620,413,false],"portraits":["https:\/\/arantv.az\/wp-content\/uploads\/2021\/10\/FotoJet-2021-10-01T232734.597.jpg",620,413,false],"thumbnail":["https:\/\/arantv.az\/wp-content\/uploads\/2021\/10\/FotoJet-2021-10-01T232734.597-500x280.jpg",500,280,true],"medium":["https:\/\/arantv.az\/wp-content\/uploads\/2021\/10\/FotoJet-2021-10-01T232734.597-548x365.jpg",548,365,true],"large":["https:\/\/arantv.az\/wp-content\/uploads\/2021\/10\/FotoJet-2021-10-01T232734.597.jpg",620,413,false],"1536x1536":["https:\/\/arantv.az\/wp-content\/uploads\/2021\/10\/FotoJet-2021-10-01T232734.597.jpg",620,413,false],"2048x2048":["https:\/\/arantv.az\/wp-content\/uploads\/2021\/10\/FotoJet-2021-10-01T232734.597.jpg",620,413,false],"post-thumbnail":["https:\/\/arantv.az\/wp-content\/uploads\/2021\/10\/FotoJet-2021-10-01T232734.597-240x172.jpg",240,172,true],"advps-thumb-one":["https:\/\/arantv.az\/wp-content\/uploads\/2021\/10\/FotoJet-2021-10-01T232734.597.jpg",620,413,false]},"rttpg_author":{"display_name":"V\u00fcsal Rafiqo\u011flu","author_link":"https:\/\/arantv.az\/?author=2"},"rttpg_comment":0,"rttpg_category":"<a href=\"https:\/\/arantv.az\/?cat=26\" rel=\"category\">Sosial<\/a>","rttpg_excerpt":"V\u0259t\u0259n m\u00fcharib\u0259si zaman\u0131 Az\u0259rbaycan\u0131n \u0259razi b\u00fct\u00f6vl\u00fcy\u00fc u\u011frunda d\u00f6y\u00fc\u015fl\u0259rd\u0259 h\u0259lak olan \u0259sg\u0259r v\u0259 zabitl\u0259rimiz\u0259, q\u0259tl\u0259 yetiril\u0259n m\u00fclki v\u0259t\u0259nda\u015flar\u0131m\u0131za v\u0259 itkin d\u00fc\u015fm\u00fc\u015f soyda\u015flar\u0131m\u0131za ehtiram \u0259lam\u0259ti olaraq sentyabr\u0131n 27-d\u0259 &#8211; An\u0131m G\u00fcn\u00fcnd\u0259 Bak\u0131 \u015f\u0259h\u0259rind\u0259 y\u00fcr\u00fc\u015f t\u0259\u015fkil olundu. Ali Ba\u015f Komandan \u0130lham \u018fliyev, birinci xan\u0131m Mehriban \u018fliyeva, g\u0259nc kursantlar v\u0259 h\u0259rb\u00e7il\u0259r V\u0259t\u0259n m\u00fcharib\u0259si zaman\u0131 Az\u0259rbaycan\u0131n \u0259razi b\u00fct\u00f6vl\u00fcy\u00fc u\u011frunda \u015f\u0259hid&hellip;","_links":{"self":[{"href":"https:\/\/arantv.az\/index.php?rest_route=\/wp\/v2\/posts\/385076"}],"collection":[{"href":"https:\/\/arantv.az\/index.php?rest_route=\/wp\/v2\/posts"}],"about":[{"href":"https:\/\/arantv.az\/index.php?rest_route=\/wp\/v2\/types\/post"}],"author":[{"embeddable":true,"href":"https:\/\/arantv.az\/index.php?rest_route=\/wp\/v2\/users\/2"}],"replies":[{"embeddable":true,"href":"https:\/\/arantv.az\/index.php?rest_route=%2Fwp%2Fv2%2Fcomments&post=385076"}],"version-history":[{"count":0,"href":"https:\/\/arantv.az\/index.php?rest_route=\/wp\/v2\/posts\/385076\/revisions"}],"wp:featuredmedia":[{"embeddable":true,"href":"https:\/\/arantv.az\/index.php?rest_route=\/wp\/v2\/media\/385077"}],"wp:attachment":[{"href":"https:\/\/arantv.az\/index.php?rest_route=%2Fwp%2Fv2%2Fmedia&parent=385076"}],"wp:term":[{"taxonomy":"category","embeddable":true,"href":"https:\/\/arantv.az\/index.php?rest_route=%2Fwp%2Fv2%2Fcategories&post=385076"},{"taxonomy":"post_tag","embeddable":true,"href":"https:\/\/arantv.az\/index.php?rest_route=%2Fwp%2Fv2%2Ftags&post=385076"}],"curies":[{"name":"wp","href":"https:\/\/api.w.org\/{rel}","templated":true}]}}