{"id":385079,"date":"2021-10-02T07:53:43","date_gmt":"2021-10-02T04:53:43","guid":{"rendered":"http:\/\/arantv.az\/?p=385079"},"modified":"2021-10-02T07:53:43","modified_gmt":"2021-10-02T04:53:43","slug":"gurcustan-prezidenti-saakasvilinin-%c9%99fv-edilm%c9%99sin%c9%99-munasib%c9%99t-bildirdi","status":"publish","type":"post","link":"https:\/\/arantv.az\/?p=385079","title":{"rendered":"G\u00fcrc\u00fcstan Prezidenti Saaka\u015fvilinin \u0259fv edilm\u0259sin\u0259 m\u00fcnasib\u0259t bildirdi"},"content":{"rendered":"<p>G\u00fcrc\u00fcstan Prezidenti Salome Zurabi\u015fvili Mixail Saaka\u015fvilini \u0259fv etm\u0259y\u0259c\u0259yini bildirib.<\/p>\n<p>\u201cBu g\u00fcn \u00e7oxlar\u0131 soru\u015fur ki, Prezident onu (Saaka\u015fvilini \u2013 red) \u0259fv etm\u0259yi planla\u015fd\u0131r\u0131rm\u0131? Bu suala yaln\u0131z bir, sad\u0259 v\u0259 q\u0259ti cavab\u0131m\u0131z var &#8211; \u00a0xeyr, bu he\u00e7 vaxt olmayacaq!\u201d, &#8211; dey\u0259 69 ya\u015fl\u0131 G\u00fcrc\u00fcstan Prezidenti vur\u011fulay\u0131b.<\/p>\n<div id=\"AdviadNativeVideo0\" class=\"AdviadNativeVideo\"><\/div>\n<p>G\u00fcrc\u00fcstan Prezidenti b\u0259yan edib ki, Saaka\u015fvili beyn\u0259lxalq t\u0259r\u0259fda\u015flar\u0131n t\u00f6vsiy\u0259l\u0259rin\u0259 zidd olaraq sabitliyi pozmaq \u00fc\u00e7\u00fcn G\u00fcrc\u00fcstana g\u0259lib.<\/p>\n<p>M\u0259nb\u0259: \u201cSputnik\u201d G\u00fcrc\u00fcstan<\/p>\n","protected":false},"excerpt":{"rendered":"<p>G\u00fcrc\u00fcstan Prezidenti Salome Zurabi\u015fvili Mixail Saaka\u015fvilini \u0259fv etm\u0259y\u0259c\u0259yini bildirib. \u201cBu g\u00fcn \u00e7oxlar\u0131 soru\u015fur ki, Prezident onu (Saaka\u015fvilini \u2013 red) \u0259fv etm\u0259yi planla\u015fd\u0131r\u0131rm\u0131? Bu suala yaln\u0131z bir, sad\u0259 v\u0259 q\u0259ti cavab\u0131m\u0131z var &#8211; \u00a0xeyr, bu he\u00e7 vaxt olmayacaq!\u201d, &#8211; dey\u0259 69 ya\u015fl\u0131 G\u00fcrc\u00fcstan Prezidenti vur\u011fulay\u0131b. G\u00fcrc\u00fcstan Prezidenti b\u0259yan edib ki, Saaka\u015fvili beyn\u0259lxalq t\u0259r\u0259fda\u015flar\u0131n t\u00f6vsiy\u0259l\u0259rin\u0259 zidd olaraq sabitliyi pozmaq \u00fc\u00e7\u00fcn G\u00fcrc\u00fcstana g\u0259lib. M\u0259nb\u0259: \u201cSputnik\u201d G\u00fcrc\u00fcstan<\/p>\n","protected":false},"author":2,"featured_media":385080,"comment_status":"closed","ping_status":"closed","sticky":false,"template":"","format":"standard","meta":{"om_disable_all_campaigns":false,"_monsterinsights_skip_tracking":false,"_monsterinsights_sitenote_active":false,"_monsterinsights_sitenote_note":"","_monsterinsights_sitenote_category":0},"categories":[7],"tags":[],"aioseo_notices":[],"gutentor_comment":0,"rttpg_featured_image_url":{"full":["https:\/\/arantv.az\/wp-content\/uploads\/2021\/10\/FotoJet-40.jpg",620,413,false],"landscape":["https:\/\/arantv.az\/wp-content\/uploads\/2021\/10\/FotoJet-40.jpg",620,413,false],"portraits":["https:\/\/arantv.az\/wp-content\/uploads\/2021\/10\/FotoJet-40.jpg",620,413,false],"thumbnail":["https:\/\/arantv.az\/wp-content\/uploads\/2021\/10\/FotoJet-40-500x280.jpg",500,280,true],"medium":["https:\/\/arantv.az\/wp-content\/uploads\/2021\/10\/FotoJet-40-548x365.jpg",548,365,true],"large":["https:\/\/arantv.az\/wp-content\/uploads\/2021\/10\/FotoJet-40.jpg",620,413,false],"1536x1536":["https:\/\/arantv.az\/wp-content\/uploads\/2021\/10\/FotoJet-40.jpg",620,413,false],"2048x2048":["https:\/\/arantv.az\/wp-content\/uploads\/2021\/10\/FotoJet-40.jpg",620,413,false],"post-thumbnail":["https:\/\/arantv.az\/wp-content\/uploads\/2021\/10\/FotoJet-40-240x172.jpg",240,172,true],"advps-thumb-one":["https:\/\/arantv.az\/wp-content\/uploads\/2021\/10\/FotoJet-40.jpg",620,413,false]},"rttpg_author":{"display_name":"V\u00fcsal Rafiqo\u011flu","author_link":"https:\/\/arantv.az\/?author=2"},"rttpg_comment":0,"rttpg_category":"<a href=\"https:\/\/arantv.az\/?cat=7\" rel=\"category\">D\u00fcnya<\/a>","rttpg_excerpt":"G\u00fcrc\u00fcstan Prezidenti Salome Zurabi\u015fvili Mixail Saaka\u015fvilini \u0259fv etm\u0259y\u0259c\u0259yini bildirib. \u201cBu g\u00fcn \u00e7oxlar\u0131 soru\u015fur ki, Prezident onu (Saaka\u015fvilini \u2013 red) \u0259fv etm\u0259yi planla\u015fd\u0131r\u0131rm\u0131? Bu suala yaln\u0131z bir, sad\u0259 v\u0259 q\u0259ti cavab\u0131m\u0131z var &#8211; \u00a0xeyr, bu he\u00e7 vaxt olmayacaq!\u201d, &#8211; dey\u0259 69 ya\u015fl\u0131 G\u00fcrc\u00fcstan Prezidenti vur\u011fulay\u0131b. G\u00fcrc\u00fcstan Prezidenti b\u0259yan edib ki, Saaka\u015fvili beyn\u0259lxalq t\u0259r\u0259fda\u015flar\u0131n t\u00f6vsiy\u0259l\u0259rin\u0259 zidd olaraq&hellip;","_links":{"self":[{"href":"https:\/\/arantv.az\/index.php?rest_route=\/wp\/v2\/posts\/385079"}],"collection":[{"href":"https:\/\/arantv.az\/index.php?rest_route=\/wp\/v2\/posts"}],"about":[{"href":"https:\/\/arantv.az\/index.php?rest_route=\/wp\/v2\/types\/post"}],"author":[{"embeddable":true,"href":"https:\/\/arantv.az\/index.php?rest_route=\/wp\/v2\/users\/2"}],"replies":[{"embeddable":true,"href":"https:\/\/arantv.az\/index.php?rest_route=%2Fwp%2Fv2%2Fcomments&post=385079"}],"version-history":[{"count":0,"href":"https:\/\/arantv.az\/index.php?rest_route=\/wp\/v2\/posts\/385079\/revisions"}],"wp:featuredmedia":[{"embeddable":true,"href":"https:\/\/arantv.az\/index.php?rest_route=\/wp\/v2\/media\/385080"}],"wp:attachment":[{"href":"https:\/\/arantv.az\/index.php?rest_route=%2Fwp%2Fv2%2Fmedia&parent=385079"}],"wp:term":[{"taxonomy":"category","embeddable":true,"href":"https:\/\/arantv.az\/index.php?rest_route=%2Fwp%2Fv2%2Fcategories&post=385079"},{"taxonomy":"post_tag","embeddable":true,"href":"https:\/\/arantv.az\/index.php?rest_route=%2Fwp%2Fv2%2Ftags&post=385079"}],"curies":[{"name":"wp","href":"https:\/\/api.w.org\/{rel}","templated":true}]}}