{"id":385082,"date":"2021-10-02T07:54:24","date_gmt":"2021-10-02T04:54:24","guid":{"rendered":"http:\/\/arantv.az\/?p=385082"},"modified":"2021-10-02T07:54:24","modified_gmt":"2021-10-02T04:54:24","slug":"qarabag-xronikasinin-58-ci-buraxilisi-erm%c9%99ni-tarixci-erm%c9%99ni-saxtakarligini-nec%c9%99-ifsa-etdi-video","status":"publish","type":"post","link":"https:\/\/arantv.az\/?p=385082","title":{"rendered":"\u201cQaraba\u011f Xronikas\u0131\u201dn\u0131n 58-ci burax\u0131l\u0131\u015f\u0131 &#8211; Erm\u0259ni tarix\u00e7i erm\u0259ni saxtakarl\u0131\u011f\u0131n\u0131 nec\u0259 if\u015fa etdi? \u2013 V\u0130DEO"},"content":{"rendered":"<article class=\"news\">\n<div class=\"news-inner\">\n<p>Baku TV-d\u0259 yay\u0131mlanan \u201cQaraba\u011f Xronikas\u0131\u201d verili\u015finin 58-ci burax\u0131l\u0131\u015f\u0131 efir\u0259 gedib.<\/p>\n<p>Verili\u015fin apar\u0131c\u0131s\u0131, h\u0259rbi jurnalist F\u0259rdin \u0130sazad\u0259 bud\u0259f\u0259ki burax\u0131l\u0131\u015fda Erm\u0259ni tarix\u00e7inin erm\u0259nil\u0259rin saxtakarl\u0131\u011f\u0131n\u0131 if\u015fa etm\u0259sind\u0259n dan\u0131\u015f\u0131b.<\/p>\n<div id=\"AdviadNativeVideo0\" class=\"AdviadNativeVideo\"><\/div>\n<p>O bildirib ki, erm\u0259nil\u0259rin yalan\u0131 do\u011fru kimi q\u0259l\u0259m\u0259 verm\u0259k taktikas\u0131 \u0259srl\u0259rdir d\u0259yi\u015fmir.<\/p>\n<p>S\u00f6z\u00fcged\u0259n s\u00fcjeti t\u0259qdim edirik:<\/p>\n<div><iframe loading=\"lazy\" title=\"YouTube video player\" src=\"https:\/\/www.youtube.com\/embed\/GuFIoB0kDmo\" width=\"560\" height=\"315\" frameborder=\"0\" allowfullscreen=\"allowfullscreen\" data-mce-fragment=\"1\"><\/iframe><\/div>\n<\/div>\n<\/article>\n<h2 class=\"news-share-title\"><\/h2>\n","protected":false},"excerpt":{"rendered":"<p>Baku TV-d\u0259 yay\u0131mlanan \u201cQaraba\u011f Xronikas\u0131\u201d verili\u015finin 58-ci burax\u0131l\u0131\u015f\u0131 efir\u0259 gedib. Verili\u015fin apar\u0131c\u0131s\u0131, h\u0259rbi jurnalist F\u0259rdin \u0130sazad\u0259 bud\u0259f\u0259ki burax\u0131l\u0131\u015fda Erm\u0259ni tarix\u00e7inin erm\u0259nil\u0259rin saxtakarl\u0131\u011f\u0131n\u0131 if\u015fa etm\u0259sind\u0259n dan\u0131\u015f\u0131b. O bildirib ki, erm\u0259nil\u0259rin yalan\u0131 do\u011fru kimi q\u0259l\u0259m\u0259 verm\u0259k taktikas\u0131 \u0259srl\u0259rdir d\u0259yi\u015fmir. S\u00f6z\u00fcged\u0259n s\u00fcjeti t\u0259qdim edirik:<\/p>\n","protected":false},"author":2,"featured_media":385083,"comment_status":"closed","ping_status":"closed","sticky":false,"template":"","format":"standard","meta":{"om_disable_all_campaigns":false,"_monsterinsights_skip_tracking":false,"_monsterinsights_sitenote_active":false,"_monsterinsights_sitenote_note":"","_monsterinsights_sitenote_category":0},"categories":[26],"tags":[],"aioseo_notices":[],"gutentor_comment":0,"rttpg_featured_image_url":{"full":["https:\/\/arantv.az\/wp-content\/uploads\/2021\/10\/FotoJet-2021-10-01T212631.000.jpg",620,413,false],"landscape":["https:\/\/arantv.az\/wp-content\/uploads\/2021\/10\/FotoJet-2021-10-01T212631.000.jpg",620,413,false],"portraits":["https:\/\/arantv.az\/wp-content\/uploads\/2021\/10\/FotoJet-2021-10-01T212631.000.jpg",620,413,false],"thumbnail":["https:\/\/arantv.az\/wp-content\/uploads\/2021\/10\/FotoJet-2021-10-01T212631.000-500x280.jpg",500,280,true],"medium":["https:\/\/arantv.az\/wp-content\/uploads\/2021\/10\/FotoJet-2021-10-01T212631.000-548x365.jpg",548,365,true],"large":["https:\/\/arantv.az\/wp-content\/uploads\/2021\/10\/FotoJet-2021-10-01T212631.000.jpg",620,413,false],"1536x1536":["https:\/\/arantv.az\/wp-content\/uploads\/2021\/10\/FotoJet-2021-10-01T212631.000.jpg",620,413,false],"2048x2048":["https:\/\/arantv.az\/wp-content\/uploads\/2021\/10\/FotoJet-2021-10-01T212631.000.jpg",620,413,false],"post-thumbnail":["https:\/\/arantv.az\/wp-content\/uploads\/2021\/10\/FotoJet-2021-10-01T212631.000-240x172.jpg",240,172,true],"advps-thumb-one":["https:\/\/arantv.az\/wp-content\/uploads\/2021\/10\/FotoJet-2021-10-01T212631.000.jpg",620,413,false]},"rttpg_author":{"display_name":"V\u00fcsal Rafiqo\u011flu","author_link":"https:\/\/arantv.az\/?author=2"},"rttpg_comment":0,"rttpg_category":"<a href=\"https:\/\/arantv.az\/?cat=26\" rel=\"category\">Sosial<\/a>","rttpg_excerpt":"Baku TV-d\u0259 yay\u0131mlanan \u201cQaraba\u011f Xronikas\u0131\u201d verili\u015finin 58-ci burax\u0131l\u0131\u015f\u0131 efir\u0259 gedib. Verili\u015fin apar\u0131c\u0131s\u0131, h\u0259rbi jurnalist F\u0259rdin \u0130sazad\u0259 bud\u0259f\u0259ki burax\u0131l\u0131\u015fda Erm\u0259ni tarix\u00e7inin erm\u0259nil\u0259rin saxtakarl\u0131\u011f\u0131n\u0131 if\u015fa etm\u0259sind\u0259n dan\u0131\u015f\u0131b. O bildirib ki, erm\u0259nil\u0259rin yalan\u0131 do\u011fru kimi q\u0259l\u0259m\u0259 verm\u0259k taktikas\u0131 \u0259srl\u0259rdir d\u0259yi\u015fmir. S\u00f6z\u00fcged\u0259n s\u00fcjeti t\u0259qdim edirik:","_links":{"self":[{"href":"https:\/\/arantv.az\/index.php?rest_route=\/wp\/v2\/posts\/385082"}],"collection":[{"href":"https:\/\/arantv.az\/index.php?rest_route=\/wp\/v2\/posts"}],"about":[{"href":"https:\/\/arantv.az\/index.php?rest_route=\/wp\/v2\/types\/post"}],"author":[{"embeddable":true,"href":"https:\/\/arantv.az\/index.php?rest_route=\/wp\/v2\/users\/2"}],"replies":[{"embeddable":true,"href":"https:\/\/arantv.az\/index.php?rest_route=%2Fwp%2Fv2%2Fcomments&post=385082"}],"version-history":[{"count":0,"href":"https:\/\/arantv.az\/index.php?rest_route=\/wp\/v2\/posts\/385082\/revisions"}],"wp:featuredmedia":[{"embeddable":true,"href":"https:\/\/arantv.az\/index.php?rest_route=\/wp\/v2\/media\/385083"}],"wp:attachment":[{"href":"https:\/\/arantv.az\/index.php?rest_route=%2Fwp%2Fv2%2Fmedia&parent=385082"}],"wp:term":[{"taxonomy":"category","embeddable":true,"href":"https:\/\/arantv.az\/index.php?rest_route=%2Fwp%2Fv2%2Fcategories&post=385082"},{"taxonomy":"post_tag","embeddable":true,"href":"https:\/\/arantv.az\/index.php?rest_route=%2Fwp%2Fv2%2Ftags&post=385082"}],"curies":[{"name":"wp","href":"https:\/\/api.w.org\/{rel}","templated":true}]}}