{"id":385085,"date":"2021-10-02T07:55:00","date_gmt":"2021-10-02T04:55:00","guid":{"rendered":"http:\/\/arantv.az\/?p=385085"},"modified":"2021-10-02T07:55:00","modified_gmt":"2021-10-02T04:55:00","slug":"m%c9%99d%c9%99niyy%c9%99t-nazirliyi-s%c9%99yyad-%c9%99lizad%c9%99nin-olumu-il%c9%99-bagli-nekroloq-yayib","status":"publish","type":"post","link":"https:\/\/arantv.az\/?p=385085","title":{"rendered":"M\u0259d\u0259niyy\u0259t Nazirliyi S\u0259yyad \u018flizad\u0259nin \u00f6l\u00fcm\u00fc il\u0259 ba\u011fl\u0131 nekroloq yay\u0131b"},"content":{"rendered":"<p>M\u0259d\u0259niyy\u0259t Nazirliyi tan\u0131nm\u0131\u015f m\u00fc\u011f\u0259nni S\u0259yyad \u018flizad\u0259nin \u00f6l\u00fcm\u00fc il\u0259 ba\u011fl\u0131 nekroloq yay\u0131b.<\/p>\n<p>Nekroloqda deyilir:<\/p>\n<p>&#8220;Az\u0259rbaycan m\u0259d\u0259niyy\u0259tin\u0259 itki \u00fcz verib!<\/p>\n<div id=\"AdviadNativeVideo0\" class=\"AdviadNativeVideo\"><\/div>\n<p>M\u00fc\u011f\u0259nni S\u0259yyad \u018flizad\u0259 \u00f6mr\u00fcn\u00fcn 63-c\u00fc ilind\u0259 v\u0259fat edib.<\/p>\n<p>S\u0259n\u0259t\u00e7i 1958-ci il avqustun 6-da F\u00fczuli rayonunun Bab\u0131 k\u0259ndind\u0259 anadan olub.<\/p>\n<p>\u0130lk t\u0259hsilini Bab\u0131 k\u0259ndind\u0259ki orta m\u0259kt\u0259bd\u0259 alan S.\u018flizad\u0259 u\u015faq ya\u015flar\u0131ndan m\u0259kt\u0259bd\u0259 ke\u00e7iril\u0259n \u015f\u0259nlikl\u0259rd\u0259 v\u0259 rayon ansambl\u0131nda oxuma\u011fa ba\u015flay\u0131r. 1977-ci ild\u0259 Az\u0259rbaycan \u0130n\u015faat M\u00fch\u0259ndisl\u0259ri \u0130nstitutuna daxil olur. T\u0259hsil ald\u0131\u011f\u0131 ill\u0259rd\u0259 &#8220;Arzu&#8221; Xalq \u00c7al\u011f\u0131 Al\u0259tl\u0259ri Ansambl\u0131 il\u0259 &#8220;Oxu tar&#8221;, &#8220;\u0130stedadlar axtar\u0131r\u0131q&#8221;, m\u00fcsabiq\u0259l\u0259rinin, &#8220;SSR\u0130-Yunan g\u0259ncl\u0259ri&#8221; Festival\u0131n\u0131n laureat\u0131 olub.<\/p>\n<p>1987-ci ild\u0259 ilk albomu i\u015f\u0131q \u00fcz\u00fc g\u00f6r\u00fcr.M\u0259rhum s\u0259n\u0259t\u00e7i &#8220;G\u00f6zl\u0259rimin ya\u015f\u0131&#8221;, &#8220;B\u0259yaz gec\u0259l\u0259r\u201d, &#8220;G\u00fcl ki, \u00fcr\u0259yim g\u00fcls\u00fcn&#8221;, &#8220;Bizim Metropoliten&#8221; kimi mahn\u0131lar\u0131n ifa\u00e7\u0131s\u0131 olub.<\/p>\n<p>Allah r\u0259hm\u0259t elsin!&#8221;<\/p>\n","protected":false},"excerpt":{"rendered":"<p>M\u0259d\u0259niyy\u0259t Nazirliyi tan\u0131nm\u0131\u015f m\u00fc\u011f\u0259nni S\u0259yyad \u018flizad\u0259nin \u00f6l\u00fcm\u00fc il\u0259 ba\u011fl\u0131 nekroloq yay\u0131b. Nekroloqda deyilir: &#8220;Az\u0259rbaycan m\u0259d\u0259niyy\u0259tin\u0259 itki \u00fcz verib! M\u00fc\u011f\u0259nni S\u0259yyad \u018flizad\u0259 \u00f6mr\u00fcn\u00fcn 63-c\u00fc ilind\u0259 v\u0259fat edib. S\u0259n\u0259t\u00e7i 1958-ci il avqustun 6-da F\u00fczuli rayonunun Bab\u0131 k\u0259ndind\u0259 anadan olub. \u0130lk t\u0259hsilini Bab\u0131 k\u0259ndind\u0259ki orta m\u0259kt\u0259bd\u0259 alan S.\u018flizad\u0259 u\u015faq ya\u015flar\u0131ndan m\u0259kt\u0259bd\u0259 ke\u00e7iril\u0259n \u015f\u0259nlikl\u0259rd\u0259 v\u0259 rayon ansambl\u0131nda oxuma\u011fa ba\u015flay\u0131r. 1977-ci ild\u0259 Az\u0259rbaycan \u0130n\u015faat M\u00fch\u0259ndisl\u0259ri \u0130nstitutuna daxil olur. T\u0259hsil ald\u0131\u011f\u0131 ill\u0259rd\u0259 &#8220;Arzu&#8221; Xalq \u00c7al\u011f\u0131 Al\u0259tl\u0259ri Ansambl\u0131 il\u0259 &#8220;Oxu tar&#8221;, &#8220;\u0130stedadlar axtar\u0131r\u0131q&#8221;, m\u00fcsabiq\u0259l\u0259rinin, &#8220;SSR\u0130-Yunan g\u0259ncl\u0259ri&#8221; Festival\u0131n\u0131n laureat\u0131 olub. 1987-ci ild\u0259 ilk albomu i\u015f\u0131q \u00fcz\u00fc g\u00f6r\u00fcr.M\u0259rhum s\u0259n\u0259t\u00e7i&hellip;<\/p>\n","protected":false},"author":2,"featured_media":385086,"comment_status":"closed","ping_status":"closed","sticky":false,"template":"","format":"standard","meta":{"om_disable_all_campaigns":false,"_monsterinsights_skip_tracking":false,"_monsterinsights_sitenote_active":false,"_monsterinsights_sitenote_note":"","_monsterinsights_sitenote_category":0},"categories":[26],"tags":[],"aioseo_notices":[],"gutentor_comment":0,"rttpg_featured_image_url":{"full":["https:\/\/arantv.az\/wp-content\/uploads\/2021\/10\/FotoJet-5-1-1.jpg",620,415,false],"landscape":["https:\/\/arantv.az\/wp-content\/uploads\/2021\/10\/FotoJet-5-1-1.jpg",620,415,false],"portraits":["https:\/\/arantv.az\/wp-content\/uploads\/2021\/10\/FotoJet-5-1-1.jpg",620,415,false],"thumbnail":["https:\/\/arantv.az\/wp-content\/uploads\/2021\/10\/FotoJet-5-1-1-500x280.jpg",500,280,true],"medium":["https:\/\/arantv.az\/wp-content\/uploads\/2021\/10\/FotoJet-5-1-1-545x365.jpg",545,365,true],"large":["https:\/\/arantv.az\/wp-content\/uploads\/2021\/10\/FotoJet-5-1-1.jpg",620,415,false],"1536x1536":["https:\/\/arantv.az\/wp-content\/uploads\/2021\/10\/FotoJet-5-1-1.jpg",620,415,false],"2048x2048":["https:\/\/arantv.az\/wp-content\/uploads\/2021\/10\/FotoJet-5-1-1.jpg",620,415,false],"post-thumbnail":["https:\/\/arantv.az\/wp-content\/uploads\/2021\/10\/FotoJet-5-1-1-240x172.jpg",240,172,true],"advps-thumb-one":["https:\/\/arantv.az\/wp-content\/uploads\/2021\/10\/FotoJet-5-1-1.jpg",620,415,false]},"rttpg_author":{"display_name":"V\u00fcsal Rafiqo\u011flu","author_link":"https:\/\/arantv.az\/?author=2"},"rttpg_comment":0,"rttpg_category":"<a href=\"https:\/\/arantv.az\/?cat=26\" rel=\"category\">Sosial<\/a>","rttpg_excerpt":"M\u0259d\u0259niyy\u0259t Nazirliyi tan\u0131nm\u0131\u015f m\u00fc\u011f\u0259nni S\u0259yyad \u018flizad\u0259nin \u00f6l\u00fcm\u00fc il\u0259 ba\u011fl\u0131 nekroloq yay\u0131b. Nekroloqda deyilir: &#8220;Az\u0259rbaycan m\u0259d\u0259niyy\u0259tin\u0259 itki \u00fcz verib! M\u00fc\u011f\u0259nni S\u0259yyad \u018flizad\u0259 \u00f6mr\u00fcn\u00fcn 63-c\u00fc ilind\u0259 v\u0259fat edib. S\u0259n\u0259t\u00e7i 1958-ci il avqustun 6-da F\u00fczuli rayonunun Bab\u0131 k\u0259ndind\u0259 anadan olub. \u0130lk t\u0259hsilini Bab\u0131 k\u0259ndind\u0259ki orta m\u0259kt\u0259bd\u0259 alan S.\u018flizad\u0259 u\u015faq ya\u015flar\u0131ndan m\u0259kt\u0259bd\u0259 ke\u00e7iril\u0259n \u015f\u0259nlikl\u0259rd\u0259 v\u0259 rayon ansambl\u0131nda oxuma\u011fa ba\u015flay\u0131r.&hellip;","_links":{"self":[{"href":"https:\/\/arantv.az\/index.php?rest_route=\/wp\/v2\/posts\/385085"}],"collection":[{"href":"https:\/\/arantv.az\/index.php?rest_route=\/wp\/v2\/posts"}],"about":[{"href":"https:\/\/arantv.az\/index.php?rest_route=\/wp\/v2\/types\/post"}],"author":[{"embeddable":true,"href":"https:\/\/arantv.az\/index.php?rest_route=\/wp\/v2\/users\/2"}],"replies":[{"embeddable":true,"href":"https:\/\/arantv.az\/index.php?rest_route=%2Fwp%2Fv2%2Fcomments&post=385085"}],"version-history":[{"count":0,"href":"https:\/\/arantv.az\/index.php?rest_route=\/wp\/v2\/posts\/385085\/revisions"}],"wp:featuredmedia":[{"embeddable":true,"href":"https:\/\/arantv.az\/index.php?rest_route=\/wp\/v2\/media\/385086"}],"wp:attachment":[{"href":"https:\/\/arantv.az\/index.php?rest_route=%2Fwp%2Fv2%2Fmedia&parent=385085"}],"wp:term":[{"taxonomy":"category","embeddable":true,"href":"https:\/\/arantv.az\/index.php?rest_route=%2Fwp%2Fv2%2Fcategories&post=385085"},{"taxonomy":"post_tag","embeddable":true,"href":"https:\/\/arantv.az\/index.php?rest_route=%2Fwp%2Fv2%2Ftags&post=385085"}],"curies":[{"name":"wp","href":"https:\/\/api.w.org\/{rel}","templated":true}]}}