{"id":385088,"date":"2021-10-02T07:56:18","date_gmt":"2021-10-02T04:56:18","guid":{"rendered":"http:\/\/arantv.az\/?p=385088"},"modified":"2021-10-02T07:56:18","modified_gmt":"2021-10-02T04:56:18","slug":"avrasiya-yeni-logistik-v%c9%99-iqtisadi-%c9%99saslarda-birl%c9%99s%c9%99c%c9%99k-z%c9%99ng%c9%99zur-d%c9%99hlizi","status":"publish","type":"post","link":"https:\/\/arantv.az\/?p=385088","title":{"rendered":"Avrasiya yeni logistik v\u0259 iqtisadi \u0259saslarda birl\u0259\u015f\u0259c\u0259k &#8211; Z\u0259ng\u0259zur d\u0259hlizi"},"content":{"rendered":"<p>Prezident \u0130lham \u018fliyev Z\u0259ng\u0259zur d\u0259hlizinin yarad\u0131lmas\u0131n\u0131n Az\u0259rbaycan \u00fc\u00e7\u00fcn \u0259h\u0259miyy\u0259tini daim vur\u011fulay\u0131r. \u00d6lk\u0259 ba\u015f\u00e7\u0131s\u0131 bildirir ki, Z\u0259ng\u0259zur d\u0259hlizinin yarad\u0131lmas\u0131 Az\u0259rbaycan\u0131n milli, tarixi v\u0259 g\u0259l\u0259c\u0259k maraqlar\u0131na tam cavab verir. Buna g\u00f6r\u0259 d\u0259 Erm\u0259nistan ist\u0259s\u0259 d\u0259, ist\u0259m\u0259s\u0259 d\u0259 bu d\u0259hlizi a\u00e7\u0131lacaq\u00a0\u00a0\u00a0\u00a0\u00a0\u00a0\u00a0\u00a0 : \u201c\u0130st\u0259s\u0259, daha asan h\u0259ll ed\u0259c\u0259yik, ist\u0259m\u0259s\u0259 d\u0259 zorla h\u0259ll ed\u0259c\u0259yik. Nec\u0259 ki, m\u0259n m\u00fcharib\u0259d\u0259n \u0259vv\u0259l v\u0259 m\u00fcharib\u0259 d\u00f6vr\u00fcnd\u0259 demi\u015fdim ki, bizim torpa\u011f\u0131m\u0131zdan \u00f6z xo\u015funuzla r\u0259dd olun, yoxsa sizi zorla \u00e7\u0131xaraca\u011f\u0131q. Bel\u0259 d\u0259 oldu. Z\u0259ng\u0259zur d\u0259hlizinin taleyi d\u0259 eyni olacaq. Bizim \u0259sas r\u0259qibimiz zamand\u0131r. \u00c7\u00fcnki d\u0259mir yolunun, avtomobil yolunun \u00e7\u0259kili\u015fi vaxt t\u0259l\u0259b edir. Ona g\u00f6r\u0259 b\u00fct\u00fcn g\u00fccl\u0259r s\u0259f\u0259rb\u0259r olunub ki, bu layih\u0259 icra edilsin. Bel\u0259likl\u0259, Az\u0259rbaycan xalq\u0131 101 il bundan \u0259vv\u0259l bizim \u0259limizd\u0259n al\u0131nm\u0131\u015f Z\u0259ng\u0259zura qay\u0131dacaqd\u0131r\u201d.<\/p>\n<p>Vaxtil\u0259 Z\u0259ng\u0259zurun Az\u0259rbaycandan qopar\u0131laraq Erm\u0259nistana birl\u0259\u015fdirilm\u0259si il\u0259 t\u00fcrk d\u00fcnyas\u0131 par\u00e7alanm\u0131\u015fd\u0131r. Bu g\u00fcn Z\u0259ng\u0259zur d\u0259hlizinin a\u00e7\u0131lmas\u0131 t\u00fcrk d\u00fcnyas\u0131n\u0131n yenid\u0259n co\u011frafi birl\u0259\u015fm\u0259sidir. Bu bax\u0131mdan d\u00f6vl\u0259timizin ba\u015f\u00e7\u0131s\u0131 d\u0259hlizin \u0259h\u0259miyy\u0259tini h\u0259l\u0259 2009-cu il 3 oktyabr tarixind\u0259 Nax\u00e7\u0131vanda ke\u00e7irilmi\u015f Zirv\u0259 g\u00f6r\u00fc\u015f\u00fcnd\u0259 a\u00e7\u0131qlam\u0131\u015fd\u0131. \u00a0\u00d6lk\u0259 ba\u015f\u00e7\u0131s\u0131 qeyd etmi\u015fdi ki, q\u0259dim Az\u0259rbaycan torpa\u011f\u0131 olan Z\u0259ng\u0259zur indi t\u00fcrk d\u00fcnyas\u0131n\u0131 birl\u0259\u015fdir\u0259n k\u00f6rp\u00fc rolunu oynayacaq.<\/p>\n<p>Prezident \u0130lham \u018fliyev 2021-ci il 31 mart tarixind\u0259 T\u00fcrkdilli D\u00f6vl\u0259tl\u0259rin \u018fm\u0259kda\u015fl\u0131q \u015euras\u0131n\u0131n videokonfrans format\u0131nda qeyri-formal Zirv\u0259 g\u00f6r\u00fc\u015f\u00fcnd\u0259 \u00e7\u0131x\u0131\u015f\u0131 zaman\u0131 bildirmi\u015fdi ki, m\u00fcharib\u0259 ba\u015fa \u00e7atd\u0131, m\u00fcnaqi\u015f\u0259 tarixd\u0259 qald\u0131: \u201cYeni imkanlar yarand\u0131. Onlar\u0131n aras\u0131nda hesab edir\u0259m ki, \u0259n vacib imkan n\u0259qliyyat imkanlar\u0131d\u0131r. Bu g\u00fcn biz art\u0131q Z\u0259ng\u0259zur d\u0259hlizi \u00fcz\u0259rind\u0259 \u00e7ox f\u0259al \u00e7al\u0131\u015f\u0131r\u0131q\u201d.<\/p>\n<p>44 g\u00fcnl\u00fck V\u0259t\u0259n m\u00fcharib\u0259sind\u0259n sonra q\u0259dim Az\u0259rbaycan torpa\u011f\u0131 olan Z\u0259ng\u0259zur vasit\u0259sil\u0259 yeni d\u0259hliz yaranmaqdad\u0131r. Bu d\u0259hlizd\u0259n ke\u00e7\u0259n n\u0259qliyyat, kommunikasiya, infrastruktur layih\u0259l\u0259ri b\u00fct\u00fcn t\u00fcrk d\u00fcnyas\u0131n\u0131 birl\u0259\u015fdir\u0259c\u0259k, eyni zamanda, dig\u0259r \u00f6lk\u0259l\u0259r, el\u0259c\u0259 d\u0259 Erm\u0259nistan \u00fc\u00e7\u00fcn \u0259lav\u0259 imkanlar yaradacaq. Erm\u0259nistan\u0131n haz\u0131rda onun m\u00fctt\u0259fiqi olan Rusiya il\u0259 d\u0259mir yolu \u0259laq\u0259si yoxdur. Bu d\u0259mir yolu \u0259laq\u0259si Az\u0259rbaycan \u0259razisind\u0259n yarana bil\u0259r. Erm\u0259nistan\u0131n onun qon\u015fusu olan \u0130ranla d\u0259mir yolu \u0259laq\u0259si yoxdur. Nax\u00e7\u0131van Muxtar Respublikas\u0131 vasit\u0259sil\u0259 bu d\u0259mir yolu t\u0259min edil\u0259 bil\u0259r. H\u0259m d\u0259 Az\u0259rbaycan Nax\u00e7\u0131van vasit\u0259sil\u0259 T\u00fcrkiy\u0259 il\u0259 Orta Asiya is\u0259 Avropa il\u0259 birl\u0259\u015fir. Bu d\u0259hlizin realla\u015fd\u0131r\u0131lmas\u0131 il\u0259 Nax\u00e7\u0131van beyn\u0259lxalq logistika qov\u015fa\u011f\u0131na \u00e7evril\u0259c\u0259k. B\u00fct\u00f6vl\u00fckd\u0259 Z\u0259ng\u0259zur d\u0259hlizi Avrasiyan\u0131n m\u00fch\u00fcm hiss\u0259sinin yeni logistik v\u0259 iqtisadi \u0259saslarda birl\u0259\u015fm\u0259si bax\u0131m\u0131ndan m\u00fch\u00fcm \u0259h\u0259miyy\u0259t k\u0259sb edir.<\/p>\n<p>Qazax\u0131stanl\u0131 iqtisad\u00e7\u0131-ekspert Saparbay Jubayev Z\u0259ng\u0259zur d\u0259hlizinin Orta Asiyan\u0131n geostrateji m\u00f6vqeyini g\u00fccl\u0259ndir\u0259c\u0259yini bildirir. Jubayev qeyd edir ki, Qazax\u0131stan\u0131n tranzit yolu Z\u0259ng\u0259zur d\u0259hlizi il\u0259 \u015fax\u0259l\u0259ndiril\u0259 bil\u0259r. Q\u0131r\u011f\u0131z\u0131stan\u0131n \u00f6lk\u0259mizd\u0259ki s\u0259firi Kayrat Osmonaliyev is\u0259 vur\u011fulay\u0131b ki, Az\u0259rbaycan ilk n\u00f6vb\u0259d\u0259 b\u00fct\u00fcn kommunikasiyalar\u0131n, n\u0259qliyyat magistrallar\u0131n\u0131n a\u00e7\u0131lmas\u0131 m\u0259s\u0259l\u0259sini h\u0259ll etm\u0259k, yeni yollar in\u015fa etm\u0259k \u00fc\u00e7\u00fcn ciddi s\u0259y g\u00f6st\u0259rir: \u201cAz\u0259rbaycan bu m\u0259s\u0259l\u0259l\u0259ri h\u0259ll etm\u0259y\u0259 \u00e7al\u0131\u015f\u0131r v\u0259 Erm\u0259nistanla konstruktiv dialoqa a\u00e7\u0131qd\u0131r. \u00dcmid edir\u0259m ki, g\u0259l\u0259c\u0259kd\u0259 C\u0259nubi Qafqaz \u00fc\u00e7\u00fcn s\u0259m\u0259r\u0259li olan v\u0259 h\u0259m d\u0259 M\u0259rk\u0259zi Asiya \u00f6lk\u0259l\u0259ri il\u0259 \u0259m\u0259kda\u015fl\u0131qda inteqrasiya layih\u0259l\u0259ri realla\u015fd\u0131r\u0131lacaq. M\u0259hz buna g\u00f6r\u0259 \u00f6lk\u0259mizin r\u0259hb\u0259rliyi \u201cM\u0259rk\u0259zi Asiya &#8211; C\u0259nubi Qafqaz (5+3)\u201d regionlararas\u0131 platformas\u0131n\u0131n yarad\u0131lmas\u0131n\u0131 t\u0259klif edib. Bu platforma siyasi, iqtisadi v\u0259 m\u0259d\u0259ni-humanitar sferalarda inteqrasiya layih\u0259l\u0259rin\u0259 t\u0259kan ver\u0259c\u0259k\u201d. S\u0259fir, h\u0259m\u00e7inin qeyd edib ki, \u201c5+3\u201d regionlararas\u0131 platformas\u0131n\u0131n \u0259sas\u0131nda layih\u0259l\u0259rin realla\u015fd\u0131r\u0131lmas\u0131 \u00c7in, T\u00fcrkiy\u0259 v\u0259 \u0130ran kimi qon\u015fular \u00fc\u00e7\u00fcn d\u0259 yeni imkanlar a\u00e7acaq:<\/p>\n<p>T\u00fcrkiy\u0259 C\u00fcmhuriyy\u0259tinin Prezidenti R\u0259c\u0259b Tayyib \u018frdo\u011fan bug\u00fcnl\u0259rd\u0259 Rusiya d\u00f6vl\u0259t ba\u015f\u00e7\u0131s\u0131 Vladimir Putinl\u0259 So\u00e7i g\u00f6r\u00fc\u015f\u00fcnd\u0259n sonra jurnalistl\u0259r\u0259 a\u00e7\u0131qlamas\u0131nda bildirib ki, Erm\u0259nistan Z\u0259ng\u0259zur d\u0259hlizi il\u0259 ba\u011fl\u0131 \u00f6hd\u0259likl\u0259rini yerin\u0259 yetirm\u0259lidir. Qarda\u015f \u00f6lk\u0259nin lideri, h\u0259m\u00e7inin qeyd edib ki, Z\u0259ng\u0259zur d\u0259hlizi b\u00fct\u00fcn b\u00f6lg\u0259 \u00fc\u00e7\u00fcn vacib imkan yaradacaq. Orada \u00e7\u0259kil\u0259c\u0259k avtomobil v\u0259 d\u0259mir yol x\u0259tti b\u00fct\u00fcn b\u00f6lg\u0259 \u00f6lk\u0259l\u0259ri \u00fc\u00e7\u00fcn iqtisadi-ticari imkanlar a\u00e7acaq: \u201cAz\u0259rbaycan bu d\u0259hliz \u00fc\u00e7\u00fcn \u00e7ox geni\u015f i\u015fl\u0259r g\u00f6r\u00fcr. T\u0259bii ki, Erm\u0259nistan t\u0259r\u0259fi bu d\u0259hlizl\u0259 ba\u011fl\u0131 \u00fcz\u0259rin\u0259 d\u00fc\u015f\u0259n \u00f6hd\u0259likl\u0259ri yerin\u0259 yetirm\u0259lidir\u201d.<\/p>\n","protected":false},"excerpt":{"rendered":"<p>Prezident \u0130lham \u018fliyev Z\u0259ng\u0259zur d\u0259hlizinin yarad\u0131lmas\u0131n\u0131n Az\u0259rbaycan \u00fc\u00e7\u00fcn \u0259h\u0259miyy\u0259tini daim vur\u011fulay\u0131r. \u00d6lk\u0259 ba\u015f\u00e7\u0131s\u0131 bildirir ki, Z\u0259ng\u0259zur d\u0259hlizinin yarad\u0131lmas\u0131 Az\u0259rbaycan\u0131n milli, tarixi v\u0259 g\u0259l\u0259c\u0259k maraqlar\u0131na tam cavab verir. Buna g\u00f6r\u0259 d\u0259 Erm\u0259nistan ist\u0259s\u0259 d\u0259, ist\u0259m\u0259s\u0259 d\u0259 bu d\u0259hlizi a\u00e7\u0131lacaq\u00a0\u00a0\u00a0\u00a0\u00a0\u00a0\u00a0\u00a0 : \u201c\u0130st\u0259s\u0259, daha asan h\u0259ll ed\u0259c\u0259yik, ist\u0259m\u0259s\u0259 d\u0259 zorla h\u0259ll ed\u0259c\u0259yik. Nec\u0259 ki, m\u0259n m\u00fcharib\u0259d\u0259n \u0259vv\u0259l v\u0259 m\u00fcharib\u0259 d\u00f6vr\u00fcnd\u0259 demi\u015fdim ki, bizim torpa\u011f\u0131m\u0131zdan \u00f6z xo\u015funuzla r\u0259dd olun, yoxsa sizi zorla \u00e7\u0131xaraca\u011f\u0131q. Bel\u0259 d\u0259 oldu. Z\u0259ng\u0259zur d\u0259hlizinin taleyi d\u0259 eyni olacaq. Bizim \u0259sas r\u0259qibimiz zamand\u0131r. \u00c7\u00fcnki d\u0259mir yolunun, avtomobil yolunun \u00e7\u0259kili\u015fi vaxt t\u0259l\u0259b&hellip;<\/p>\n","protected":false},"author":2,"featured_media":385089,"comment_status":"closed","ping_status":"closed","sticky":false,"template":"","format":"standard","meta":{"om_disable_all_campaigns":false,"_monsterinsights_skip_tracking":false,"_monsterinsights_sitenote_active":false,"_monsterinsights_sitenote_note":"","_monsterinsights_sitenote_category":0},"categories":[19],"tags":[],"aioseo_notices":[],"gutentor_comment":0,"rttpg_featured_image_url":{"full":["https:\/\/arantv.az\/wp-content\/uploads\/2021\/10\/a891af9b161907228861552772610314384.jpg",975,540,false],"landscape":["https:\/\/arantv.az\/wp-content\/uploads\/2021\/10\/a891af9b161907228861552772610314384.jpg",975,540,false],"portraits":["https:\/\/arantv.az\/wp-content\/uploads\/2021\/10\/a891af9b161907228861552772610314384.jpg",975,540,false],"thumbnail":["https:\/\/arantv.az\/wp-content\/uploads\/2021\/10\/a891af9b161907228861552772610314384-500x280.jpg",500,280,true],"medium":["https:\/\/arantv.az\/wp-content\/uploads\/2021\/10\/a891af9b161907228861552772610314384-660x365.jpg",660,365,true],"large":["https:\/\/arantv.az\/wp-content\/uploads\/2021\/10\/a891af9b161907228861552772610314384-840x465.jpg",640,354,true],"1536x1536":["https:\/\/arantv.az\/wp-content\/uploads\/2021\/10\/a891af9b161907228861552772610314384.jpg",975,540,false],"2048x2048":["https:\/\/arantv.az\/wp-content\/uploads\/2021\/10\/a891af9b161907228861552772610314384.jpg",975,540,false],"post-thumbnail":["https:\/\/arantv.az\/wp-content\/uploads\/2021\/10\/a891af9b161907228861552772610314384-240x172.jpg",240,172,true],"advps-thumb-one":["https:\/\/arantv.az\/wp-content\/uploads\/2021\/10\/a891af9b161907228861552772610314384.jpg",975,540,false]},"rttpg_author":{"display_name":"V\u00fcsal Rafiqo\u011flu","author_link":"https:\/\/arantv.az\/?author=2"},"rttpg_comment":0,"rttpg_category":"<a href=\"https:\/\/arantv.az\/?cat=19\" rel=\"category\">G\u00fcnd\u0259m<\/a>","rttpg_excerpt":"Prezident \u0130lham \u018fliyev Z\u0259ng\u0259zur d\u0259hlizinin yarad\u0131lmas\u0131n\u0131n Az\u0259rbaycan \u00fc\u00e7\u00fcn \u0259h\u0259miyy\u0259tini daim vur\u011fulay\u0131r. \u00d6lk\u0259 ba\u015f\u00e7\u0131s\u0131 bildirir ki, Z\u0259ng\u0259zur d\u0259hlizinin yarad\u0131lmas\u0131 Az\u0259rbaycan\u0131n milli, tarixi v\u0259 g\u0259l\u0259c\u0259k maraqlar\u0131na tam cavab verir. Buna g\u00f6r\u0259 d\u0259 Erm\u0259nistan ist\u0259s\u0259 d\u0259, ist\u0259m\u0259s\u0259 d\u0259 bu d\u0259hlizi a\u00e7\u0131lacaq\u00a0\u00a0\u00a0\u00a0\u00a0\u00a0\u00a0\u00a0 : \u201c\u0130st\u0259s\u0259, daha asan h\u0259ll ed\u0259c\u0259yik, ist\u0259m\u0259s\u0259 d\u0259 zorla h\u0259ll ed\u0259c\u0259yik. Nec\u0259 ki, m\u0259n m\u00fcharib\u0259d\u0259n \u0259vv\u0259l v\u0259&hellip;","_links":{"self":[{"href":"https:\/\/arantv.az\/index.php?rest_route=\/wp\/v2\/posts\/385088"}],"collection":[{"href":"https:\/\/arantv.az\/index.php?rest_route=\/wp\/v2\/posts"}],"about":[{"href":"https:\/\/arantv.az\/index.php?rest_route=\/wp\/v2\/types\/post"}],"author":[{"embeddable":true,"href":"https:\/\/arantv.az\/index.php?rest_route=\/wp\/v2\/users\/2"}],"replies":[{"embeddable":true,"href":"https:\/\/arantv.az\/index.php?rest_route=%2Fwp%2Fv2%2Fcomments&post=385088"}],"version-history":[{"count":0,"href":"https:\/\/arantv.az\/index.php?rest_route=\/wp\/v2\/posts\/385088\/revisions"}],"wp:featuredmedia":[{"embeddable":true,"href":"https:\/\/arantv.az\/index.php?rest_route=\/wp\/v2\/media\/385089"}],"wp:attachment":[{"href":"https:\/\/arantv.az\/index.php?rest_route=%2Fwp%2Fv2%2Fmedia&parent=385088"}],"wp:term":[{"taxonomy":"category","embeddable":true,"href":"https:\/\/arantv.az\/index.php?rest_route=%2Fwp%2Fv2%2Fcategories&post=385088"},{"taxonomy":"post_tag","embeddable":true,"href":"https:\/\/arantv.az\/index.php?rest_route=%2Fwp%2Fv2%2Ftags&post=385088"}],"curies":[{"name":"wp","href":"https:\/\/api.w.org\/{rel}","templated":true}]}}