{"id":385091,"date":"2021-10-02T07:57:07","date_gmt":"2021-10-02T04:57:07","guid":{"rendered":"http:\/\/arantv.az\/?p=385091"},"modified":"2021-10-02T07:57:07","modified_gmt":"2021-10-02T04:57:07","slug":"dagliq-qarabag-adli-%c9%99razi-vahidi-yoxdur","status":"publish","type":"post","link":"https:\/\/arantv.az\/?p=385091","title":{"rendered":"Da\u011fl\u0131q Qaraba\u011f adl\u0131 \u0259razi vahidi yoxdur"},"content":{"rendered":"<p>Az\u0259rbaycan 44 g\u00fcnl\u00fck V\u0259t\u0259n m\u00fcharib\u0259sind\u0259 m\u00f6ht\u0259\u015f\u0259m Z\u0259f\u0259r qazanaraq tarixi \u0259dal\u0259ti b\u0259rpa etdi. Haz\u0131rda i\u015f\u011faldan azad edilmi\u015f \u0259razil\u0259rin b\u0259rpas\u0131, g\u0259l\u0259c\u0259k inki\u015faf\u0131n\u0131n t\u0259min olunmas\u0131, z\u0259ruri infrastrukturun yarad\u0131lmas\u0131 v\u0259 \u0259halinin do\u011fma torpaqlar\u0131na qay\u0131d\u0131\u015f\u0131 istiqam\u0259tind\u0259 geni\u015fmiqyasl\u0131 t\u0259dbirl\u0259r h\u0259yata ke\u00e7irilir.<\/p>\n<p>\u0130kinci Qaraba\u011f m\u00fcharib\u0259sind\u0259ki tarixi Q\u0259l\u0259b\u0259d\u0259n sonra Az\u0259rbaycan regionda yeni reall\u0131qlar\u0131n yarand\u0131\u011f\u0131n\u0131 bildir\u0259r\u0259k \u201c3+3\u201d \u0259m\u0259kda\u015fl\u0131q format\u0131 t\u0259\u015f\u0259bb\u00fcs\u00fcn\u00fc ir\u0259li s\u00fcr\u00fcb v\u0259 Erm\u0259nistan\u0131n da bu formata qo\u015fularaq yeni yaranm\u0131\u015f \u0259m\u0259kda\u015fl\u0131q m\u00fchitind\u0259n faydalana bil\u0259c\u0259yini b\u0259yan edib. Bununla yana\u015f\u0131, Az\u0259rbaycan Erm\u0259nistana s\u00fclh sazi\u015finin imzalanmas\u0131 t\u0259\u015f\u0259bb\u00fcs\u00fc il\u0259 \u00e7\u0131x\u0131\u015f edib, regionda kommunikasiyalar\u0131n a\u00e7\u0131lmas\u0131 \u00fc\u00e7\u00fcn z\u0259ruri t\u0259dbirl\u0259r g\u00f6r\u00fcb. Lakin Erm\u0259nistan h\u0259mi\u015f\u0259ki kimi qeyri-konstruktiv m\u00f6vqe n\u00fcmayi\u015f etdir\u0259r\u0259k bu t\u0259\u015f\u0259bb\u00fcsl\u0259r\u0259 m\u00fcsb\u0259t cavab verm\u0259kd\u0259n imtina edir v\u0259 regionda s\u00fclh\u00fcn b\u0259rq\u0259rar olmas\u0131na \u0259ng\u0259ll\u0259r yarad\u0131r. Art\u0131q m\u00fcnaqi\u015f\u0259 bitib, Az\u0259rbaycan yeni reall\u0131qlar yarad\u0131b v\u0259 bu reall\u0131qlar\u0131 beyn\u0259lxalq birlik q\u0259bul edir v\u0259 tan\u0131y\u0131r. \u0130yul ay\u0131nda \u00f6lk\u0259mizd\u0259 s\u0259f\u0259rd\u0259 olan Avropa \u0130ttifaq\u0131n\u0131n Qon\u015fuluq v\u0259 Geni\u015fl\u0259nm\u0259 \u00fczr\u0259 Komissar\u0131 Oliver Varhelyinin m\u0259s\u0259l\u0259 il\u0259 ba\u011fl\u0131 dedikl\u0259ri bunun \u0259yani t\u0259sdiqidir:\u00a0\u201cBak\u0131da Da\u011fl\u0131q Qaraba\u011fla ba\u011fl\u0131 postkonflikt plan\u0131 v\u0259 sava\u015f\u0131n f\u0259sadlar\u0131n\u0131n aradan qald\u0131r\u0131lmas\u0131n\u0131, habel\u0259 regionda uzunm\u00fcdd\u0259tli s\u00fclh\u00fcn b\u0259rq\u0259rar olmas\u0131n\u0131 n\u0259z\u0259rd\u0259 tutan postkonflikt ideyalar\u0131 m\u00fczakir\u0259 etdik. G\u00fcrc\u00fcstan\u0131n vasit\u0259\u00e7iliyi il\u0259 minalanm\u0131\u015f \u0259razil\u0259rin x\u0259rit\u0259l\u0259rinin Bak\u0131ya verilm\u0259si v\u0259 Bak\u0131n\u0131n da erm\u0259ni h\u0259rb\u00e7il\u0259rini Erm\u0259nistana t\u0259hvil verm\u0259si kimi t\u0259r\u0259fl\u0259rin ilk a\u015fkar qar\u015f\u0131l\u0131ql\u0131 f\u0259aliyy\u0259tinin \u015fahidi olma\u011f\u0131m\u0131z\u0131 \u00e7ox m\u00fch\u00fcm hesab edirik\u201d.<\/p>\n<p>Prezident \u0130lham \u018fliyev BMT Ba\u015f Assambleyas\u0131n\u0131n 76-c\u0131 sessiyas\u0131n\u0131n illik \u00fcmumi m\u00fczakir\u0259l\u0259rind\u0259 videoformatda t\u0259qdim olunan \u00e7\u0131x\u0131\u015f\u0131nda bir daha vur\u011fulad\u0131 ki, bundan sonra beyn\u0259lxalq t\u0259\u015fkilatlar Az\u0259rbaycan\u0131n inzibati \u0259razi vahidl\u0259ri il\u0259 ba\u011fl\u0131 dan\u0131\u015fark\u0259n bu zaman yeni reall\u0131qlar\u0131 q\u0259bul etm\u0259lidiril\u0259r v\u0259 art\u0131q Da\u011fl\u0131q Qaraba\u011f adl\u0131 \u0259razi vahidi yoxdur. D\u00f6vl\u0259timizin ba\u015f\u00e7\u0131s\u0131n\u0131n Az\u0259rbaycan Respublikas\u0131nda iqtisadi rayonlar\u0131n yeni b\u00f6lg\u00fcs\u00fc haqq\u0131nda F\u0259rman il\u0259 Qaraba\u011f v\u0259 \u015e\u0259rqi Z\u0259ng\u0259zur iqtisadi rayonlar\u0131 yarad\u0131l\u0131b.<\/p>\n<p>AT\u018fT-in Minsk qrupu 30 il\u0259 yax\u0131n m\u00fcdd\u0259t \u0259rzind\u0259 m\u00fcxt\u0259lif yollarla m\u00fcnaqi\u015f\u0259ni dondurmaqla m\u0259\u015f\u011ful olub, problemin h\u0259llind\u0259 he\u00e7 n\u0259y\u0259 nail olmay\u0131b. Bu g\u00fcn art\u0131q m\u00fcnaqi\u015f\u0259 gerid\u0259 qal\u0131b, Az\u0259rbaycan 44 g\u00fcnl\u00fck V\u0259t\u0259n m\u00fcharib\u0259sind\u0259 \u00f6z\u00fc bu m\u0259s\u0259l\u0259ni h\u0259ll edib, i\u015f\u011fal alt\u0131nda olan torpaqlar\u0131n\u0131 azad edib v\u0259 bu tarixi Z\u0259f\u0259ri il\u0259 regionda yeni reall\u0131q yarad\u0131b. Bu m\u0259nada Erm\u0259nistan art\u0131q \u0259razi iddialar\u0131na son qoymal\u0131, s\u00fclh v\u0259 \u0259m\u0259kda\u015fl\u0131q yolunu se\u00e7m\u0259lidir. Az\u0259rbaycan bu \u0259m\u0259kda\u015fl\u0131\u011fa haz\u0131rd\u0131r.<\/p>\n<p>D\u00f6vl\u0259timizin ba\u015f\u00e7\u0131s\u0131 sentyabr\u0131n 28-d\u0259 Fransan\u0131n \u201cFrance-24\u201d televiziya kanal\u0131na m\u00fcsahib\u0259sind\u0259 bir daha vur\u011fulay\u0131b ki, Az\u0259rbaycan m\u00fcnaqi\u015f\u0259nin h\u0259ll olundu\u011funu hesab edir. Art\u0131q ke\u00e7mi\u015f\u0259 qay\u0131d\u0131\u015f olmamal\u0131d\u0131r, Erm\u0259nistanda revan\u015fizm \u0259lam\u0259tl\u0259ri olmamal\u0131d\u0131r. Biz g\u0259l\u0259c\u0259k haqq\u0131nda, s\u00fclh haqq\u0131nda v\u0259 regionu nec\u0259 daha da sabit v\u0259 t\u0259hl\u00fck\u0259siz etm\u0259k imkanlar\u0131 haqq\u0131nda dan\u0131\u015fmal\u0131y\u0131q: \u201cArt\u0131q m\u00fcharib\u0259 bitib, m\u00fcnaqi\u015f\u0259 \u00f6z h\u0259llini tap\u0131b. Biz regionu daha da proqnozla\u015fd\u0131r\u0131la bil\u0259n, sabit v\u0259 t\u0259hl\u00fck\u0259siz regiona \u00e7evirm\u0259k \u00fc\u00e7\u00fcn yeni f\u0259aliyy\u0259t\u0259 ba\u015flamal\u0131y\u0131q. H\u0259r iki \u00f6lk\u0259nin xarici i\u015fl\u0259r nazirl\u0259rinin g\u00f6r\u00fc\u015f\u00fc bu s\u0259yl\u0259rin yax\u015f\u0131 g\u00f6st\u0259ricisidir. \u00dcmid edir\u0259m ki, bu, t\u0259kc\u0259 bir g\u00f6r\u00fc\u015f yox, yeni bir prosesin ba\u015flan\u011f\u0131c\u0131, Az\u0259rbaycan v\u0259 Erm\u0259nistan aras\u0131nda m\u00fcnasib\u0259tl\u0259rin normalla\u015fmas\u0131 prosesinin v\u0259 C\u0259nubi Qafqaz regionunda geni\u015f \u0259m\u0259kda\u015fl\u0131\u011fa yeni bir miqyas ver\u0259c\u0259k proses olacaq\u201d. Prezident \u0130lham \u018fliyev h\u0259m\u00e7inin \u0259lav\u0259 edib ki, Da\u011fl\u0131q Qaraba\u011fa muxtar statusun verilm\u0259si m\u0259s\u0259l\u0259si art\u0131q dan\u0131\u015f\u0131qlar m\u00f6vzusu deyil. O, Erm\u0259nistan\u0131 v\u0259 Minsk Qrupunu bu yeni reall\u0131\u011f\u0131 q\u0259bul etm\u0259y\u0259 \u00e7a\u011f\u0131r\u0131b.<\/p>\n<p>B\u0259li, art\u0131q m\u00fcharib\u0259 bitib. Da\u011fl\u0131q Qaraba\u011f adl\u0131 m\u00fcnaqi\u015f\u0259, Da\u011fl\u0131q Qaraba\u011f m\u0259fhumu tarix\u0259 qovu\u015fub. Az\u0259rbaycan\u0131n 44 g\u00fcnl\u00fck V\u0259t\u0259n m\u00fcharib\u0259sind\u0259ki tarixi Z\u0259f\u0259ri il\u0259 bu s\u0259hif\u0259 \u00e7evrilib. Bu s\u0259hif\u0259nin yenid\u0259n geri \u00e7evrilm\u0259si \u00fc\u00e7\u00fcn g\u00f6st\u0259ril\u0259n b\u00fct\u00fcn c\u0259hdl\u0259r \u0259b\u0259sdir.<\/p>\n","protected":false},"excerpt":{"rendered":"<p>Az\u0259rbaycan 44 g\u00fcnl\u00fck V\u0259t\u0259n m\u00fcharib\u0259sind\u0259 m\u00f6ht\u0259\u015f\u0259m Z\u0259f\u0259r qazanaraq tarixi \u0259dal\u0259ti b\u0259rpa etdi. Haz\u0131rda i\u015f\u011faldan azad edilmi\u015f \u0259razil\u0259rin b\u0259rpas\u0131, g\u0259l\u0259c\u0259k inki\u015faf\u0131n\u0131n t\u0259min olunmas\u0131, z\u0259ruri infrastrukturun yarad\u0131lmas\u0131 v\u0259 \u0259halinin do\u011fma torpaqlar\u0131na qay\u0131d\u0131\u015f\u0131 istiqam\u0259tind\u0259 geni\u015fmiqyasl\u0131 t\u0259dbirl\u0259r h\u0259yata ke\u00e7irilir. \u0130kinci Qaraba\u011f m\u00fcharib\u0259sind\u0259ki tarixi Q\u0259l\u0259b\u0259d\u0259n sonra Az\u0259rbaycan regionda yeni reall\u0131qlar\u0131n yarand\u0131\u011f\u0131n\u0131 bildir\u0259r\u0259k \u201c3+3\u201d \u0259m\u0259kda\u015fl\u0131q format\u0131 t\u0259\u015f\u0259bb\u00fcs\u00fcn\u00fc ir\u0259li s\u00fcr\u00fcb v\u0259 Erm\u0259nistan\u0131n da bu formata qo\u015fularaq yeni yaranm\u0131\u015f \u0259m\u0259kda\u015fl\u0131q m\u00fchitind\u0259n faydalana bil\u0259c\u0259yini b\u0259yan edib. Bununla yana\u015f\u0131, Az\u0259rbaycan Erm\u0259nistana s\u00fclh sazi\u015finin imzalanmas\u0131 t\u0259\u015f\u0259bb\u00fcs\u00fc il\u0259 \u00e7\u0131x\u0131\u015f edib, regionda kommunikasiyalar\u0131n a\u00e7\u0131lmas\u0131 \u00fc\u00e7\u00fcn z\u0259ruri t\u0259dbirl\u0259r g\u00f6r\u00fcb. Lakin Erm\u0259nistan h\u0259mi\u015f\u0259ki kimi qeyri-konstruktiv&hellip;<\/p>\n","protected":false},"author":2,"featured_media":385092,"comment_status":"closed","ping_status":"closed","sticky":false,"template":"","format":"standard","meta":{"om_disable_all_campaigns":false,"_monsterinsights_skip_tracking":false,"_monsterinsights_sitenote_active":false,"_monsterinsights_sitenote_note":"","_monsterinsights_sitenote_category":0},"categories":[8],"tags":[],"aioseo_notices":[],"gutentor_comment":0,"rttpg_featured_image_url":{"full":["https:\/\/arantv.az\/wp-content\/uploads\/2021\/10\/cf86661416277094729370326181014836.png",975,540,false],"landscape":["https:\/\/arantv.az\/wp-content\/uploads\/2021\/10\/cf86661416277094729370326181014836.png",975,540,false],"portraits":["https:\/\/arantv.az\/wp-content\/uploads\/2021\/10\/cf86661416277094729370326181014836.png",975,540,false],"thumbnail":["https:\/\/arantv.az\/wp-content\/uploads\/2021\/10\/cf86661416277094729370326181014836-500x280.png",500,280,true],"medium":["https:\/\/arantv.az\/wp-content\/uploads\/2021\/10\/cf86661416277094729370326181014836-660x365.png",660,365,true],"large":["https:\/\/arantv.az\/wp-content\/uploads\/2021\/10\/cf86661416277094729370326181014836-840x465.png",640,354,true],"1536x1536":["https:\/\/arantv.az\/wp-content\/uploads\/2021\/10\/cf86661416277094729370326181014836.png",975,540,false],"2048x2048":["https:\/\/arantv.az\/wp-content\/uploads\/2021\/10\/cf86661416277094729370326181014836.png",975,540,false],"post-thumbnail":["https:\/\/arantv.az\/wp-content\/uploads\/2021\/10\/cf86661416277094729370326181014836-240x172.png",240,172,true],"advps-thumb-one":["https:\/\/arantv.az\/wp-content\/uploads\/2021\/10\/cf86661416277094729370326181014836.png",975,540,false]},"rttpg_author":{"display_name":"V\u00fcsal Rafiqo\u011flu","author_link":"https:\/\/arantv.az\/?author=2"},"rttpg_comment":0,"rttpg_category":"<a href=\"https:\/\/arantv.az\/?cat=8\" rel=\"category\">\u018fsas s\u0259hif\u0259<\/a>","rttpg_excerpt":"Az\u0259rbaycan 44 g\u00fcnl\u00fck V\u0259t\u0259n m\u00fcharib\u0259sind\u0259 m\u00f6ht\u0259\u015f\u0259m Z\u0259f\u0259r qazanaraq tarixi \u0259dal\u0259ti b\u0259rpa etdi. Haz\u0131rda i\u015f\u011faldan azad edilmi\u015f \u0259razil\u0259rin b\u0259rpas\u0131, g\u0259l\u0259c\u0259k inki\u015faf\u0131n\u0131n t\u0259min olunmas\u0131, z\u0259ruri infrastrukturun yarad\u0131lmas\u0131 v\u0259 \u0259halinin do\u011fma torpaqlar\u0131na qay\u0131d\u0131\u015f\u0131 istiqam\u0259tind\u0259 geni\u015fmiqyasl\u0131 t\u0259dbirl\u0259r h\u0259yata ke\u00e7irilir. \u0130kinci Qaraba\u011f m\u00fcharib\u0259sind\u0259ki tarixi Q\u0259l\u0259b\u0259d\u0259n sonra Az\u0259rbaycan regionda yeni reall\u0131qlar\u0131n yarand\u0131\u011f\u0131n\u0131 bildir\u0259r\u0259k \u201c3+3\u201d \u0259m\u0259kda\u015fl\u0131q format\u0131 t\u0259\u015f\u0259bb\u00fcs\u00fcn\u00fc ir\u0259li s\u00fcr\u00fcb v\u0259 Erm\u0259nistan\u0131n&hellip;","_links":{"self":[{"href":"https:\/\/arantv.az\/index.php?rest_route=\/wp\/v2\/posts\/385091"}],"collection":[{"href":"https:\/\/arantv.az\/index.php?rest_route=\/wp\/v2\/posts"}],"about":[{"href":"https:\/\/arantv.az\/index.php?rest_route=\/wp\/v2\/types\/post"}],"author":[{"embeddable":true,"href":"https:\/\/arantv.az\/index.php?rest_route=\/wp\/v2\/users\/2"}],"replies":[{"embeddable":true,"href":"https:\/\/arantv.az\/index.php?rest_route=%2Fwp%2Fv2%2Fcomments&post=385091"}],"version-history":[{"count":0,"href":"https:\/\/arantv.az\/index.php?rest_route=\/wp\/v2\/posts\/385091\/revisions"}],"wp:featuredmedia":[{"embeddable":true,"href":"https:\/\/arantv.az\/index.php?rest_route=\/wp\/v2\/media\/385092"}],"wp:attachment":[{"href":"https:\/\/arantv.az\/index.php?rest_route=%2Fwp%2Fv2%2Fmedia&parent=385091"}],"wp:term":[{"taxonomy":"category","embeddable":true,"href":"https:\/\/arantv.az\/index.php?rest_route=%2Fwp%2Fv2%2Fcategories&post=385091"},{"taxonomy":"post_tag","embeddable":true,"href":"https:\/\/arantv.az\/index.php?rest_route=%2Fwp%2Fv2%2Ftags&post=385091"}],"curies":[{"name":"wp","href":"https:\/\/api.w.org\/{rel}","templated":true}]}}