{"id":385094,"date":"2021-10-02T07:58:40","date_gmt":"2021-10-02T04:58:40","guid":{"rendered":"http:\/\/arantv.az\/?p=385094"},"modified":"2021-10-02T07:58:40","modified_gmt":"2021-10-02T04:58:40","slug":"g%c9%99nc-%c9%99sg%c9%99rl%c9%99r-novb%c9%99ti-xidm%c9%99t-yerl%c9%99rin%c9%99-yola-saliniblar","status":"publish","type":"post","link":"https:\/\/arantv.az\/?p=385094","title":{"rendered":"G\u0259nc \u0259sg\u0259rl\u0259r n\u00f6vb\u0259ti xidm\u0259t yerl\u0259rin\u0259 yola sal\u0131n\u0131blar"},"content":{"rendered":"<div class=\"content lead font-weight-normal\">\n<p>\u018flahidd\u0259 \u00dcmumqo\u015fun Orduda ixtisas haz\u0131rl\u0131\u011f\u0131 kurslar\u0131 ba\u015fa \u00e7atan g\u0259nc \u0259sg\u0259rl\u0259r n\u00f6vb\u0259ti xidm\u0259t yerl\u0259rin\u0259 yola sal\u0131n\u0131blar.<\/p>\n<p><strong>ARANTV.AZ x\u0259b\u0259r verir ki,<\/strong>\u00a0\u00a0\u018flahidd\u0259 \u00dcmumqo\u015fun Ordunun m\u0259tbuat xidm\u0259tind\u0259n\u00a0AZ\u018fRTAC-\u0131n Nax\u00e7\u0131van b\u00fcrosuna bildirilib ki, yolasalma m\u0259rasimind\u0259 \u015f\u0259hidl\u0259rimizin \u0259ziz xatir\u0259si yad edilib v\u0259 Az\u0259rbaycan Respublikas\u0131n\u0131n D\u00f6vl\u0259t Himni s\u0259sl\u0259ndirilib.<\/p>\n<p>\u00c7\u0131x\u0131\u015f ed\u0259n zabit, \u0259sg\u0259r v\u0259 valideynl\u0259r V\u0259t\u0259n m\u00fcharib\u0259sind\u0259 qazan\u0131lan t\u0259cr\u00fcb\u0259 il\u0259 ke\u00e7iril\u0259n m\u0259\u015f\u011f\u0259l\u0259l\u0259rd\u0259 pe\u015f\u0259karla\u015fan g\u0259nc \u0259sg\u0259rl\u0259r\u0259 xidm\u0259tl\u0259rind\u0259 u\u011furlar arzulay\u0131blar.<\/p>\n<p>General-leytenant Fazil A\u011falarov ixtisas haz\u0131rl\u0131\u011f\u0131 kurslar\u0131n\u0131 u\u011furla ba\u015fa vurmalar\u0131 m\u00fcnasib\u0259til\u0259 \u018flahidd\u0259 \u00dcmumqo\u015fun Ordu komandan\u0131, general-polkovnik K\u0259r\u0259m Mustafayevin t\u0259brikini \u015f\u0259xsi hey\u0259t\u0259 \u00e7atd\u0131r\u0131b v\u0259 muxtar respublikada ordu quruculu\u011fu istiqam\u0259tind\u0259 g\u00f6r\u00fcl\u0259n i\u015fl\u0259rd\u0259n dan\u0131\u015f\u0131b. Bildirilib ki, b\u00fct\u00fcn birl\u0259\u015fm\u0259 v\u0259 hiss\u0259l\u0259rd\u0259, y\u00fcks\u0259k da\u011fl\u0131q \u015f\u0259raitd\u0259ki m\u00f6vqel\u0259rd\u0259 d\u00f6vl\u0259t qay\u011f\u0131s\u0131 il\u0259 m\u00fcasir xidm\u0259t \u015f\u0259raiti yarad\u0131l\u0131b. \u015e\u0259xsi hey\u0259tin d\u00f6y\u00fc\u015f haz\u0131rl\u0131\u011f\u0131n\u0131n art\u0131r\u0131lmas\u0131 \u00fc\u00e7\u00fcn plana uy\u011fun t\u0259lim v\u0259 m\u0259\u015f\u011f\u0259l\u0259l\u0259r ke\u00e7irilir. B\u00fct\u00fcn bunlar\u0131n n\u0259tic\u0259sind\u0259 V\u0259t\u0259n m\u00fcharib\u0259sind\u0259 \u018flahidd\u0259 \u00dcmumqo\u015fun Ordunun h\u0259rbi qulluq\u00e7ular\u0131 da i\u015ftirak ed\u0259r\u0259k torpaqlar\u0131m\u0131z\u0131n azad olunmas\u0131 u\u011frunda \u015f\u00fcca\u0259t g\u00f6st\u0259ribl\u0259r. \u0130nan\u0131r\u0131q ki, bu g\u00fcnd\u0259n d\u00f6y\u00fc\u015f n\u00f6vb\u0259t\u00e7iliyin\u0259 c\u0259lb olunacaq \u0259sg\u0259rl\u0259rimiz d\u0259 V\u0259t\u0259n m\u00fcharib\u0259sind\u0259 \u015f\u00fcca\u0259tl\u0259ri il\u0259 se\u00e7il\u0259n h\u0259rbi qulluq\u00e7ular\u0131m\u0131z kimi torpaqlar\u0131m\u0131z\u0131n m\u00fcdafi\u0259sind\u0259 c\u0259sar\u0259tl\u0259 dayanacaqlar.<\/p>\n<p>\u00c7\u0131x\u0131\u015flardan sonra \u0259sg\u0259rl\u0259r m\u00fcxt\u0259lif h\u0259rbi ixtisaslar \u00fczr\u0259 qazand\u0131qlar\u0131 bilik v\u0259 bacar\u0131qlar\u0131 n\u00fcmayi\u015f etdiribl\u0259r.<\/p>\n<p>Yolasalma m\u0259rasimi \u015f\u0259xsi hey\u0259tin t\u0259nt\u0259n\u0259li ke\u00e7idi il\u0259 ba\u015fa \u00e7at\u0131b.<\/p>\n<div class=\"clearfix\"><\/div>\n<\/div>\n<div class=\"fotorama--hidden\"><\/div>\n<div id=\"galleryList\" class=\"fotorama fotorama1633154213609\" data-nav=\"thumbs\" data-width=\"100%\" data-thumbwidth=\"90\" data-thumbheight=\"60\" data-allowfullscreen=\"true\" data-autoplay=\"3000\" data-ratio=\"1.5\" data-keyboard=\"true\" data-fit=\"contain\">\n<div class=\"fotorama__wrap fotorama__wrap--css3 fotorama__wrap--slide fotorama__wrap--toggle-arrows fotorama__wrap--no-controls\">\n<div class=\"fotorama__stage fotorama__pointer\">\n<div class=\"fotorama__fullscreen-icon\" tabindex=\"0\" role=\"button\"><\/div>\n<div class=\"fotorama__stage__shaft\">\n<div class=\"fotorama__stage__frame fotorama__loaded fotorama__loaded--img\"><img class=\"fotorama__img\" src=\"https:\/\/ikisahil.az\/photo\/0x0_2\/upload\/gallery\/2021\/10\/01\/-0c4cf622163310861658573313310245375.jpg\" \/><\/div>\n<div class=\"fotorama__stage__frame fotorama__loaded fotorama__loaded--img fotorama__active\"><img class=\"fotorama__img\" src=\"https:\/\/ikisahil.az\/photo\/0x0_2\/upload\/gallery\/2021\/10\/01\/-d042be1b163310861673529271510719147.jpg\" \/><\/div>\n<\/div>\n<div class=\"fotorama__arr fotorama__arr--prev\" tabindex=\"0\" role=\"button\"><\/div>\n<div class=\"fotorama__arr fotorama__arr--next fotorama__arr--disabled\" tabindex=\"-1\" role=\"button\"><\/div>\n<div class=\"fotorama__video-close\"><\/div>\n<\/div>\n<div class=\"fotorama__nav-wrap\">\n<div class=\"fotorama__nav fotorama__nav--thumbs\">\n<div class=\"fotorama__nav__shaft\">\n<div class=\"fotorama__thumb-border\"><\/div>\n<div class=\"fotorama__nav__frame fotorama__nav__frame--thumb\" tabindex=\"0\" role=\"button\">\n<div class=\"fotorama__thumb fotorama__loaded fotorama__loaded--img\"><img class=\"fotorama__img\" src=\"https:\/\/ikisahil.az\/photo\/150x100_2\/upload\/gallery\/2021\/10\/01\/-0c4cf622163310861658573313310245375.jpg\" \/><\/div>\n<\/div>\n<div class=\"fotorama__nav__frame fotorama__nav__frame--thumb fotorama__active\" tabindex=\"0\" role=\"button\">\n<div class=\"fotorama__thumb fotorama__loaded fotorama__loaded--img\"><img class=\"fotorama__img\" src=\"https:\/\/ikisahil.az\/photo\/150x100_2\/upload\/gallery\/2021\/10\/01\/-d042be1b163310861673529271510719147.jpg\" \/><\/div>\n<\/div>\n<\/div>\n<\/div>\n<\/div>\n<\/div>\n<\/div>\n<div class=\"sharing my-2 row no-gutters d-print-none\">\n<div class=\"col-md-3\"><\/div>\n<\/div>\n","protected":false},"excerpt":{"rendered":"<p>\u018flahidd\u0259 \u00dcmumqo\u015fun Orduda ixtisas haz\u0131rl\u0131\u011f\u0131 kurslar\u0131 ba\u015fa \u00e7atan g\u0259nc \u0259sg\u0259rl\u0259r n\u00f6vb\u0259ti xidm\u0259t yerl\u0259rin\u0259 yola sal\u0131n\u0131blar. ARANTV.AZ x\u0259b\u0259r verir ki,\u00a0\u00a0\u018flahidd\u0259 \u00dcmumqo\u015fun Ordunun m\u0259tbuat xidm\u0259tind\u0259n\u00a0AZ\u018fRTAC-\u0131n Nax\u00e7\u0131van b\u00fcrosuna bildirilib ki, yolasalma m\u0259rasimind\u0259 \u015f\u0259hidl\u0259rimizin \u0259ziz xatir\u0259si yad edilib v\u0259 Az\u0259rbaycan Respublikas\u0131n\u0131n D\u00f6vl\u0259t Himni s\u0259sl\u0259ndirilib. \u00c7\u0131x\u0131\u015f ed\u0259n zabit, \u0259sg\u0259r v\u0259 valideynl\u0259r V\u0259t\u0259n m\u00fcharib\u0259sind\u0259 qazan\u0131lan t\u0259cr\u00fcb\u0259 il\u0259 ke\u00e7iril\u0259n m\u0259\u015f\u011f\u0259l\u0259l\u0259rd\u0259 pe\u015f\u0259karla\u015fan g\u0259nc \u0259sg\u0259rl\u0259r\u0259 xidm\u0259tl\u0259rind\u0259 u\u011furlar arzulay\u0131blar. General-leytenant Fazil A\u011falarov ixtisas haz\u0131rl\u0131\u011f\u0131 kurslar\u0131n\u0131 u\u011furla ba\u015fa vurmalar\u0131 m\u00fcnasib\u0259til\u0259 \u018flahidd\u0259 \u00dcmumqo\u015fun Ordu komandan\u0131, general-polkovnik K\u0259r\u0259m Mustafayevin t\u0259brikini \u015f\u0259xsi hey\u0259t\u0259 \u00e7atd\u0131r\u0131b v\u0259 muxtar respublikada ordu quruculu\u011fu istiqam\u0259tind\u0259 g\u00f6r\u00fcl\u0259n i\u015fl\u0259rd\u0259n dan\u0131\u015f\u0131b. Bildirilib&hellip;<\/p>\n","protected":false},"author":2,"featured_media":385095,"comment_status":"closed","ping_status":"closed","sticky":false,"template":"","format":"standard","meta":{"om_disable_all_campaigns":false,"_monsterinsights_skip_tracking":false,"_monsterinsights_sitenote_active":false,"_monsterinsights_sitenote_note":"","_monsterinsights_sitenote_category":0},"categories":[10],"tags":[],"aioseo_notices":[],"gutentor_comment":0,"rttpg_featured_image_url":{"full":["https:\/\/arantv.az\/wp-content\/uploads\/2021\/10\/05b15a3b163310859735386229411042893.jpg",975,540,false],"landscape":["https:\/\/arantv.az\/wp-content\/uploads\/2021\/10\/05b15a3b163310859735386229411042893.jpg",975,540,false],"portraits":["https:\/\/arantv.az\/wp-content\/uploads\/2021\/10\/05b15a3b163310859735386229411042893.jpg",975,540,false],"thumbnail":["https:\/\/arantv.az\/wp-content\/uploads\/2021\/10\/05b15a3b163310859735386229411042893-500x280.jpg",500,280,true],"medium":["https:\/\/arantv.az\/wp-content\/uploads\/2021\/10\/05b15a3b163310859735386229411042893-660x365.jpg",660,365,true],"large":["https:\/\/arantv.az\/wp-content\/uploads\/2021\/10\/05b15a3b163310859735386229411042893-840x465.jpg",640,354,true],"1536x1536":["https:\/\/arantv.az\/wp-content\/uploads\/2021\/10\/05b15a3b163310859735386229411042893.jpg",975,540,false],"2048x2048":["https:\/\/arantv.az\/wp-content\/uploads\/2021\/10\/05b15a3b163310859735386229411042893.jpg",975,540,false],"post-thumbnail":["https:\/\/arantv.az\/wp-content\/uploads\/2021\/10\/05b15a3b163310859735386229411042893-240x172.jpg",240,172,true],"advps-thumb-one":["https:\/\/arantv.az\/wp-content\/uploads\/2021\/10\/05b15a3b163310859735386229411042893.jpg",975,540,false]},"rttpg_author":{"display_name":"V\u00fcsal Rafiqo\u011flu","author_link":"https:\/\/arantv.az\/?author=2"},"rttpg_comment":0,"rttpg_category":"<a href=\"https:\/\/arantv.az\/?cat=10\" rel=\"category\">C\u0259bh\u0259d\u0259n X\u0259b\u0259r<\/a>","rttpg_excerpt":"\u018flahidd\u0259 \u00dcmumqo\u015fun Orduda ixtisas haz\u0131rl\u0131\u011f\u0131 kurslar\u0131 ba\u015fa \u00e7atan g\u0259nc \u0259sg\u0259rl\u0259r n\u00f6vb\u0259ti xidm\u0259t yerl\u0259rin\u0259 yola sal\u0131n\u0131blar. ARANTV.AZ x\u0259b\u0259r verir ki,\u00a0\u00a0\u018flahidd\u0259 \u00dcmumqo\u015fun Ordunun m\u0259tbuat xidm\u0259tind\u0259n\u00a0AZ\u018fRTAC-\u0131n Nax\u00e7\u0131van b\u00fcrosuna bildirilib ki, yolasalma m\u0259rasimind\u0259 \u015f\u0259hidl\u0259rimizin \u0259ziz xatir\u0259si yad edilib v\u0259 Az\u0259rbaycan Respublikas\u0131n\u0131n D\u00f6vl\u0259t Himni s\u0259sl\u0259ndirilib. \u00c7\u0131x\u0131\u015f ed\u0259n zabit, \u0259sg\u0259r v\u0259 valideynl\u0259r V\u0259t\u0259n m\u00fcharib\u0259sind\u0259 qazan\u0131lan t\u0259cr\u00fcb\u0259 il\u0259 ke\u00e7iril\u0259n m\u0259\u015f\u011f\u0259l\u0259l\u0259rd\u0259 pe\u015f\u0259karla\u015fan g\u0259nc&hellip;","_links":{"self":[{"href":"https:\/\/arantv.az\/index.php?rest_route=\/wp\/v2\/posts\/385094"}],"collection":[{"href":"https:\/\/arantv.az\/index.php?rest_route=\/wp\/v2\/posts"}],"about":[{"href":"https:\/\/arantv.az\/index.php?rest_route=\/wp\/v2\/types\/post"}],"author":[{"embeddable":true,"href":"https:\/\/arantv.az\/index.php?rest_route=\/wp\/v2\/users\/2"}],"replies":[{"embeddable":true,"href":"https:\/\/arantv.az\/index.php?rest_route=%2Fwp%2Fv2%2Fcomments&post=385094"}],"version-history":[{"count":0,"href":"https:\/\/arantv.az\/index.php?rest_route=\/wp\/v2\/posts\/385094\/revisions"}],"wp:featuredmedia":[{"embeddable":true,"href":"https:\/\/arantv.az\/index.php?rest_route=\/wp\/v2\/media\/385095"}],"wp:attachment":[{"href":"https:\/\/arantv.az\/index.php?rest_route=%2Fwp%2Fv2%2Fmedia&parent=385094"}],"wp:term":[{"taxonomy":"category","embeddable":true,"href":"https:\/\/arantv.az\/index.php?rest_route=%2Fwp%2Fv2%2Fcategories&post=385094"},{"taxonomy":"post_tag","embeddable":true,"href":"https:\/\/arantv.az\/index.php?rest_route=%2Fwp%2Fv2%2Ftags&post=385094"}],"curies":[{"name":"wp","href":"https:\/\/api.w.org\/{rel}","templated":true}]}}