{"id":385100,"date":"2021-10-02T08:00:38","date_gmt":"2021-10-02T05:00:38","guid":{"rendered":"http:\/\/arantv.az\/?p=385100"},"modified":"2021-10-02T08:00:38","modified_gmt":"2021-10-02T05:00:38","slug":"qarabag-g%c9%99ncl%c9%99rinin-karyera-v%c9%99-m%c9%99sgullugu-uzr%c9%99-t%c9%99lim-m%c9%99sl%c9%99h%c9%99t-xidm%c9%99tl%c9%99ri-t%c9%99skil-olunacaq","status":"publish","type":"post","link":"https:\/\/arantv.az\/?p=385100","title":{"rendered":"Qaraba\u011f g\u0259ncl\u0259rinin karyera v\u0259 m\u0259\u015f\u011fullu\u011fu \u00fczr\u0259 t\u0259lim-m\u0259sl\u0259h\u0259t xidm\u0259tl\u0259ri t\u0259\u015fkil olunacaq"},"content":{"rendered":"<p>\u201c\u0410z\u0259rbaycan Demokratik T\u0259l\u0259b\u0259 G\u0259ncl\u0259r T\u0259\u015fkilat\u0131\u201d \u0130ctimai Birliyi (ADTGT) Az\u0259rbaycan Respublikas\u0131n\u0131n G\u0259ncl\u0259r Fondunun maliyy\u0259 d\u0259st\u0259yi il\u0259\u00a0<strong><em>\u201cQaraba\u011f g\u0259ncl\u0259rinin karyera v\u0259 m\u0259\u015f\u011fullu\u011f\u00fc \u00fczr\u0259 t\u0259lim-m\u0259sl\u0259h\u0259t xidm\u0259tl\u0259rinin t\u0259\u015fkili\u201d<\/em><\/strong>\u00a0adl\u0131 maarifl\u0259ndirici layih\u0259nin icras\u0131na ba\u015flay\u0131r.<\/p>\n<p>4 ay m\u00fcdd\u0259tind\u0259 (01 oktyabr 2021 \u2013 01 fevral 2022-ci il tarixl\u0259rind\u0259) icra olunacaq layih\u0259 Qaraba\u011f iqtisadi regionunun B\u0259rd\u0259, T\u0259rt\u0259r, A\u011fcab\u0259di, A\u011fdam v\u0259 F\u00fczuli rayonlar\u0131nda g\u0259ncl\u0259r\u0259 b\u0259rab\u0259r m\u0259\u015f\u011fulluq imkanlar\u0131 yaratmaq v\u0259 onlar\u0131n effektiv karyera qurmalar\u0131 \u00fc\u00e7\u00fcn z\u0259ruri bilik, bacar\u0131q v\u0259 t\u0259cr\u00fcb\u0259 a\u015f\u0131lama\u011f\u0131 n\u0259z\u0259rd\u0259 tutur.<\/p>\n<p>Layih\u0259 eyni zamanda Qaraba\u011f g\u0259ncl\u0259rinin karyera ehtiyaclar\u0131n\u0131n t\u0259min olunmas\u0131 v\u0259 bu regionun g\u0259ncl\u0259rinin m\u0259\u015f\u011fulluq sah\u0259sind\u0259 f\u0259aliyy\u0259t dair\u0259l\u0259rinin z\u0259nginl\u0259\u015fm\u0259si \u00fc\u00e7\u00fcn \u015f\u0259rait yarad\u0131lmas\u0131n\u0131 stimula\u015fd\u0131racaqd\u0131r.<\/p>\n<p>Layih\u0259 n\u0259tic\u0259sind\u0259 Qaraba\u011f iqtisadi regionunun g\u0259ncl\u0259rinin karyera v\u0259 m\u0259\u015f\u011fullu\u011fu \u00fczr\u0259 m\u0259lumat-konsaltinq xidm\u0259tl\u0259rinin inki\u015faf\u0131na t\u0259kan ver\u0259c\u0259k davaml\u0131 fundamental t\u0259lim bazas\u0131 v\u0259 k\u00f6n\u00fcll\u00fc t\u0259lim\u00e7il\u0259r \u015f\u0259b\u0259k\u0259sinin qurulmas\u0131 da n\u0259z\u0259rd\u0259 tutulur.<\/p>\n<p>Layih\u0259 \u00e7\u0259r\u00e7iv\u0259sind\u0259 ilk olaraq 5 rayonda g\u0259ncl\u0259r aras\u0131nda m\u0259\u015f\u011fullu\u011fun s\u0259viyy\u0259si, bu sah\u0259d\u0259 real v\u0259ziyy\u0259t, karyera imkanlar\u0131 bar\u0259d\u0259 regionun g\u0259ncl\u0259rinin r\u0259y v\u0259 t\u0259klifl\u0259ril\u0259 ba\u011fl\u0131 sosioloji sor\u011fu ke\u00e7iril\u0259c\u0259k v\u0259 obyektiv hesabat haz\u0131rlan\u0131b geni\u015f ictimaiyy\u0259t\u0259 v\u0259 aidiyy\u0259tli qurumlara t\u0259qdim olunacaq.<\/p>\n<p>\u0130cra plan\u0131na uy\u011fun A\u011fdam, F\u00fczuli, T\u0259rt\u0259r, B\u0259rd\u0259 v\u0259 A\u011fcab\u0259di rayonlar\u0131nda h\u0259r birind\u0259 3 g\u00fcn olmaqla 120 n\u0259f\u0259r region g\u0259nci \u00fc\u00e7\u00fcn\u00a0<em>\u201cm\u0259\u015f\u011fulluq, karyera v\u0259 i\u015faxtarmaq imkanlar\u0131\u201d<\/em>\u00a0m\u00f6vzular\u0131nda t\u0259lim sessiyalar\u0131 ke\u00e7iril\u0259c\u0259k v\u0259 dig\u0259r g\u0259ncl\u0259r qruplar\u0131 \u00fc\u00e7\u00fcn m\u0259lumat-konsaltinq xidm\u0259tl\u0259ri t\u0259\u015fkil olunacaq.<\/p>\n<p>Layih\u0259 \u00e7\u0259r\u00e7iv\u0259sind\u0259 i\u015ftirak\u00e7\u0131lar v\u0259 onlar\u0131n vasit\u0259sil\u0259 dig\u0259r h\u0259mkarlar\u0131 \u00fc\u00e7\u00fcn\u00a0<em>\u201cQaraba\u011f g\u0259ncl\u0259rinin m<\/em><em>\u0259\u015f\u011fulluq v\u0259 karyera imkanlar\u0131\u201d adl\u0131 Yadda\u015f kitab\u00e7as\u0131<\/em>\u00a0\u00e7ap olunub paylanacaq v\u0259 el\u0259c\u0259d\u0259 davaml\u0131l\u0131q \u00fc\u00e7\u00fcn qurulan 15 n\u0259f\u0259rlik k\u00f6n\u00fcll\u00fc t\u0259lim\u00e7il\u0259r \u015f\u0259b\u0259k\u0259si \u00fczvl\u0259rin\u0259 pe\u015f\u0259kar t\u0259lim modullar\u0131 t\u0259qdim olunacaq.<\/p>\n<p>Sosial media v\u0259 \u015f\u0259b\u0259k\u0259l\u0259rd\u0259 silsil\u0259 PR i\u015fl\u0259ri apar\u0131lacaq, geni\u015f ictimai reklam kampaniyas\u0131 t\u0259\u015fkil olunacaq v\u0259 layih\u0259 davaml\u0131l\u0131\u011f\u0131 olaraq Qaraba\u011f g\u0259ncl\u0259rinin m\u0259\u015f\u011fullu\u011fu \u00fc\u00e7\u00fcn i\u015f t\u0259klifl\u0259ri il\u0259 \u0259laq\u0259dar HR funksiyal\u0131, virtual m\u0259lumat-kadr bazas\u0131 qurulacaq, regionda h\u00f6kum\u0259t v\u0259 \u00f6z\u0259l qurumlarla faydal\u0131 \u0259m\u0259kda\u015fl\u0131q v\u0259 t\u0259r\u0259fda\u015fl\u0131q qurulacaq.<\/p>\n<p><strong>\u00a0\u00a0\u00a0 ADTGT \u0130ctimai \u0259laq\u0259l\u0259r<\/strong>\u00a0<strong>v\u0259 informasiya departamenti\u00a0\u00a0\u00a0 \u00a0\u00a0\u00a0\u00a0\u00a0\u00a0\u00a0\u00a0\u00a0\u00a0\u00a0\u00a0\u00a0\u00a0\u00a0\u00a0\u00a0\u00a0\u00a0\u00a0\u00a0\u00a0\u00a0\u00a0<\/strong><\/p>\n","protected":false},"excerpt":{"rendered":"<p>\u201c\u0410z\u0259rbaycan Demokratik T\u0259l\u0259b\u0259 G\u0259ncl\u0259r T\u0259\u015fkilat\u0131\u201d \u0130ctimai Birliyi (ADTGT) Az\u0259rbaycan Respublikas\u0131n\u0131n G\u0259ncl\u0259r Fondunun maliyy\u0259 d\u0259st\u0259yi il\u0259\u00a0\u201cQaraba\u011f g\u0259ncl\u0259rinin karyera v\u0259 m\u0259\u015f\u011fullu\u011f\u00fc \u00fczr\u0259 t\u0259lim-m\u0259sl\u0259h\u0259t xidm\u0259tl\u0259rinin t\u0259\u015fkili\u201d\u00a0adl\u0131 maarifl\u0259ndirici layih\u0259nin icras\u0131na ba\u015flay\u0131r. 4 ay m\u00fcdd\u0259tind\u0259 (01 oktyabr 2021 \u2013 01 fevral 2022-ci il tarixl\u0259rind\u0259) icra olunacaq layih\u0259 Qaraba\u011f iqtisadi regionunun B\u0259rd\u0259, T\u0259rt\u0259r, A\u011fcab\u0259di, A\u011fdam v\u0259 F\u00fczuli rayonlar\u0131nda g\u0259ncl\u0259r\u0259 b\u0259rab\u0259r m\u0259\u015f\u011fulluq imkanlar\u0131 yaratmaq v\u0259 onlar\u0131n effektiv karyera qurmalar\u0131 \u00fc\u00e7\u00fcn z\u0259ruri bilik, bacar\u0131q v\u0259 t\u0259cr\u00fcb\u0259 a\u015f\u0131lama\u011f\u0131 n\u0259z\u0259rd\u0259 tutur. Layih\u0259 eyni zamanda Qaraba\u011f g\u0259ncl\u0259rinin karyera ehtiyaclar\u0131n\u0131n t\u0259min olunmas\u0131 v\u0259 bu regionun g\u0259ncl\u0259rinin m\u0259\u015f\u011fulluq sah\u0259sind\u0259 f\u0259aliyy\u0259t dair\u0259l\u0259rinin z\u0259nginl\u0259\u015fm\u0259si \u00fc\u00e7\u00fcn&hellip;<\/p>\n","protected":false},"author":2,"featured_media":385101,"comment_status":"closed","ping_status":"closed","sticky":false,"template":"","format":"standard","meta":{"om_disable_all_campaigns":false,"_monsterinsights_skip_tracking":false,"_monsterinsights_sitenote_active":false,"_monsterinsights_sitenote_note":"","_monsterinsights_sitenote_category":0},"categories":[26],"tags":[],"aioseo_notices":[],"gutentor_comment":0,"rttpg_featured_image_url":{"full":["https:\/\/arantv.az\/wp-content\/uploads\/2021\/10\/Oct-1-Doc-1-Page-1-1024x724-1.jpg",1024,724,false],"landscape":["https:\/\/arantv.az\/wp-content\/uploads\/2021\/10\/Oct-1-Doc-1-Page-1-1024x724-1.jpg",1024,724,false],"portraits":["https:\/\/arantv.az\/wp-content\/uploads\/2021\/10\/Oct-1-Doc-1-Page-1-1024x724-1.jpg",1024,724,false],"thumbnail":["https:\/\/arantv.az\/wp-content\/uploads\/2021\/10\/Oct-1-Doc-1-Page-1-1024x724-1-500x280.jpg",500,280,true],"medium":["https:\/\/arantv.az\/wp-content\/uploads\/2021\/10\/Oct-1-Doc-1-Page-1-1024x724-1-516x365.jpg",516,365,true],"large":["https:\/\/arantv.az\/wp-content\/uploads\/2021\/10\/Oct-1-Doc-1-Page-1-1024x724-1-840x594.jpg",640,453,true],"1536x1536":["https:\/\/arantv.az\/wp-content\/uploads\/2021\/10\/Oct-1-Doc-1-Page-1-1024x724-1.jpg",1024,724,false],"2048x2048":["https:\/\/arantv.az\/wp-content\/uploads\/2021\/10\/Oct-1-Doc-1-Page-1-1024x724-1.jpg",1024,724,false],"post-thumbnail":["https:\/\/arantv.az\/wp-content\/uploads\/2021\/10\/Oct-1-Doc-1-Page-1-1024x724-1-240x172.jpg",240,172,true],"advps-thumb-one":["https:\/\/arantv.az\/wp-content\/uploads\/2021\/10\/Oct-1-Doc-1-Page-1-1024x724-1-1024x620.jpg",1024,620,true]},"rttpg_author":{"display_name":"V\u00fcsal Rafiqo\u011flu","author_link":"https:\/\/arantv.az\/?author=2"},"rttpg_comment":0,"rttpg_category":"<a href=\"https:\/\/arantv.az\/?cat=26\" rel=\"category\">Sosial<\/a>","rttpg_excerpt":"\u201c\u0410z\u0259rbaycan Demokratik T\u0259l\u0259b\u0259 G\u0259ncl\u0259r T\u0259\u015fkilat\u0131\u201d \u0130ctimai Birliyi (ADTGT) Az\u0259rbaycan Respublikas\u0131n\u0131n G\u0259ncl\u0259r Fondunun maliyy\u0259 d\u0259st\u0259yi il\u0259\u00a0\u201cQaraba\u011f g\u0259ncl\u0259rinin karyera v\u0259 m\u0259\u015f\u011fullu\u011f\u00fc \u00fczr\u0259 t\u0259lim-m\u0259sl\u0259h\u0259t xidm\u0259tl\u0259rinin t\u0259\u015fkili\u201d\u00a0adl\u0131 maarifl\u0259ndirici layih\u0259nin icras\u0131na ba\u015flay\u0131r. 4 ay m\u00fcdd\u0259tind\u0259 (01 oktyabr 2021 \u2013 01 fevral 2022-ci il tarixl\u0259rind\u0259) icra olunacaq layih\u0259 Qaraba\u011f iqtisadi regionunun B\u0259rd\u0259, T\u0259rt\u0259r, A\u011fcab\u0259di, A\u011fdam v\u0259 F\u00fczuli rayonlar\u0131nda g\u0259ncl\u0259r\u0259 b\u0259rab\u0259r m\u0259\u015f\u011fulluq&hellip;","_links":{"self":[{"href":"https:\/\/arantv.az\/index.php?rest_route=\/wp\/v2\/posts\/385100"}],"collection":[{"href":"https:\/\/arantv.az\/index.php?rest_route=\/wp\/v2\/posts"}],"about":[{"href":"https:\/\/arantv.az\/index.php?rest_route=\/wp\/v2\/types\/post"}],"author":[{"embeddable":true,"href":"https:\/\/arantv.az\/index.php?rest_route=\/wp\/v2\/users\/2"}],"replies":[{"embeddable":true,"href":"https:\/\/arantv.az\/index.php?rest_route=%2Fwp%2Fv2%2Fcomments&post=385100"}],"version-history":[{"count":0,"href":"https:\/\/arantv.az\/index.php?rest_route=\/wp\/v2\/posts\/385100\/revisions"}],"wp:featuredmedia":[{"embeddable":true,"href":"https:\/\/arantv.az\/index.php?rest_route=\/wp\/v2\/media\/385101"}],"wp:attachment":[{"href":"https:\/\/arantv.az\/index.php?rest_route=%2Fwp%2Fv2%2Fmedia&parent=385100"}],"wp:term":[{"taxonomy":"category","embeddable":true,"href":"https:\/\/arantv.az\/index.php?rest_route=%2Fwp%2Fv2%2Fcategories&post=385100"},{"taxonomy":"post_tag","embeddable":true,"href":"https:\/\/arantv.az\/index.php?rest_route=%2Fwp%2Fv2%2Ftags&post=385100"}],"curies":[{"name":"wp","href":"https:\/\/api.w.org\/{rel}","templated":true}]}}