{"id":385106,"date":"2021-10-02T08:04:43","date_gmt":"2021-10-02T05:04:43","guid":{"rendered":"http:\/\/arantv.az\/?p=385106"},"modified":"2021-10-02T08:04:43","modified_gmt":"2021-10-02T05:04:43","slug":"oktyabrin-1-i-dogulub-el%c9%99-h%c9%99min-gun-d%c9%99-s%c9%99hid-olan-elvin","status":"publish","type":"post","link":"https:\/\/arantv.az\/?p=385106","title":{"rendered":"Oktyabr\u0131n 1-i do\u011fulub el\u0259 h\u0259min g\u00fcn d\u0259 \u015f\u0259hid olan Elvin&#8230;"},"content":{"rendered":"<p>Bu g\u00fcn 44 g\u00fcnl\u00fck V\u0259t\u0259n m\u00fcharib\u0259si zaman\u0131 \u015f\u0259hid olan leytenant Elvin M\u0259mm\u0259dovun do\u011fum g\u00fcn\u00fcd\u00fcr.<\/p>\n<p><strong>ARANTV.AZ<\/strong>\u00a0 <a title=\"xeberler son xeberler 2021\" href=\"https:\/\/big.az\/\" target=\"_blank\" rel=\"noopener\">x\u0259b\u0259r<\/a>\u00a0verir ki, E. M\u0259mm\u0259dov 1997-ci il oktyabr ay\u0131n\u0131n 1-d\u0259 Nax\u00e7\u0131van Muxtar Respublikas\u0131n\u0131n Bab\u0259k rayonunun N\u0259z\u0259rabad k\u0259ndind\u0259 anadan olub. O, sentyabr\u0131n 27-d\u0259n etibar\u0259n d\u00f6y\u00fc\u015fl\u0259r\u0259 qat\u0131l\u0131b. El\u0259 m\u00fcharib\u0259nin ba\u015flamas\u0131ndan \u00fc\u00e7 g\u00fcn sonra anadan oldu\u011fu g\u00fcn-oktyabr\u0131n 1-i F\u00fczuli d\u00f6y\u00fc\u015fl\u0259ri zaman\u0131 \u015f\u0259had\u0259t\u0259 y\u00fcks\u0259lib.<\/p>\n<p>E. M\u0259mm\u0259dov \u00f6l\u00fcm\u00fcnd\u0259n sonra Prezidentin s\u0259r\u0259ncam\u0131na \u0259sas\u0259n &#8220;V\u0259t\u0259n u\u011frunda&#8221;, &#8220;F\u00fczulinin azad olunmas\u0131na g\u00f6r\u0259&#8221; medallar\u0131 il\u0259 t\u0259ltif edilib.<\/p>\n<p>Qeyd ed\u0259k ki, 23 ya\u015fl\u0131 Elvin M\u0259mm\u0259dov M\u0259mm\u0259dovlar ail\u0259sinin sonbe\u015fiyidir. Ondan b\u00f6y\u00fck olan iki qarda\u015f\u0131 da h\u0259rb\u00e7idir.<\/p>\n<p><img class=\"imgbcode\" src=\"https:\/\/upload.az\/foto\/arxiv\/elvin2.jpg\" alt=\"Oktyabr\u0131n 1-i do\u011fulub el\u0259 h\u0259min g\u00fcn d\u0259 \u015f\u0259hid olan Elvin...\" \/><img class=\"imgbcode\" src=\"https:\/\/upload.az\/foto\/arxiv\/elvin3.jpg\" alt=\"Oktyabr\u0131n 1-i do\u011fulub el\u0259 h\u0259min g\u00fcn d\u0259 \u015f\u0259hid olan Elvin...\" \/><img class=\"imgbcode\" src=\"https:\/\/upload.az\/foto\/arxiv\/elvin4.jpg\" alt=\"Oktyabr\u0131n 1-i do\u011fulub el\u0259 h\u0259min g\u00fcn d\u0259 \u015f\u0259hid olan Elvin...\" \/><img class=\"imgbcode\" src=\"https:\/\/upload.az\/foto\/arxiv\/elvin5.jpg\" alt=\"Oktyabr\u0131n 1-i do\u011fulub el\u0259 h\u0259min g\u00fcn d\u0259 \u015f\u0259hid olan Elvin...\" \/><img class=\"imgbcode\" src=\"https:\/\/upload.az\/foto\/arxiv\/elvin6.jpg\" alt=\"Oktyabr\u0131n 1-i do\u011fulub el\u0259 h\u0259min g\u00fcn d\u0259 \u015f\u0259hid olan Elvin...\" \/><\/p>\n","protected":false},"excerpt":{"rendered":"<p>Bu g\u00fcn 44 g\u00fcnl\u00fck V\u0259t\u0259n m\u00fcharib\u0259si zaman\u0131 \u015f\u0259hid olan leytenant Elvin M\u0259mm\u0259dovun do\u011fum g\u00fcn\u00fcd\u00fcr. ARANTV.AZ\u00a0 x\u0259b\u0259r\u00a0verir ki, E. M\u0259mm\u0259dov 1997-ci il oktyabr ay\u0131n\u0131n 1-d\u0259 Nax\u00e7\u0131van Muxtar Respublikas\u0131n\u0131n Bab\u0259k rayonunun N\u0259z\u0259rabad k\u0259ndind\u0259 anadan olub. O, sentyabr\u0131n 27-d\u0259n etibar\u0259n d\u00f6y\u00fc\u015fl\u0259r\u0259 qat\u0131l\u0131b. El\u0259 m\u00fcharib\u0259nin ba\u015flamas\u0131ndan \u00fc\u00e7 g\u00fcn sonra anadan oldu\u011fu g\u00fcn-oktyabr\u0131n 1-i F\u00fczuli d\u00f6y\u00fc\u015fl\u0259ri zaman\u0131 \u015f\u0259had\u0259t\u0259 y\u00fcks\u0259lib. E. M\u0259mm\u0259dov \u00f6l\u00fcm\u00fcnd\u0259n sonra Prezidentin s\u0259r\u0259ncam\u0131na \u0259sas\u0259n &#8220;V\u0259t\u0259n u\u011frunda&#8221;, &#8220;F\u00fczulinin azad olunmas\u0131na g\u00f6r\u0259&#8221; medallar\u0131 il\u0259 t\u0259ltif edilib. Qeyd ed\u0259k ki, 23 ya\u015fl\u0131 Elvin M\u0259mm\u0259dov M\u0259mm\u0259dovlar ail\u0259sinin sonbe\u015fiyidir. Ondan b\u00f6y\u00fck olan iki qarda\u015f\u0131 da h\u0259rb\u00e7idir.<\/p>\n","protected":false},"author":2,"featured_media":385107,"comment_status":"closed","ping_status":"closed","sticky":false,"template":"","format":"standard","meta":{"om_disable_all_campaigns":false,"_monsterinsights_skip_tracking":false,"_monsterinsights_sitenote_active":false,"_monsterinsights_sitenote_note":"","_monsterinsights_sitenote_category":0},"categories":[26],"tags":[],"aioseo_notices":[],"gutentor_comment":0,"rttpg_featured_image_url":{"full":["https:\/\/arantv.az\/wp-content\/uploads\/2021\/10\/elvin1.jpg",637,400,false],"landscape":["https:\/\/arantv.az\/wp-content\/uploads\/2021\/10\/elvin1.jpg",637,400,false],"portraits":["https:\/\/arantv.az\/wp-content\/uploads\/2021\/10\/elvin1.jpg",637,400,false],"thumbnail":["https:\/\/arantv.az\/wp-content\/uploads\/2021\/10\/elvin1-500x280.jpg",500,280,true],"medium":["https:\/\/arantv.az\/wp-content\/uploads\/2021\/10\/elvin1-581x365.jpg",581,365,true],"large":["https:\/\/arantv.az\/wp-content\/uploads\/2021\/10\/elvin1.jpg",637,400,false],"1536x1536":["https:\/\/arantv.az\/wp-content\/uploads\/2021\/10\/elvin1.jpg",637,400,false],"2048x2048":["https:\/\/arantv.az\/wp-content\/uploads\/2021\/10\/elvin1.jpg",637,400,false],"post-thumbnail":["https:\/\/arantv.az\/wp-content\/uploads\/2021\/10\/elvin1-240x172.jpg",240,172,true],"advps-thumb-one":["https:\/\/arantv.az\/wp-content\/uploads\/2021\/10\/elvin1.jpg",637,400,false]},"rttpg_author":{"display_name":"V\u00fcsal Rafiqo\u011flu","author_link":"https:\/\/arantv.az\/?author=2"},"rttpg_comment":0,"rttpg_category":"<a href=\"https:\/\/arantv.az\/?cat=26\" rel=\"category\">Sosial<\/a>","rttpg_excerpt":"Bu g\u00fcn 44 g\u00fcnl\u00fck V\u0259t\u0259n m\u00fcharib\u0259si zaman\u0131 \u015f\u0259hid olan leytenant Elvin M\u0259mm\u0259dovun do\u011fum g\u00fcn\u00fcd\u00fcr. ARANTV.AZ\u00a0 x\u0259b\u0259r\u00a0verir ki, E. M\u0259mm\u0259dov 1997-ci il oktyabr ay\u0131n\u0131n 1-d\u0259 Nax\u00e7\u0131van Muxtar Respublikas\u0131n\u0131n Bab\u0259k rayonunun N\u0259z\u0259rabad k\u0259ndind\u0259 anadan olub. O, sentyabr\u0131n 27-d\u0259n etibar\u0259n d\u00f6y\u00fc\u015fl\u0259r\u0259 qat\u0131l\u0131b. El\u0259 m\u00fcharib\u0259nin ba\u015flamas\u0131ndan \u00fc\u00e7 g\u00fcn sonra anadan oldu\u011fu g\u00fcn-oktyabr\u0131n 1-i F\u00fczuli d\u00f6y\u00fc\u015fl\u0259ri zaman\u0131 \u015f\u0259had\u0259t\u0259 y\u00fcks\u0259lib. E.&hellip;","_links":{"self":[{"href":"https:\/\/arantv.az\/index.php?rest_route=\/wp\/v2\/posts\/385106"}],"collection":[{"href":"https:\/\/arantv.az\/index.php?rest_route=\/wp\/v2\/posts"}],"about":[{"href":"https:\/\/arantv.az\/index.php?rest_route=\/wp\/v2\/types\/post"}],"author":[{"embeddable":true,"href":"https:\/\/arantv.az\/index.php?rest_route=\/wp\/v2\/users\/2"}],"replies":[{"embeddable":true,"href":"https:\/\/arantv.az\/index.php?rest_route=%2Fwp%2Fv2%2Fcomments&post=385106"}],"version-history":[{"count":0,"href":"https:\/\/arantv.az\/index.php?rest_route=\/wp\/v2\/posts\/385106\/revisions"}],"wp:featuredmedia":[{"embeddable":true,"href":"https:\/\/arantv.az\/index.php?rest_route=\/wp\/v2\/media\/385107"}],"wp:attachment":[{"href":"https:\/\/arantv.az\/index.php?rest_route=%2Fwp%2Fv2%2Fmedia&parent=385106"}],"wp:term":[{"taxonomy":"category","embeddable":true,"href":"https:\/\/arantv.az\/index.php?rest_route=%2Fwp%2Fv2%2Fcategories&post=385106"},{"taxonomy":"post_tag","embeddable":true,"href":"https:\/\/arantv.az\/index.php?rest_route=%2Fwp%2Fv2%2Ftags&post=385106"}],"curies":[{"name":"wp","href":"https:\/\/api.w.org\/{rel}","templated":true}]}}