{"id":385112,"date":"2021-10-02T08:17:42","date_gmt":"2021-10-02T05:17:42","guid":{"rendered":"http:\/\/arantv.az\/?p=385112"},"modified":"2021-10-02T08:17:42","modified_gmt":"2021-10-02T05:17:42","slug":"dogum-gunu-olan-s%c9%99hidl%c9%99r-foto-3","status":"publish","type":"post","link":"https:\/\/arantv.az\/?p=385112","title":{"rendered":"Do\u011fum g\u00fcn\u00fc olan \u015f\u0259hidl\u0259r &#8211; FOTO"},"content":{"rendered":"<p>Bu g\u00fcn V\u0259t\u0259n m\u00fcharib\u0259sinin q\u0259hr\u0259man \u015f\u0259hidl\u0259rind\u0259n 11\u00a0n\u0259f\u0259rin do\u011fum g\u00fcn\u00fcd\u00fcr.<\/p>\n<p><b>ARANTV.AZ <\/b>V\u0259t\u0259n m\u00fcharib\u0259si \u015f\u0259hidl\u0259rinin \u0259ziz xatir\u0259sini d\u0259rin ehtiram v\u0259 h\u00f6rm\u0259tl\u0259 yad edir:<\/p>\n<p>Gizir \u018fliyev V\u00fcsal M\u0259h\u0259mm\u0259d\u0259li o\u011flu 1991-ci il oktyabr\u0131n 2-d\u0259 C\u0259lilabad rayonunun Komanl\u0131 k\u0259ndind\u0259 anadan olub. Az\u0259rbaycan Ordusunun S\u0259rh\u0259d Qo\u015funlar\u0131n\u0131n giziri olan V\u00fcsal \u018fliyev 2020-ci il sentyabr\u0131n 27-d\u0259 Az\u0259rbaycan Silahl\u0131 Q\u00fcvv\u0259l\u0259ri t\u0259r\u0259find\u0259n Erm\u0259nistan i\u015f\u011fal\u0131 alt\u0131nda olan \u0259razil\u0259rin azad edilm\u0259si v\u0259 Az\u0259rbaycan\u0131n \u0259razi b\u00fct\u00f6vl\u00fcy\u00fcn\u00fcn b\u0259rpa olunmas\u0131 \u00fc\u00e7\u00fcn ba\u015flanan V\u0259t\u0259n m\u00fcharib\u0259si zaman\u0131 F\u00fczulinin azadl\u0131\u011f\u0131 u\u011frunda ged\u0259n d\u00f6y\u00fc\u015fl\u0259rd\u0259 sava\u015f\u0131b. V\u00fcsal \u018fliyev oktyabr\u0131n 15-d\u0259 F\u00fczuli d\u00f6y\u00fc\u015fl\u0259ri zaman\u0131 \u015f\u0259hid olub.<\/p>\n<div id=\"AdviadNativeVideo0\" class=\"AdviadNativeVideo\"><\/div>\n<p><img src=\"https:\/\/cdn.oxu.az\/uploads\/W1siZiIsIjIwMjEvMTAvMDEvMTcvNDIvMTQvZjcyZmNjYWMtYmE3Ni00Y2U2LWI0MWMtNWM1NDU1NGZhMjRkL1bDvHNhbF_Gj2xpeWV2X8WfyZloaWQuanBlZyJdLFsicCIsImVuY29kZSIsImpwZyIsIi1xdWFsaXR5IDgwIl0sWyJwIiwidGh1bWIiLCI1OTB4NTkwXHUwMDNlIl1d?sha=3e7eea85d8bbfffc\" alt=\"\" \/><\/p>\n<p>Prezident \u0130lham \u018fliyevin m\u00fcvafiq s\u0259r\u0259ncam\u0131na \u0259sas\u0259n \u201cV\u0259t\u0259n u\u011frunda\u201d\u00a0medal\u0131, \u201cV\u0259t\u0259n\u0259 xidm\u0259t\u0259 g\u00f6r\u0259\u201d\u00a0ordeni 3-c\u00fc d\u0259r\u0259c\u0259li v\u0259 \u201cF\u00fczulinin azad olunmas\u0131na g\u00f6r\u0259\u201d\u00a0medallar\u0131 il\u0259 t\u0259ltif edilib.<\/p>\n<p>MAHHXHQ ki\u00e7ik \u00e7avu\u015f \u018fmrahov Sam\u0259ddin \u015eamil o\u011flu 1978-ci ild\u0259 K\u0259lb\u0259c\u0259r \u015f\u0259h\u0259rind\u0259 anadan olub. 1993-c\u00fc il aprelin 2-d\u0259 Erm\u0259nistan Silahl\u0131 Q\u00fcvv\u0259l\u0259ri t\u0259r\u0259find\u0259n K\u0259lb\u0259c\u0259r rayonunun i\u015f\u011fal edilm\u0259sind\u0259n sonra \u018fmrahovlar ail\u0259si O\u011fuz rayonunun Calut k\u0259ndind\u0259 ya\u015fama\u011fa ba\u015flay\u0131blar. 1985-1993-c\u00fc ill\u0259rd\u0259 K\u0259lb\u0259c\u0259r \u015f\u0259h\u0259rind\u0259 3 n\u00f6mr\u0259li tam orta m\u0259kt\u0259bd\u0259, 1993-1996-c\u0131 ill\u0259rd\u0259 is\u0259 Calut k\u0259nd tam orta m\u0259kt\u0259bind\u0259 t\u0259hsil al\u0131b. Ail\u0259li idi. Aysu ad\u0131nda q\u0131z\u0131 v\u0259 \u015eamil ad\u0131nda o\u011flu V\u0259t\u0259n\u0259\u00a0yadigar qal\u0131b. Sam\u0259ddin \u018fmrahov 1996-1998-ci ill\u0259rd\u0259 Az\u0259rbaycan Silahl\u0131 Q\u00fcvv\u0259l\u0259rinin s\u0131ralar\u0131nda m\u00fcdd\u0259tli h\u0259qiqi h\u0259rbi xidm\u0259td\u0259 olub. Daha sonra is\u0259 o, m\u00fcdd\u0259td\u0259n art\u0131q h\u0259qiqi h\u0259rbi xidm\u0259t qulluq\u00e7usu olaraq xidm\u0259tini davam etdirib.<\/p>\n<p>Az\u0259rbaycan Ordusunun ki\u00e7ik \u00e7avu\u015fu olan Sam\u0259ddin \u018fmrahov 2020-ci il sentyabr\u0131n 27-d\u0259 Az\u0259rbaycan Silahl\u0131 Q\u00fcvv\u0259l\u0259ri t\u0259r\u0259find\u0259n Erm\u0259nistan i\u015f\u011fal\u0131 alt\u0131nda olan \u0259razil\u0259rin azad edilm\u0259si v\u0259 Az\u0259rbaycan\u0131n \u0259razi b\u00fct\u00f6vl\u00fcy\u00fcn\u00fcn b\u0259rpa olunmas\u0131 \u00fc\u00e7\u00fcn ba\u015flanan V\u0259t\u0259n m\u00fcharib\u0259si zaman\u0131 Murovda\u011f istiqam\u0259tind\u0259 ged\u0259n d\u00f6y\u00fc\u015fl\u0259rd\u0259 sava\u015f\u0131b. Sam\u0259ddin \u018fmrahov oktyabr\u0131n 4-d\u0259 Murovda\u011f d\u00f6y\u00fc\u015fl\u0259ri zaman\u0131 \u015f\u0259hid olub. O\u011fuz rayonunun Calut k\u0259ndind\u0259 d\u0259fn olunub.<\/p>\n<p><img src=\"https:\/\/cdn.oxu.az\/uploads\/W1siZiIsIjIwMjEvMTAvMDEvMTcvNDIvMTQvZjg0Y2ZlZmYtODYyMy00YzZkLTkyYmUtZmEzYmYwZDU4MmI2L1NhbcmZZGRpbl_Gj21yYWhvdi5qcGciXSxbInAiLCJlbmNvZGUiLCJqcGciLCItcXVhbGl0eSA4MCJdLFsicCIsInRodW1iIiwiNTkweDU5MFx1MDAzZSJdXQ?sha=b069af84deeb2480\" alt=\"\" \/><\/p>\n<p>Prezident \u0130lham \u018fliyevin m\u00fcvafiq s\u0259r\u0259ncam\u0131na \u0259sas\u0259n Sam\u0259ddin \u018fmrahov \u00f6l\u00fcm\u00fcnd\u0259n sonra \u201cV\u0259t\u0259n u\u011frunda\u201d, \u201cK\u0259lb\u0259c\u0259rin azad olunmas\u0131na g\u00f6r\u0259\u201d\u00a0v\u0259 \u201cH\u0259rbi xidm\u0259tl\u0259r\u0259 g\u00f6r\u0259\u201d\u00a0medallar\u0131 il\u0259 t\u0259ltif edilib.<\/p>\n<p>Gizir N\u0259hm\u0259tov V\u00fcsal \u00dczeyir o\u011flu 1987-ci il oktyabr\u0131n 2-d\u0259 Astara rayonunun S\u0259nc\u0259r\u0259di k\u0259ndind\u0259 anadan olub. Az\u0259rbaycan Ordusunun giziri olan V\u00fcsal N\u0259hm\u0259tov 2020-ci il sentyabr\u0131n 27-d\u0259 Az\u0259rbaycan Silahl\u0131 Q\u00fcvv\u0259l\u0259ri t\u0259r\u0259find\u0259n Erm\u0259nistan i\u015f\u011fal\u0131 alt\u0131nda olan \u0259razil\u0259rin azad edilm\u0259si v\u0259 Az\u0259rbaycan\u0131n \u0259razi b\u00fct\u00f6vl\u00fcy\u00fcn\u00fcn b\u0259rpa olunmas\u0131 \u00fc\u00e7\u00fcn ba\u015flanan V\u0259t\u0259n m\u00fcharib\u0259si zaman\u0131 F\u00fczulinin azadl\u0131\u011f\u0131 u\u011frunda ged\u0259n d\u00f6y\u00fc\u015fl\u0259rd\u0259 sava\u015f\u0131b. V\u00fcsal N\u0259hm\u0259tov oktyabr\u0131n 4-d\u0259 F\u00fczuli d\u00f6y\u00fc\u015fl\u0259ri zaman\u0131 \u015f\u0259hid olub.<\/p>\n<p>Prezident \u0130lham \u018fliyevin m\u00fcvafiq s\u0259r\u0259ncam\u0131na \u0259sas\u0259n V\u00fcsal N\u0259hm\u0259tov \u00f6l\u00fcm\u00fcnd\u0259n sonra \u201cV\u0259t\u0259n u\u011frunda\u201d, \u201cF\u00fczulinin azad olunmas\u0131na g\u00f6r\u0259\u201d\u00a0medallar\u0131 il\u0259 t\u0259ltif edilib.<\/p>\n<p>MAHHXHQ \u0259sg\u0259r Nuhiyev Musa N\u00fcsr\u0259t o\u011flu 1998-ci il oktyabr\u0131n 2-d\u0259 Zaqatala rayonunun Q\u0131m\u0131r k\u0259ndind\u0259 d\u00fcnyaya g\u00f6z a\u00e7\u0131b. 2005-2016-c\u0131 ill\u0259rd\u0259 \u0130.M\u0259mm\u0259dov ad\u0131na Q\u0131m\u0131r k\u0259nd tam orta m\u0259kt\u0259bind\u0259 t\u0259hsil al\u0131b. Musa Nuhiyev 2016-c\u0131 ild\u0259 m\u00fcdd\u0259tli h\u0259qiqi h\u0259rbi xidm\u0259t\u0259 \u00e7a\u011f\u0131r\u0131l\u0131b. 2016-2018-ci ill\u0259rd\u0259 Az\u0259rbaycan Silahl\u0131 Q\u00fcvv\u0259l\u0259rinin \u201cN\u201d sayl\u0131 h\u0259rbi hiss\u0259sind\u0259 xidm\u0259t edib. 2018-ci ild\u0259n Az\u0259rbaycan Silahl\u0131 Q\u00fcvv\u0259l\u0259rinin \u201cN\u201d sayl\u0131 h\u0259rbi hiss\u0259sind\u0259 m\u00fcdd\u0259td\u0259n art\u0131q h\u0259qiqi h\u0259rbi xidm\u0259t h\u0259rbi qulluq\u00e7usu kimi xidm\u0259t edirdi. Az\u0259rbaycan Silahl\u0131 Q\u00fcvv\u0259l\u0259rinin \u0259sg\u0259ri olan Musa Nuhiyev 2020-ci il sentyabr\u0131n 27-d\u0259 Az\u0259rbaycan Silahl\u0131 Q\u00fcvv\u0259l\u0259ri t\u0259r\u0259find\u0259n Erm\u0259nistan i\u015f\u011fal\u0131 alt\u0131nda olan \u0259razil\u0259rin azad edilm\u0259si \u00fc\u00e7\u00fcn ba\u015flanan V\u0259t\u0259n m\u00fcharib\u0259si zaman\u0131 A\u011fdam istiqam\u0259tind\u0259 ged\u0259n d\u00f6y\u00fc\u015fl\u0259rd\u0259 i\u015ftirak edib. Musa Nuhiyev oktyabr\u0131n 16-da A\u011fdam istiqam\u0259tind\u0259 ged\u0259n d\u00f6y\u00fc\u015fl\u0259rd\u0259 d\u00f6y\u00fc\u015f tap\u015f\u0131r\u0131\u011f\u0131n\u0131 yerin\u0259 yetir\u0259rk\u0259n \u015f\u0259hid olub. Zaqatala rayonunun Q\u0131m\u0131r k\u0259ndind\u0259 torpa\u011fa tap\u015f\u0131r\u0131l\u0131b.<\/p>\n<p><img src=\"https:\/\/cdn.oxu.az\/uploads\/W1siZiIsIjIwMjEvMTAvMDEvMTcvNDIvMTMvNjI1NDIzOGYtMWFkMS00NmM5LTgzYjYtNDA0MWNiMjg3YjRmL011c2FfTnVoaXlldi5qcGciXSxbInAiLCJlbmNvZGUiLCJqcGciLCItcXVhbGl0eSA4MCJdLFsicCIsInRodW1iIiwiNTkweDU5MFx1MDAzZSJdXQ?sha=97227362b6436da4\" alt=\"\" \/><\/p>\n<p>Prezident \u0130lham \u018fliyevin m\u00fcvafiq s\u0259r\u0259ncam\u0131na \u0259sas\u0259n Musa Nuhiyev \u00f6l\u00fcm\u00fcnd\u0259n sonra \u201cV\u0259t\u0259n u\u011frunda\u201d, \u201cA\u011fdam\u0131n azad olunmas\u0131na g\u00f6r\u0259\u201d\u00a0medallar\u0131 il\u0259 t\u0259ltif edilib.<\/p>\n<p>Kapitan P\u0259nahov R\u00f6v\u015f\u0259n Mahmud o\u011flu 1989-cu il oktyabr\u0131n 2-d\u0259 Qazax rayonunun Birinci \u015e\u0131xl\u0131 k\u0259ndind\u0259 d\u00fcnyaya g\u00f6z a\u00e7\u0131b. 1995-2006-c\u0131 ill\u0259rd\u0259 M.H\u0259s\u0259nov ad\u0131na Birinci \u015e\u0131xl\u0131 k\u0259nd tam orta m\u0259kt\u0259bind\u0259, 2006-2010-cu ill\u0259rd\u0259 Heyd\u0259r \u018fliyev ad\u0131na Az\u0259rbaycan Ali H\u0259rbi M\u0259kt\u0259bind\u0259 (AAHM) t\u0259hsil al\u0131b. R\u00f6v\u015f\u0259n P\u0259nahov xidm\u0259t ill\u0259ri \u0259rzind\u0259 \u201cQ\u00fcsursuz xidm\u0259t\u0259 g\u00f6r\u0259\u201d, \u201cAz\u0259rbaycan Respublikas\u0131 Silahl\u0131 Q\u00fcvv\u0259l\u0259rinin 95 illiyi (1918-2013)\u201d\u00a0v\u0259 \u201cAz\u0259rbaycan Ordusunun 100 illiyi (1918-2018)\u201d\u00a0medallar\u0131 il\u0259 t\u0259ltif edilib. 2016-c\u0131 ilin aprel ay\u0131n\u0131n 1-d\u0259 ba\u015flayan v\u0259 5-d\u0259 bit\u0259n D\u00f6rdg\u00fcnl\u00fck m\u00fcharib\u0259d\u0259 i\u015ftirak edib. Aprel d\u00f6y\u00fc\u015fl\u0259rind\u0259ki xidm\u0259tin\u0259 g\u00f6r\u0259 \u201ckapitan\u201d\u00a0h\u0259rbi r\u00fctb\u0259si al\u0131b. Az\u0259rbaycan Silahl\u0131 Q\u00fcvv\u0259l\u0259rinin kapitan\u0131 olan R\u00f6v\u015f\u0259n P\u0259nahov 2020-ci il sentyabr\u0131n 27-d\u0259 Az\u0259rbaycan Silahl\u0131 Q\u00fcvv\u0259l\u0259ri t\u0259r\u0259find\u0259n Erm\u0259nistan i\u015f\u011fal\u0131 alt\u0131nda olan \u0259razil\u0259rin azad edilm\u0259si \u00fc\u00e7\u00fcn ba\u015flanan V\u0259t\u0259n m\u00fcharib\u0259si zaman\u0131 Murovda\u011f\u0131n azadl\u0131\u011f\u0131 u\u011frunda ged\u0259n d\u00f6y\u00fc\u015fl\u0259rd\u0259 i\u015ftirak edib. R\u00f6v\u015f\u0259n P\u0259nahov oktyabr\u0131n 2-d\u0259 Murovda\u011f d\u00f6y\u00fc\u015fl\u0259ri zaman\u0131 \u015f\u0259hid olub. Qazax rayonunun Birinci \u015e\u0131xl\u0131 k\u0259ndind\u0259 torpa\u011fa tap\u015f\u0131r\u0131l\u0131b. Ail\u0259li idi. V\u0259t\u0259n\u0259 \u0259man\u0259t bir q\u0131z\u0131, bir o\u011flu qal\u0131b.<\/p>\n<p><img src=\"https:\/\/cdn.oxu.az\/uploads\/W1siZiIsIjIwMjEvMTAvMDEvMTcvNDIvMTQvZWNhOTk0MDAtMDVjYi00ODhmLWFmMzMtYzQyZWVhYzFjMGE4L1LDtnbFn8mZbl9QyZluYWhvdi5qcGciXSxbInAiLCJlbmNvZGUiLCJqcGciLCItcXVhbGl0eSA4MCJdLFsicCIsInRodW1iIiwiNTkweDU5MFx1MDAzZSJdXQ?sha=fe4c1c880efb590b\" alt=\"\" \/><\/p>\n<p>Prezident \u0130lham \u018fliyevin m\u00fcvafiq s\u0259r\u0259ncam\u0131na \u0259sas\u0259n R\u00f6v\u015f\u0259n P\u0259nahov \u00f6l\u00fcm\u00fcnd\u0259n sonra \u201cV\u0259t\u0259n u\u011frunda\u201d, \u201c\u0130gidliy\u0259 g\u00f6r\u0259\u201d, \u201cK\u0259lb\u0259c\u0259rin azad olunmas\u0131na g\u00f6r\u0259\u201d\u00a0medallar\u0131 il\u0259 t\u0259ltif edilib.<\/p>\n<p>MAHHXHQ \u0259sg\u0259r Qas\u0131mov Mustafa Dada\u015f o\u011flu 1995-cu il oktyabr\u0131n 2-d\u0259 Tovuz rayonunun Qaralar k\u0259ndind\u0259 anadan olub. 2002\u20132013-c\u00fc ill\u0259rd\u0259 Qaralar k\u0259nd \u00fcmumi orta m\u0259kt\u0259bind\u0259 t\u0259hsil al\u0131b. Mustafa Qas\u0131mov 2013\u20132015-ci ill\u0259rd\u0259 Az\u0259rbaycan Silahl\u0131 Q\u00fcvv\u0259l\u0259rinin s\u0131ralar\u0131nda m\u00fcdd\u0259tli h\u0259qiqi h\u0259rbi xidm\u0259td\u0259 olub. V\u0259t\u0259n m\u00fcharib\u0259sin\u0259 q\u0259d\u0259r Az\u0259rbaycan Silahl\u0131 Q\u00fcvv\u0259l\u0259rinin s\u0131ralar\u0131nda m\u00fcdd\u0259td\u0259n art\u0131q h\u0259qiqi h\u0259rbi xidm\u0259t h\u0259rbi qulluq\u00e7usu idi. Az\u0259rbaycan Silahl\u0131 Q\u00fcvv\u0259l\u0259rinin \u0259sg\u0259ri olan Mustafa Qas\u0131mov 2020-ci il sentyabr\u0131n 27-d\u0259 Az\u0259rbaycan Silahl\u0131 Q\u00fcvv\u0259l\u0259ri t\u0259r\u0259find\u0259n Erm\u0259nistan i\u015f\u011fal\u0131 alt\u0131nda olan \u0259razil\u0259rin azad edilm\u0259si \u00fc\u00e7\u00fcn ba\u015flanan V\u0259t\u0259n m\u00fcharib\u0259si zaman\u0131 Murovda\u011f\u0131n azadl\u0131\u011f\u0131 u\u011frunda ged\u0259n d\u00f6y\u00fc\u015fl\u0259rd\u0259 sava\u015f\u0131b. Mustafa Qas\u0131mov oktyabr\u0131n 1-d\u0259 Murovda\u011f d\u00f6y\u00fc\u015fl\u0259ri zaman\u0131 \u015f\u0259hid olub. N\u0259\u015fi uzun m\u00fcdd\u0259t tap\u0131la bilm\u0259yib. Dekabr\u0131n 22-d\u0259 Tovuz rayonunun Qaralar k\u0259ndind\u0259 d\u0259fn olunub.<\/p>\n<p><img src=\"https:\/\/cdn.oxu.az\/uploads\/W1siZiIsIjIwMjEvMTAvMDEvMTcvNDIvMTMvMmU5ZTVjZjItNDNhNC00YTllLWI4YTQtMWI2ZWI4NGUwMDI4L3Fhc8SxbW92IG11c3RhZmEgZGFkYcWfLmpwZyJdLFsicCIsImVuY29kZSIsImpwZyIsIi1xdWFsaXR5IDgwIl0sWyJwIiwidGh1bWIiLCI1OTB4NTkwXHUwMDNlIl1d?sha=63f48495cbfd6dc9\" alt=\"\" \/><\/p>\n<p>Prezident \u0130lham \u018fliyevin m\u00fcvafiq s\u0259r\u0259ncam\u0131na \u0259sas\u0259n Mustafa Qas\u0131mov \u00f6l\u00fcm\u00fcnd\u0259n sonra \u201cK\u0259lb\u0259c\u0259rin azad olunmas\u0131na g\u00f6r\u0259\u201d, \u201cV\u0259t\u0259n u\u011frunda\u201d\u00a0medallar\u0131 il\u0259 t\u0259ltif edildi.<\/p>\n<p>\u018fsg\u0259r Qas\u0131mov M\u00fcrtaza Elman o\u011flu \u00a02001-ci ild\u0259 C\u0259lilabad rayonunun G\u00fclm\u0259mm\u0259dli k\u0259ndind\u0259 anadan olmu\u015fdur. 2008-2019-cu ill\u0259rd\u0259 \u018fli K\u0259rimov ad\u0131na C\u0259lilabad rayon G\u00fclm\u0259mm\u0259dli k\u0259nd tam orta m\u0259kt\u0259bind\u0259 t\u0259hsil al\u0131b. M\u00fcrtaza Qas\u0131mov 2019-cu ilin oktyabr ay\u0131ndan S\u0259rh\u0259d Qo\u015funlar\u0131n\u0131n m\u00fcdd\u0259tli h\u0259qiqi h\u0259rbi xidm\u0259t h\u0259rbi qulluq\u00e7usu idi.<\/p>\n<p>Az\u0259rbaycan Ordusunun S\u0259rh\u0259d Qo\u015funlar\u0131n\u0131n \u0259sg\u0259ri olan M\u00fcrtaza Qas\u0131mov 2020-ci il sentyabr\u0131n 27-d\u0259 Az\u0259rbaycan Silahl\u0131 Q\u00fcvv\u0259l\u0259ri t\u0259r\u0259find\u0259n Erm\u0259nistan i\u015f\u011fal\u0131 alt\u0131nda olan \u0259razil\u0259rin azad edilm\u0259si v\u0259 Az\u0259rbaycan\u0131n \u0259razi b\u00fct\u00f6vl\u00fcy\u00fcn\u00fcn b\u0259rpa olunmas\u0131 \u00fc\u00e7\u00fcn ba\u015flanan V\u0259t\u0259n m\u00fcharib\u0259sind\u0259 i\u015ftirak etmi\u015fdir. C\u0259bray\u0131l\u0131n v\u0259 Z\u0259ngilan\u0131n azadl\u0131\u011f\u0131 u\u011frunda ged\u0259n d\u00f6y\u00fc\u015fl\u0259rd\u0259 vuru\u015fub. M\u00fcrtaza Qas\u0131mov 8 noyabr 2020-ci ild\u0259 Z\u0259ngilan rayonu istiqam\u0259tind\u0259 d\u00f6y\u00fc\u015f tap\u015f\u0131r\u0131\u011f\u0131n\u0131n yerin\u0259 yetirilm\u0259si zaman\u0131 \u015f\u0259hid olmu\u015fdur. 9 noyabr 2020-ci il tarixd\u0259 C\u0259lilabad rayonunun G\u00fclm\u0259mm\u0259dli k\u0259ndind\u0259 d\u0259fn edilib.<\/p>\n<p><img src=\"https:\/\/cdn.oxu.az\/uploads\/W1siZiIsIjIwMjEvMTAvMDEvMTcvNDIvMTMvMjljZjVjNTYtMTNlOC00NTMxLThiMDgtYjQzOTJhODdlYjA0L03DvHJ0YXphX1Fhc8SxbW92LmpwZyJdLFsicCIsImVuY29kZSIsImpwZyIsIi1xdWFsaXR5IDgwIl0sWyJwIiwidGh1bWIiLCI1OTB4NTkwXHUwMDNlIl1d?sha=346b99da0d89f646\" alt=\"\" \/><\/p>\n<p>Prezident \u0130lham \u018fliyevin m\u00fcvafiq s\u0259r\u0259ncam\u0131na \u0259sas\u0259n M\u00fcrtaza Qas\u0131mov \u00f6l\u00fcm\u00fcnd\u0259n sonra \u201cV\u0259t\u0259n u\u011frunda\u201d, \u201c\u0130gidliy\u0259 g\u00f6r\u0259\u201d, \u201cZ\u0259ngilan\u0131n azad olunmas\u0131na g\u00f6r\u0259\u201d medallar\u0131 il\u0259 t\u0259ltif edilib.<\/p>\n<p>\u018fsg\u0259r Quliyev Sehrulla Xeyrulla o\u011flu 1999-cu il oktyabr\u0131n 2-d\u0259 Beyl\u0259qan rayonunun Birinci \u015eahsev\u0259n k\u0259ndind\u0259 anadan olub. Sentyabr\u0131n 24-d\u0259 s\u0259f\u0259rb\u0259rlik \u00fczr\u0259 h\u0259rbi xidm\u0259t\u0259 \u00e7a\u011f\u0131r\u0131l\u0131b. Atas\u0131 Xeyrulla Quliyevin s\u00f6zl\u0259rin\u0259 g\u00f6r\u0259, sevin\u0259r\u0259k c\u0259bh\u0259y\u0259 yollan\u0131b. Qarda\u015f\u0131 il\u0259 birlikd\u0259 V\u0259t\u0259n m\u00fcharib\u0259sind\u0259 torpaqlar\u0131m\u0131z\u0131n azad olunmas\u0131 u\u011frunda vuru\u015fub. 2020-ci il oktyabr\u0131n 21-d\u0259 Qubadl\u0131 istiqam\u0259tind\u0259 ged\u0259n d\u00f6y\u00fc\u015fl\u0259rd\u0259 \u015f\u0259hid olub.<\/p>\n<p><img src=\"https:\/\/cdn.oxu.az\/uploads\/W1siZiIsIjIwMjEvMTAvMDEvMTcvNDIvMTMvMTI4NzNiM2ItMTIwZS00YTJkLTk0ZDctN2NmMmVjZjBiMzg2L3F1bGl5ZXYgc2VocnVsbGEgeGV5cnVsbGEuanBnIl0sWyJwIiwiZW5jb2RlIiwianBnIiwiLXF1YWxpdHkgODAiXSxbInAiLCJ0aHVtYiIsIjU5MHg1OTBcdTAwM2UiXV0?sha=74e00548b21dc991\" alt=\"\" \/><\/p>\n<p>Prezident \u0130lham \u018fliyevin m\u00fcvafiq s\u0259r\u0259ncam\u0131na \u0259sas\u0259n, Sehrulla Quliyev \u00f6l\u00fcm\u00fcnd\u0259n sonra \u201cV\u0259t\u0259n u\u011frunda\u201d, \u201cF\u00fczulinin azad olunmas\u0131na g\u00f6r\u0259\u201d\u00a0v\u0259 \u201c\u0130gidliy\u0259 g\u00f6r\u0259\u201d\u00a0medallar\u0131 il\u0259 t\u0259ltif\u00a0 edilib.<\/p>\n<p>\u018fsg\u0259r S\u0259f\u0259r\u0259liyev R\u0259\u015fad F\u0259rman o\u011flu 2001-ci il oktyabr\u0131n 2-d\u0259 Xa\u00e7maz rayonunda anadan olub. Az\u0259rbaycan Ordusunun \u0259sg\u0259ri olan R\u0259\u015fad S\u0259f\u0259r\u0259liyev 2020-ci il sentyabr\u0131n 27-d\u0259 Az\u0259rbaycan Silahl\u0131 Q\u00fcvv\u0259l\u0259ri t\u0259r\u0259find\u0259n Erm\u0259nistan i\u015f\u011fal\u0131 alt\u0131nda olan \u0259razil\u0259rin azad edilm\u0259si \u00fc\u00e7\u00fcn ba\u015flanan V\u0259t\u0259n m\u00fcharib\u0259sind\u0259 sava\u015f\u0131b. R\u0259\u015fad S\u0259f\u0259r\u0259liyev sentyabr\u0131n 27-d\u0259 \u015f\u0259hid olub. Xa\u00e7maz rayonunda d\u0259fn olunub.<\/p>\n<p><img src=\"https:\/\/cdn.oxu.az\/uploads\/W1siZiIsIjIwMjEvMTAvMDEvMTcvNDIvMTQvNmZhYWZmN2YtNDQ0NS00NGM1LWEyNjUtMDk0YWY1MjczNDdhL3PJmWbJmXLJmWxpeWV2IHLJmcWfYWQgZsmZcm1hbiBvxJ9sdS5qcGciXSxbInAiLCJlbmNvZGUiLCJqcGciLCItcXVhbGl0eSA4MCJdLFsicCIsInRodW1iIiwiNTkweDU5MFx1MDAzZSJdXQ?sha=c8ac8198646b6c14\" alt=\"\" \/><\/p>\n<p>Az\u0259rbaycan\u0131n \u0259razi b\u00fct\u00f6vl\u00fcy\u00fcn\u00fcn t\u0259min edilm\u0259si u\u011frunda d\u00f6y\u00fc\u015f \u0259m\u0259liyyatlar\u0131na qat\u0131lan v\u0259 h\u0259rbi hiss\u0259 qar\u015f\u0131s\u0131nda qoyulmu\u015f tap\u015f\u0131r\u0131qlar\u0131n icras\u0131 zaman\u0131 v\u0259zif\u0259 borcunu \u015f\u0259r\u0259fl\u0259 yerin\u0259 yetirdiyi \u00fc\u00e7\u00fcn Az\u0259rbaycan Prezidenti \u0130lham \u018fliyevin s\u0259r\u0259ncam\u0131na \u0259sas\u0259n R\u0259\u015fad S\u0259f\u0259r\u0259liyev \u00f6l\u00fcm\u00fcnd\u0259n sonra \u201cV\u0259t\u0259n u\u011frunda\u201d, \u201c\u0130gidliy\u0259 g\u00f6r\u0259\u201d, \u201cLa\u00e7\u0131n\u0131n azad olunmas\u0131na g\u00f6r\u0259\u201d, \u201cSuqovu\u015fan\u0131n azad olunmas\u0131na g\u00f6r\u0259\u201d\u00a0medallar\u0131 il\u0259 t\u0259ltif edildi.<\/p>\n<p>\u018fsg\u0259r X\u0259mm\u0259dov \u018fmral Zaur o\u011flu 2 oktyabr 2001-ci ild\u0259 \u0130mi\u015fli rayonunun \u00c7ax\u0131rl\u0131 k\u0259ndind\u0259 d\u00fcnyaya g\u00f6z a\u00e7m\u0131\u015fd\u0131r. Orta t\u0259hsilini \u0130mi\u015fli rayon \u00c7ax\u0131rl\u0131 k\u0259nd tam orta m\u0259kt\u0259bind\u0259 al\u0131b. \u018fmral X\u0259mm\u0259dov X\u00fcsusi T\u0259yinatl\u0131 D\u0259st\u0259l\u0259rin \u0259sg\u0259ri olaraq xidm\u0259t edib. Az\u0259rbaycan Ordusunun \u0259sg\u0259ri olan \u018fmral X\u0259mm\u0259dov 2020-ci il sentyabr\u0131n 27-d\u0259n Az\u0259rbaycan Silahl\u0131 Q\u00fcvv\u0259l\u0259ri t\u0259r\u0259find\u0259n Erm\u0259nistan i\u015f\u011fal\u0131 alt\u0131nda olan \u0259razil\u0259rin azad edilm\u0259si \u00fc\u00e7\u00fcn ba\u015flanan V\u0259t\u0259n m\u00fcharib\u0259sind\u0259 i\u015ftirak etmi\u015fdir. Murovda\u011f v\u0259 C\u0259bray\u0131l d\u00f6y\u00fc\u015fl\u0259rind\u0259 vuru\u015fmu\u015fdur.\u00a0\u018fmral X\u0259mm\u0259dov 15 oktyabr 2020-ci ild\u0259 Hadrutun azad olunmas\u0131 u\u011frunda ged\u0259n d\u00f6y\u00fc\u015fl\u0259rd\u0259 d\u00f6y\u00fc\u015f tap\u015f\u0131r\u0131\u011f\u0131n\u0131n yerin\u0259 yetirilm\u0259si zaman\u0131 \u015f\u0259hid olub.<\/p>\n<p><img src=\"https:\/\/cdn.oxu.az\/uploads\/W1siZiIsIjIwMjEvMTAvMDEvMTcvNDIvMTMvNTkyNzc1NjgtMmYzMy00NzM2LTg3NTYtYTA4NzcyMTAxN2E5L8aPbXJhbF9YyZltbcmZZG92LmpwZyJdLFsicCIsImVuY29kZSIsImpwZyIsIi1xdWFsaXR5IDgwIl0sWyJwIiwidGh1bWIiLCI1OTB4NTkwXHUwMDNlIl1d?sha=b6bdb9248a5ad497\" alt=\"\" \/><\/p>\n<p>Prezident \u0130lham \u018fliyevin m\u00fcvafiq s\u0259r\u0259ncam\u0131na \u0259sas\u0259n \u018fmral X\u0259mm\u0259dov \u00f6l\u00fcm\u00fcnd\u0259n sonra \u201cV\u0259t\u0259n u\u011frunda\u201d, \u201cC\u0259sur d\u00f6y\u00fc\u015f\u00e7\u00fc\u201d, \u201cXocav\u0259ndin azad olunmas\u0131na g\u00f6r\u0259\u201d, \u201cK\u0259lb\u0259c\u0259rin azad olunmas\u0131na g\u00f6r\u0259\u201d\u00a0medallar\u0131 il\u0259 t\u0259ltif edildi.<\/p>\n","protected":false},"excerpt":{"rendered":"<p>Bu g\u00fcn V\u0259t\u0259n m\u00fcharib\u0259sinin q\u0259hr\u0259man \u015f\u0259hidl\u0259rind\u0259n 11\u00a0n\u0259f\u0259rin do\u011fum g\u00fcn\u00fcd\u00fcr. ARANTV.AZ V\u0259t\u0259n m\u00fcharib\u0259si \u015f\u0259hidl\u0259rinin \u0259ziz xatir\u0259sini d\u0259rin ehtiram v\u0259 h\u00f6rm\u0259tl\u0259 yad edir: Gizir \u018fliyev V\u00fcsal M\u0259h\u0259mm\u0259d\u0259li o\u011flu 1991-ci il oktyabr\u0131n 2-d\u0259 C\u0259lilabad rayonunun Komanl\u0131 k\u0259ndind\u0259 anadan olub. Az\u0259rbaycan Ordusunun S\u0259rh\u0259d Qo\u015funlar\u0131n\u0131n giziri olan V\u00fcsal \u018fliyev 2020-ci il sentyabr\u0131n 27-d\u0259 Az\u0259rbaycan Silahl\u0131 Q\u00fcvv\u0259l\u0259ri t\u0259r\u0259find\u0259n Erm\u0259nistan i\u015f\u011fal\u0131 alt\u0131nda olan \u0259razil\u0259rin azad edilm\u0259si v\u0259 Az\u0259rbaycan\u0131n \u0259razi b\u00fct\u00f6vl\u00fcy\u00fcn\u00fcn b\u0259rpa olunmas\u0131 \u00fc\u00e7\u00fcn ba\u015flanan V\u0259t\u0259n m\u00fcharib\u0259si zaman\u0131 F\u00fczulinin azadl\u0131\u011f\u0131 u\u011frunda ged\u0259n d\u00f6y\u00fc\u015fl\u0259rd\u0259 sava\u015f\u0131b. V\u00fcsal \u018fliyev oktyabr\u0131n 15-d\u0259 F\u00fczuli d\u00f6y\u00fc\u015fl\u0259ri zaman\u0131 \u015f\u0259hid olub. Prezident \u0130lham \u018fliyevin m\u00fcvafiq s\u0259r\u0259ncam\u0131na&hellip;<\/p>\n","protected":false},"author":2,"featured_media":385098,"comment_status":"closed","ping_status":"closed","sticky":false,"template":"","format":"standard","meta":{"om_disable_all_campaigns":false,"_monsterinsights_skip_tracking":false,"_monsterinsights_sitenote_active":false,"_monsterinsights_sitenote_note":"","_monsterinsights_sitenote_category":0},"categories":[26],"tags":[],"aioseo_notices":[],"gutentor_comment":0,"rttpg_featured_image_url":{"full":["https:\/\/arantv.az\/wp-content\/uploads\/2021\/10\/61d77652160950311087786653310943803.jpg",975,540,false],"landscape":["https:\/\/arantv.az\/wp-content\/uploads\/2021\/10\/61d77652160950311087786653310943803.jpg",975,540,false],"portraits":["https:\/\/arantv.az\/wp-content\/uploads\/2021\/10\/61d77652160950311087786653310943803.jpg",975,540,false],"thumbnail":["https:\/\/arantv.az\/wp-content\/uploads\/2021\/10\/61d77652160950311087786653310943803-500x280.jpg",500,280,true],"medium":["https:\/\/arantv.az\/wp-content\/uploads\/2021\/10\/61d77652160950311087786653310943803-660x365.jpg",660,365,true],"large":["https:\/\/arantv.az\/wp-content\/uploads\/2021\/10\/61d77652160950311087786653310943803-840x465.jpg",640,354,true],"1536x1536":["https:\/\/arantv.az\/wp-content\/uploads\/2021\/10\/61d77652160950311087786653310943803.jpg",975,540,false],"2048x2048":["https:\/\/arantv.az\/wp-content\/uploads\/2021\/10\/61d77652160950311087786653310943803.jpg",975,540,false],"post-thumbnail":["https:\/\/arantv.az\/wp-content\/uploads\/2021\/10\/61d77652160950311087786653310943803-240x172.jpg",240,172,true],"advps-thumb-one":["https:\/\/arantv.az\/wp-content\/uploads\/2021\/10\/61d77652160950311087786653310943803.jpg",975,540,false]},"rttpg_author":{"display_name":"V\u00fcsal Rafiqo\u011flu","author_link":"https:\/\/arantv.az\/?author=2"},"rttpg_comment":0,"rttpg_category":"<a href=\"https:\/\/arantv.az\/?cat=26\" rel=\"category\">Sosial<\/a>","rttpg_excerpt":"Bu g\u00fcn V\u0259t\u0259n m\u00fcharib\u0259sinin q\u0259hr\u0259man \u015f\u0259hidl\u0259rind\u0259n 11\u00a0n\u0259f\u0259rin do\u011fum g\u00fcn\u00fcd\u00fcr. ARANTV.AZ V\u0259t\u0259n m\u00fcharib\u0259si \u015f\u0259hidl\u0259rinin \u0259ziz xatir\u0259sini d\u0259rin ehtiram v\u0259 h\u00f6rm\u0259tl\u0259 yad edir: Gizir \u018fliyev V\u00fcsal M\u0259h\u0259mm\u0259d\u0259li o\u011flu 1991-ci il oktyabr\u0131n 2-d\u0259 C\u0259lilabad rayonunun Komanl\u0131 k\u0259ndind\u0259 anadan olub. Az\u0259rbaycan Ordusunun S\u0259rh\u0259d Qo\u015funlar\u0131n\u0131n giziri olan V\u00fcsal \u018fliyev 2020-ci il sentyabr\u0131n 27-d\u0259 Az\u0259rbaycan Silahl\u0131 Q\u00fcvv\u0259l\u0259ri t\u0259r\u0259find\u0259n Erm\u0259nistan i\u015f\u011fal\u0131 alt\u0131nda&hellip;","_links":{"self":[{"href":"https:\/\/arantv.az\/index.php?rest_route=\/wp\/v2\/posts\/385112"}],"collection":[{"href":"https:\/\/arantv.az\/index.php?rest_route=\/wp\/v2\/posts"}],"about":[{"href":"https:\/\/arantv.az\/index.php?rest_route=\/wp\/v2\/types\/post"}],"author":[{"embeddable":true,"href":"https:\/\/arantv.az\/index.php?rest_route=\/wp\/v2\/users\/2"}],"replies":[{"embeddable":true,"href":"https:\/\/arantv.az\/index.php?rest_route=%2Fwp%2Fv2%2Fcomments&post=385112"}],"version-history":[{"count":0,"href":"https:\/\/arantv.az\/index.php?rest_route=\/wp\/v2\/posts\/385112\/revisions"}],"wp:featuredmedia":[{"embeddable":true,"href":"https:\/\/arantv.az\/index.php?rest_route=\/wp\/v2\/media\/385098"}],"wp:attachment":[{"href":"https:\/\/arantv.az\/index.php?rest_route=%2Fwp%2Fv2%2Fmedia&parent=385112"}],"wp:term":[{"taxonomy":"category","embeddable":true,"href":"https:\/\/arantv.az\/index.php?rest_route=%2Fwp%2Fv2%2Fcategories&post=385112"},{"taxonomy":"post_tag","embeddable":true,"href":"https:\/\/arantv.az\/index.php?rest_route=%2Fwp%2Fv2%2Ftags&post=385112"}],"curies":[{"name":"wp","href":"https:\/\/api.w.org\/{rel}","templated":true}]}}