{"id":385117,"date":"2021-10-02T08:19:46","date_gmt":"2021-10-02T05:19:46","guid":{"rendered":"http:\/\/arantv.az\/?p=385117"},"modified":"2021-10-02T08:19:46","modified_gmt":"2021-10-02T05:19:46","slug":"iranin-ozunu-yandiracaq-s%c9%99rh%c9%99d-oyunlari-tehrandaki-s%c9%99firimiz-geri-cagirila-bil%c9%99rmi","status":"publish","type":"post","link":"https:\/\/arantv.az\/?p=385117","title":{"rendered":"\u0130ran\u0131n \u00f6z\u00fcn\u00fc yand\u0131racaq s\u0259rh\u0259d oyunlar\u0131 &#8211; Tehrandak\u0131 s\u0259firimiz geri \u00e7a\u011f\u0131r\u0131la bil\u0259rmi?"},"content":{"rendered":"<h3><strong>C\u0259nub qon\u015fumuzun ikiba\u015fl\u0131 siyas\u0259ti: gah daxili i\u015fl\u0259r naziri yum\u015falmadan dan\u0131\u015f\u0131r, gah da yeni t\u0259liml\u0259r\u0259 ba\u015flay\u0131r&#8230;<\/strong><\/h3>\n<p><strong>\u0130randan Az\u0259rbaycanla son g\u00fcnl\u0259r ya\u015fanan g\u0259rginliyi yum\u015faltma\u011fa y\u00f6n\u0259lmi\u015f b\u0259yanat s\u0259sl\u0259nib. \u201cYeni M\u00fcsavat\u201d x\u0259b\u0259r verir ki, daxili i\u015fl\u0259r naziri, general \u018fhm\u0259d Vahidi \u201cAz\u0259rbaycanla \u0130ran aras\u0131nda yanl\u0131\u015f anla\u015f\u0131lmalar\u0131n diplomatik yollarla h\u0259ll edil\u0259c\u0259yini\u201d bildirib. Onun b\u0259yanat\u0131ndan T\u00fcrkiy\u0259nin \u201cStar\u201d q\u0259zeti sitat g\u0259tirib.<\/strong><\/p>\n<p>General deyib ki, \u201cb\u0259zi \u00f6lk\u0259l\u0259r\u201d Az\u0259rbaycanla \u0130ran aras\u0131nda m\u00fcnasib\u0259tl\u0259rin korlanmas\u0131 \u00fc\u00e7\u00fcn \u201cq\u0259sd plan\u0131 qurub\u201d. Onun s\u00f6zl\u0259rin\u0259 g\u00f6r\u0259, yanl\u0131\u015f anla\u015f\u0131lmalar v\u0259 f\u0259rqli m\u0259s\u0259l\u0259l\u0259r varsa bunlar diplomatik yolla aradan qald\u0131r\u0131lacaq, Xarici \u0130\u015fl\u0259r Nazirliyi bu m\u0259s\u0259l\u0259 il\u0259 m\u0259\u015f\u011fuldur.<\/p>\n<p>\u018fslind\u0259 \u0130ran \u201cqam\u00e7\u0131-k\u00f6k\u0259\u201d siyas\u0259ti y\u00fcr\u00fcd\u00fcr. \u00c7\u00fcnki \u201ckonservativ\u201d q\u00fcvv\u0259l\u0259rin namiz\u0259di \u0130brahim R\u0259isi prezident se\u00e7il\u0259nd\u0259n d\u0259rhal sonra c\u0259nub qon\u015fumuz \u0130ran s\u0259rh\u0259dl\u0259rimiz yax\u0131nl\u0131\u011f\u0131nda h\u0259rbi t\u0259liml\u0259r\u0259 ara vermir. Oktyabr\u0131n 1-d\u0259n is\u0259 quru qo\u015funlar\u0131n\u0131n t\u0259limi ba\u015flay\u0131b. Bu haqda \u0130ran\u0131n Quru Qo\u015funlar\u0131 Komandan\u0131, general Heyd\u0259ri bildirib. Paralel olaraq \u0130ran medias\u0131nda, x\u00fcsusil\u0259 d\u0259 h\u00f6kum\u0259t\u0259 yax\u0131n K\u0130V-l\u0259rd\u0259 anti-Az\u0259rbaycan isterikas\u0131 davam edir. \u00d6lk\u0259miz\u0259, onun r\u0259hb\u0259rliyin\u0259, xalq\u0131m\u0131za qar\u015f\u0131 olmaz\u0131n b\u00f6htanlar, iftiralar, h\u0259tta t\u0259hqirl\u0259r ya\u011fd\u0131r\u0131l\u0131r. Erm\u0259ni medias\u0131 da m\u0259lum s\u0259b\u0259bl\u0259rd\u0259n bu h\u0259dyanlar\u0131 x\u00fcsusi \u015f\u00f6vql\u0259 tirajlay\u0131r. Eyni zamanda \u0130ran D\u0130N r\u0259hb\u0259ri yum\u015falmalar v\u0259 anla\u015f\u0131lmazl\u0131qlar haqa dan\u0131\u015f\u0131r. K\u0259s\u0259si, r\u0259smi Tehran Az\u0259rbaycana qar\u015f\u0131 d\u00fc\u015fm\u0259n\u00e7iliyini davam etdirir.<\/p>\n<p>B\u0259s \u0130ran\u0131n bu demar\u015flar\u0131 n\u0259 q\u0259d\u0259r s\u00fcr\u0259c\u0259k, \u0130ran niy\u0259 odla oynay\u0131r, g\u00fcneyd\u0259ki soyda\u015flar\u0131m\u0131z\u0131n etiraza qalxmas\u0131 m\u00fcmk\u00fcnd\u00fcrm\u00fc? M\u0259scidl\u0259rimizi yerl\u0259 yeksan etmi\u015f Erm\u0259nistanla \u201c\u0259t-d\u0131rnaq\u201d kimi olan \u0130ran\u0131 a\u011f\u0131la g\u0259tirm\u0259k \u00fc\u00e7\u00fcn yuxar\u0131da sadalanan istiqam\u0259tl\u0259rd\u0259 add\u0131mlar at\u0131lacaqm\u0131?<\/p>\n<p><img src=\"https:\/\/d9mc3ts4czbpr.cloudfront.net\/media\/images\/_39219.width-1024.jpg\" alt=\"\u0130lham \u0130smay\u0131l: Rusiyan\u0131n \u015f\u0259rtl\u0259rind\u0259n biri bu idi... - Meydan.TV\" \/><\/p>\n<p><strong>\u0130lham \u0130smay\u0131l:<\/strong>\u00a0\u201c\u0130ran biz\u0259 qar\u015f\u0131 real h\u0259r\u0259k\u0259tl\u0259r\u0259 ba\u015flasa, T\u00fcrkiy\u0259d\u0259n, \u0130sraild\u0259n, Pakistandan \u00f6nc\u0259 Amerikan\u0131 qar\u015f\u0131s\u0131nda g\u00f6r\u0259c\u0259k\u201d<\/p>\n<p><strong>Sabiq MTN polkovniki, t\u0259hl\u00fck\u0259sizlik m\u0259s\u0259l\u0259l\u0259ri \u00fczr\u0259 ekspert \u0130lham \u0130smay\u0131l \u201cYeni M\u00fcsavat\u201da bildirdi ki, \u0130ran\u0131n ikiba\u015fl\u0131 siyas\u0259ti &#8211; bir \u0259ld\u0259 q\u0131l\u0131nc, bir \u0259ld\u0259 diplomatiya siyas\u0259ti yeni deyil. Onun s\u00f6zl\u0259rin\u0259 g\u00f6r\u0259, h\u0259l\u0259 Gorus-Qafan yolunda Az\u0259rbaycan t\u0259r\u0259fi g\u00f6mr\u00fck postu quranda \u0130ran\u0131n Bak\u0131dak\u0131 s\u0259firi Prezidentin k\u00f6m\u0259k\u00e7isi Hikm\u0259t Hac\u0131yevl\u0259 iki d\u0259f\u0259 g\u00f6r\u00fc\u015fm\u00fc\u015fd\u00fc, amma Amuli kimil\u0259rin dili il\u0259 d\u0259 biz\u0259 qar\u015f\u0131 \u00e7\u0131x\u0131\u015flar oldu:<\/strong>\u00a0\u201cY\u0259ni \u0130ran h\u0259r zaman ikili siyas\u0259t apar\u0131r. \u0130ndi d\u0259 bel\u0259dir, gah daxili i\u015fl\u0259r nazirinin dili il\u0259 m\u00fcnasib\u0259tl\u0259rin yum\u015falmas\u0131ndan dan\u0131\u015f\u0131l\u0131r, gah da quru qo\u015funlar t\u0259lim ke\u00e7irir. Amma t\u0259\u0259cc\u00fcbl\u00fc budur ki, Prezident d\u0259 \u00e7\u0131x\u0131\u015f\u0131nda vur\u011fulad\u0131, niy\u0259 Tehran indi bu t\u0259liml\u0259ri ke\u00e7irir?!\u201d<\/p>\n<p><strong>\u0130.\u0130smay\u0131l\u0131n fikrinc\u0259, b\u00fct\u00fcn bunlar g\u00f6st\u0259rir ki, \u0130ran Az\u0259rbaycana dost m\u00fcnasib\u0259td\u0259 deyil:<\/strong>\u00a0\u201cOnlar\u0131n \u0259leyhimiz\u0259 olan t\u0259hdidl\u0259ri n\u0259inki diplomatlar\u0131n, h\u0259rb\u00e7il\u0259ri dili il\u0259 edilir. Baxmayaraq ki, Erm\u0259nistanla AB\u015e daha yax\u0131nd\u0131r, Qaraba\u011f m\u0259s\u0259l\u0259sind\u0259 Va\u015finqton \u0130r\u0259vana daha \u00e7ox d\u0259st\u0259k verir, amma \u0130ran biz\u0259 qar\u015f\u0131 real h\u0259r\u0259k\u0259tl\u0259r\u0259 ba\u015flasa, T\u00fcrkiy\u0259d\u0259n, \u0130sraild\u0259n, Pakistandan \u00f6nc\u0259 Amerikan\u0131 qar\u015f\u0131s\u0131nda g\u00f6r\u0259c\u0259k. \u0130ran h\u0259r hans\u0131 h\u0259rbi m\u00fcdaxil\u0259sinin qlobal g\u00fccl\u0259rin t\u0259zyiqi il\u0259 qar\u015f\u0131laca\u011f\u0131n\u0131 yax\u015f\u0131 bilir. H\u0259m\u00e7inin baxmayaraq ki, Rusiya il\u0259 \u0130ran\u0131n m\u0259s\u0259l\u0259l\u0259rd\u0259 fikirl\u0259ri \u00fcst-\u00fcst\u0259 d\u00fc\u015f\u00fcr, amma Moskva Tehrana he\u00e7 vaxt imkan verm\u0259z. Ona g\u00f6r\u0259 maksimum \u00e7al\u0131\u015fmal\u0131y\u0131q ki, v\u0259ziyy\u0259t k\u0259skinl\u0259\u015fm\u0259sin.<\/p>\n<p>Sad\u0259c\u0259, biz\u0259 m\u0259lum olmal\u0131d\u0131r ki, \u0130ran\u0131n din p\u0259rd\u0259si alt\u0131nda bizim i\u00e7imizd\u0259 q\u00fcvv\u0259l\u0259ri var. G\u00fcc strukturlar\u0131 ara\u015fd\u0131rmalar\u0131 dayand\u0131rmamal\u0131d\u0131r, sosial \u015f\u0259b\u0259k\u0259l\u0259rd\u0259 d\u0259 bunu sezm\u0259k m\u00fcmk\u00fcnd\u00fcr. Amma \u0130ran t\u0259r\u0259fi geri \u00e7\u0259kilm\u0259diyimizi g\u00f6rd\u00fc. G\u00fcneyd\u0259 d\u0259 \u0130ran r\u0259smil\u0259rinin m\u00f6vqeyind\u0259n naraz\u0131l\u0131q var. Amulinin fikri he\u00e7 d\u0259 g\u00fcneylil\u0259rin m\u00f6vqeyi deyil&#8221;.<\/p>\n<p>Siyasi \u015f\u0259rh\u00e7i M\u0259h\u0259mm\u0259d \u018fs\u0259dullazad\u0259 hesab edir ki, \u0130ran \u00f6lk\u0259miz daxilind\u0259 m\u00fc\u0259yy\u0259n \u015f\u0259b\u0259k\u0259ni h\u0259r\u0259k\u0259t\u0259 g\u0259tirib. Onun s\u00f6zl\u0259rin\u0259 g\u00f6r\u0259, sosial \u015f\u0259b\u0259k\u0259d\u0259 dini m\u0259zh\u0259b ad\u0131 alt\u0131nda Az\u0259rbaycan d\u00f6vl\u0259t\u00e7iliyin\u0259 qar\u015f\u0131 \u00e7a\u011f\u0131r\u0131\u015flara rast g\u0259lirik. Ekspert bildirib ki, Az\u0259rbaycan g\u00fcc orqanlar\u0131 \u0130ran \u015f\u0259b\u0259k\u0259sin\u0259 qar\u015f\u0131 \u0259n s\u0259rt c\u0259za mexanizmin\u0259 ke\u00e7m\u0259li, \u0130randak\u0131 s\u0259firimiz m\u0259sl\u0259h\u0259tl\u0259\u015fm\u0259l\u0259r aparmaq \u00fc\u00e7\u00fcn geri \u00e7a\u011fr\u0131lmal\u0131d\u0131r.<\/p>\n<p><img loading=\"lazy\" src=\"https:\/\/www.paralel.az\/images\/article\/big\/1628337715_792.jpg\" alt=\"Asif N\u0259rimanl\u0131: &amp;quot;O ba\u015fqa m\u0259s\u0259l\u0259 ki, \u0130ran Az\u0259rbaycan\u0131 yox, Erm\u0259nistan\u0131 sevir&amp;quot;\" width=\"820\" height=\"547\" \/><\/p>\n<p><strong>Asif N\u0259rimanl\u0131<\/strong><\/p>\n<p><strong>Siyasi t\u0259hlil\u00e7i Asif N\u0259rimanl\u0131n\u0131n s\u00f6zl\u0259rin\u0259 g\u00f6r\u0259, Gorus-Qafan yolu il\u0259 ba\u011fl\u0131 g\u0259rginlik masada sakitl\u0259\u015fib, \u0130ran Xank\u0259ndin\u0259 y\u00fck da\u015f\u0131nmalar\u0131n\u0131 \u00f6z\u0259l \u015firk\u0259tl\u0259rin \u00fcz\u0259rin\u0259 y\u0131xaraq, \u201cbir daha olmayacaq\u201d s\u00f6z\u00fcn\u00fc verib:<\/strong>\u00a0\u201cT\u00fcrkiy\u0259-Az\u0259rbaycan-\u0130ran X\u0130N r\u0259hb\u0259rl\u0259rinin Tehranda \u00fc\u00e7t\u0259r\u0259fli g\u00f6r\u00fc\u015f\u00fc il\u0259 ba\u011fl\u0131 raz\u0131l\u0131q \u0259ld\u0259 olunub, Bak\u0131 v\u0259 Tehran aras\u0131nda prosesl\u0259r d\u00fcz x\u0259tt\u0259 \u00e7\u0131x\u0131rd\u0131 ki, \u0130ran quru qo\u015funlar\u0131 Az\u0259rbaycanla s\u0259rh\u0259dd\u0259 Nax\u00e7\u0131van istiqam\u0259tind\u0259n C\u0259bray\u0131la q\u0259d\u0259r &#8211; yeni t\u0259liml\u0259r\u0259 start verdi. Son prosesl\u0259r fonunda iki m\u00fcmk\u00fcn s\u0259b\u0259b var: birincisi, Prezident \u0130lham \u018fliyevin \u201dAnadolu&#8221; agentliyin\u0259 m\u00fcsahib\u0259sind\u0259 \u0130rana haql\u0131 irad bildirm\u0259si, prosesl\u0259ri h\u0259zm ed\u0259 bilm\u0259y\u0259n Tehran \u201ctarana\u201d gedir. Adekvat olmayan aqressiya, \u0130ran medias\u0131n\u0131n \u018fliyevin m\u0259lum iradlar\u0131ndan sonra total h\u00fccuma ke\u00e7m\u0259si Gorus-Qafan yolu il\u0259 ba\u011fl\u0131 n\u0259tic\u0259nin Tehran\u0131 qane etm\u0259diyini g\u00f6st\u0259rir. \u0130ran anlad\u0131 ki, Z\u0259ng\u0259zur d\u0259hlizinin realla\u015fmas\u0131 uzansa bel\u0259, Az\u0259rbaycan\u0131n \u0259lind\u0259 cari d\u00f6vr \u00fc\u00e7\u00fcn g\u00fccl\u00fc r\u0131\u00e7aqlar var. \u0130kincisi, \u018frdo\u011fan v\u0259 Putinin So\u00e7id\u0259 anla\u015fmas\u0131, bu, \u0130ran\u0131n Yax\u0131n \u015e\u0259rqd\u0259 m\u0259zh\u0259b\u00e7ilik \u00fcz\u0259rind\u0259n qurdu\u011fu strategiyaya, C\u0259nubi Qafqazda s\u0131x\u0131\u015fd\u0131r\u0131lmas\u0131na, son kart\u0131 olan Erm\u0259nistan\u0131n da \u0259lind\u0259n \u00e7\u0131xmas\u0131na g\u0259tirib \u00e7\u0131xaracaq. H\u0259rbi t\u0259liml\u0259r\u0259 So\u00e7i g\u00f6r\u00fc\u015f\u00fcnd\u0259n sonra yenid\u0259n start verilm\u0259si d\u0259 bundan qaynaqlan\u0131r&#8221;.<\/p>\n<p><strong>Ekspertin dediyin\u0259 g\u00f6r\u0259, Az\u0259rbaycan daxilind\u0259 \u201cdindar qruplar\u201d h\u0259r\u0259k\u0259t\u0259 g\u0259tirilib:<\/strong>\u00a0\u201cBunlar Bak\u0131ya \u201dx\u0259b\u0259rdarl\u0131q&#8221; idi, \u0259slind\u0259 \u0130ran\u0131n Ankara v\u0259 Moskvaya t\u0259sir r\u0131\u00e7aqlar\u0131 z\u0259if oldu\u011fu \u00fc\u00e7\u00fcn \u0259lind\u0259ki \u0259n \u201cunikal\u201d imkan\u0131 x\u0259rcl\u0259yir &#8211; Az\u0259rbaycana h\u00fccum. H\u0259d\u0259f Bak\u0131ya t\u0259zyiq, Bak\u0131 \u00fcz\u0259rind\u0259n Ankaraya mesaj, Moskvaya \u201cb\u00f6lg\u0259d\u0259 m\u0259nim d\u0259 maraqlar\u0131m var\u201d siqnal\u0131n\u0131n verilm\u0259si, Z\u0259ng\u0259zur d\u0259hlizinin \u00f6n\u00fcn\u00fc k\u0259sm\u0259k olaraq g\u00f6r\u00fcn\u00fcr. T\u0259liml\u0259r Bak\u0131ya t\u0259zyiq v\u0259 regional oyun\u00e7ulara g\u00fcc n\u00fcmayi\u015fi olsa da, Tehran bununla ist\u0259diyin\u0259 nail ola bilm\u0259y\u0259c\u0259yini anlay\u0131r. Az\u0259rbaycan prinsipial m\u00f6vqeyind\u0259n geri \u00e7\u0259kilmir, T\u00fcrkiy\u0259 b\u00f6lg\u0259d\u0259 aktiv \u015f\u0259kild\u0259 h\u0259r\u0259k\u0259t edir, Rusiya b\u00f6lg\u0259ni faktiki T\u00fcrkiy\u0259 il\u0259 payla\u015f\u0131b, Erm\u0259nistan \u0130ran\u0131 sona q\u0259d\u0259r \u201cdost tutmayacaq\u201d.<\/p>\n<p>&nbsp;<\/p>\n","protected":false},"excerpt":{"rendered":"<p>C\u0259nub qon\u015fumuzun ikiba\u015fl\u0131 siyas\u0259ti: gah daxili i\u015fl\u0259r naziri yum\u015falmadan dan\u0131\u015f\u0131r, gah da yeni t\u0259liml\u0259r\u0259 ba\u015flay\u0131r&#8230; \u0130randan Az\u0259rbaycanla son g\u00fcnl\u0259r ya\u015fanan g\u0259rginliyi yum\u015faltma\u011fa y\u00f6n\u0259lmi\u015f b\u0259yanat s\u0259sl\u0259nib. \u201cYeni M\u00fcsavat\u201d x\u0259b\u0259r verir ki, daxili i\u015fl\u0259r naziri, general \u018fhm\u0259d Vahidi \u201cAz\u0259rbaycanla \u0130ran aras\u0131nda yanl\u0131\u015f anla\u015f\u0131lmalar\u0131n diplomatik yollarla h\u0259ll edil\u0259c\u0259yini\u201d bildirib. Onun b\u0259yanat\u0131ndan T\u00fcrkiy\u0259nin \u201cStar\u201d q\u0259zeti sitat g\u0259tirib. General deyib ki, \u201cb\u0259zi \u00f6lk\u0259l\u0259r\u201d Az\u0259rbaycanla \u0130ran aras\u0131nda m\u00fcnasib\u0259tl\u0259rin korlanmas\u0131 \u00fc\u00e7\u00fcn \u201cq\u0259sd plan\u0131 qurub\u201d. Onun s\u00f6zl\u0259rin\u0259 g\u00f6r\u0259, yanl\u0131\u015f anla\u015f\u0131lmalar v\u0259 f\u0259rqli m\u0259s\u0259l\u0259l\u0259r varsa bunlar diplomatik yolla aradan qald\u0131r\u0131lacaq, Xarici \u0130\u015fl\u0259r Nazirliyi bu m\u0259s\u0259l\u0259 il\u0259 m\u0259\u015f\u011fuldur. \u018fslind\u0259 \u0130ran&hellip;<\/p>\n","protected":false},"author":2,"featured_media":385118,"comment_status":"closed","ping_status":"closed","sticky":false,"template":"","format":"standard","meta":{"om_disable_all_campaigns":false,"_monsterinsights_skip_tracking":false,"_monsterinsights_sitenote_active":false,"_monsterinsights_sitenote_note":"","_monsterinsights_sitenote_category":0},"categories":[4],"tags":[],"aioseo_notices":[],"gutentor_comment":0,"rttpg_featured_image_url":{"full":["https:\/\/arantv.az\/wp-content\/uploads\/2021\/10\/9a1b470c5cd456210e8f53b836191ff9.jpg",450,300,false],"landscape":["https:\/\/arantv.az\/wp-content\/uploads\/2021\/10\/9a1b470c5cd456210e8f53b836191ff9.jpg",450,300,false],"portraits":["https:\/\/arantv.az\/wp-content\/uploads\/2021\/10\/9a1b470c5cd456210e8f53b836191ff9.jpg",450,300,false],"thumbnail":["https:\/\/arantv.az\/wp-content\/uploads\/2021\/10\/9a1b470c5cd456210e8f53b836191ff9-450x280.jpg",450,280,true],"medium":["https:\/\/arantv.az\/wp-content\/uploads\/2021\/10\/9a1b470c5cd456210e8f53b836191ff9.jpg",450,300,false],"large":["https:\/\/arantv.az\/wp-content\/uploads\/2021\/10\/9a1b470c5cd456210e8f53b836191ff9.jpg",450,300,false],"1536x1536":["https:\/\/arantv.az\/wp-content\/uploads\/2021\/10\/9a1b470c5cd456210e8f53b836191ff9.jpg",450,300,false],"2048x2048":["https:\/\/arantv.az\/wp-content\/uploads\/2021\/10\/9a1b470c5cd456210e8f53b836191ff9.jpg",450,300,false],"post-thumbnail":["https:\/\/arantv.az\/wp-content\/uploads\/2021\/10\/9a1b470c5cd456210e8f53b836191ff9-240x172.jpg",240,172,true],"advps-thumb-one":["https:\/\/arantv.az\/wp-content\/uploads\/2021\/10\/9a1b470c5cd456210e8f53b836191ff9.jpg",450,300,false]},"rttpg_author":{"display_name":"V\u00fcsal Rafiqo\u011flu","author_link":"https:\/\/arantv.az\/?author=2"},"rttpg_comment":0,"rttpg_category":"<a href=\"https:\/\/arantv.az\/?cat=4\" rel=\"category\">Siyas\u0259t<\/a>","rttpg_excerpt":"C\u0259nub qon\u015fumuzun ikiba\u015fl\u0131 siyas\u0259ti: gah daxili i\u015fl\u0259r naziri yum\u015falmadan dan\u0131\u015f\u0131r, gah da yeni t\u0259liml\u0259r\u0259 ba\u015flay\u0131r&#8230; \u0130randan Az\u0259rbaycanla son g\u00fcnl\u0259r ya\u015fanan g\u0259rginliyi yum\u015faltma\u011fa y\u00f6n\u0259lmi\u015f b\u0259yanat s\u0259sl\u0259nib. \u201cYeni M\u00fcsavat\u201d x\u0259b\u0259r verir ki, daxili i\u015fl\u0259r naziri, general \u018fhm\u0259d Vahidi \u201cAz\u0259rbaycanla \u0130ran aras\u0131nda yanl\u0131\u015f anla\u015f\u0131lmalar\u0131n diplomatik yollarla h\u0259ll edil\u0259c\u0259yini\u201d bildirib. Onun b\u0259yanat\u0131ndan T\u00fcrkiy\u0259nin \u201cStar\u201d q\u0259zeti sitat g\u0259tirib. General deyib&hellip;","_links":{"self":[{"href":"https:\/\/arantv.az\/index.php?rest_route=\/wp\/v2\/posts\/385117"}],"collection":[{"href":"https:\/\/arantv.az\/index.php?rest_route=\/wp\/v2\/posts"}],"about":[{"href":"https:\/\/arantv.az\/index.php?rest_route=\/wp\/v2\/types\/post"}],"author":[{"embeddable":true,"href":"https:\/\/arantv.az\/index.php?rest_route=\/wp\/v2\/users\/2"}],"replies":[{"embeddable":true,"href":"https:\/\/arantv.az\/index.php?rest_route=%2Fwp%2Fv2%2Fcomments&post=385117"}],"version-history":[{"count":0,"href":"https:\/\/arantv.az\/index.php?rest_route=\/wp\/v2\/posts\/385117\/revisions"}],"wp:featuredmedia":[{"embeddable":true,"href":"https:\/\/arantv.az\/index.php?rest_route=\/wp\/v2\/media\/385118"}],"wp:attachment":[{"href":"https:\/\/arantv.az\/index.php?rest_route=%2Fwp%2Fv2%2Fmedia&parent=385117"}],"wp:term":[{"taxonomy":"category","embeddable":true,"href":"https:\/\/arantv.az\/index.php?rest_route=%2Fwp%2Fv2%2Fcategories&post=385117"},{"taxonomy":"post_tag","embeddable":true,"href":"https:\/\/arantv.az\/index.php?rest_route=%2Fwp%2Fv2%2Ftags&post=385117"}],"curies":[{"name":"wp","href":"https:\/\/api.w.org\/{rel}","templated":true}]}}