{"id":385120,"date":"2021-10-02T08:20:26","date_gmt":"2021-10-02T05:20:26","guid":{"rendered":"http:\/\/arantv.az\/?p=385120"},"modified":"2021-10-02T08:20:26","modified_gmt":"2021-10-02T05:20:26","slug":"%c9%99liyev-%c9%99rdogan-pasinyan-uclu-gorusu-niy%c9%99-d%c9%99-olmasin","status":"publish","type":"post","link":"https:\/\/arantv.az\/?p=385120","title":{"rendered":"\u018fliyev-\u018frdo\u011fan-Pa\u015finyan \u00fc\u00e7l\u00fc g\u00f6r\u00fc\u015f\u00fc&#8230; niy\u0259 d\u0259 olmas\u0131n?"},"content":{"rendered":"<p><strong>\u201cPa\u015finyan\u0131n s\u00fclh ist\u0259diyini inkar etmir\u0259m, ancaq o, arxa c\u0259bh\u0259 sar\u0131dan arxay\u0131n olmal\u0131 v\u0259 d\u0259st\u0259k hiss el\u0259m\u0259lidir. Xalq aras\u0131nda d\u0259st\u0259k var v\u0259 biz buna Erm\u0259nistan parlamentin\u0259 ke\u00e7iril\u0259n se\u00e7kil\u0259rd\u0259 \u0259min olduq. Dig\u0259r t\u0259r\u0259fd\u0259n, Pa\u015finyan\u0131n t\u0259\u015f\u0259bb\u00fcskarl\u0131\u011f\u0131n\u0131 v\u0259 c\u0259sar\u0259tli q\u0259rar\u0131n\u0131 g\u00f6rm\u00fcr\u00fck\u201d.<\/strong><\/p>\n<p>Bu s\u00f6zl\u0259ri \u201cVestnik Kavkaza\u201d erm\u0259ni tarix\u00e7i, Erm\u0259nistan-Az\u0259rbaycan V\u0259t\u0259nda\u015f Platformas\u0131n\u0131n idar\u0259 hey\u0259tinin \u00fczv\u00fc Artur A\u011facanov s\u00f6yl\u0259yib.<\/p>\n<p>\u201cBeld\u0259 r\u00fcqzaq eyforiya v\u0259 q\u0259l\u0259b\u0259 ayr\u0131 bir \u015feydir, amma daima m\u00fcxalif\u0259t\u0259 sar\u0131 boylanmaqla h\u0259r\u0259k\u0259tl\u0259r ba\u015fqa \u015fey. B\u0259lk\u0259 d\u0259 o s\u00fclh ist\u0259yir, amma ist\u0259m\u0259k bir \u015feydir, bacarmaq ayr\u0131 \u015feydir. Bundan ba\u015fqa, t\u0259kc\u0259 Az\u0259rbaycanla deyil, T\u00fcrkiy\u0259 il\u0259 d\u0259 m\u00fcnasib\u0259tl\u0259ri normalla\u015fd\u0131rmaq vacibdir. Amma ilk n\u00f6vb\u0259d\u0259 o, qon\u015fu Az\u0259rbaycana diqq\u0259t yetirm\u0259li v\u0259 Z\u0259ng\u0259zur d\u0259hlizi m\u0259s\u0259l\u0259sini h\u0259ll etm\u0259lidir. \u00dcst\u0259lik, bu d\u0259hliz T\u00fcrkiy\u0259y\u0259 q\u0259d\u0259r uzan\u0131r. Pa\u015finyan, \u018fliyev v\u0259 \u018frdo\u011fan\u0131n \u00fc\u00e7t\u0259r\u0259fli g\u00f6r\u00fc\u015f\u00fcn\u00fc d\u0259 ke\u00e7irm\u0259k olar\u201d, &#8211; A\u011facanov s\u00f6yl\u0259yib.<\/p>\n<p><strong>B\u0259s bel\u0259 \u00fc\u00e7t\u0259r\u0259fli formatda g\u00f6r\u00fc\u015f m\u00fcmk\u00fcnm\u00fc v\u0259 bu g\u00f6r\u00fc\u015f b\u00f6y\u00fck s\u00fclh\u00fc n\u0259 d\u0259r\u0259c\u0259d\u0259 yax\u0131nla\u015fd\u0131ra bil\u0259r?<\/strong><\/p>\n<p><strong>Siyasi \u015f\u0259rh\u00e7i \u018fh\u0259d M\u0259mm\u0259dli g\u00f6r\u00fc\u015f\u00fcn olaca\u011f\u0131na inan\u0131r:<\/strong>\u00a0\u201c\u018fliyev-\u018frdo\u011fan-Pa\u015finyan g\u00f6r\u00fc\u015f\u00fc m\u00fcmk\u00fcnd\u00fcr v\u0259 fikrimc\u0259, gec-tez ba\u015f ver\u0259 bil\u0259r. D\u00fc\u015f\u00fcn\u00fcr\u0259m ki, \u00fc\u00e7l\u00fc format\u0131nda bu g\u00f6r\u00fc\u015f\u00fcn ba\u015f verm\u0259si Erm\u0259nistan\u0131n Qaraba\u011f\u0131 r\u0259sm\u0259n Az\u0259rbaycan \u0259razisi kimi tan\u0131mas\u0131ndan v\u0259 \u0130r\u0259van\u0131n qarda\u015f T\u00fcrkiy\u0259y\u0259 qar\u015f\u0131 \u0259razi iddialar\u0131ndan imtina etm\u0259sind\u0259n sonra ba\u015f ver\u0259 bil\u0259r. Bu c\u00fcr g\u00f6r\u00fc\u015f \u0259vv\u0259ld\u0259 ba\u015f ver\u0259 bil\u0259r. \u018fliyev-\u018frdo\u011fan-Pa\u015finyan g\u00f6r\u00fc\u015f\u00fc s\u00fclh m\u00fcqavil\u0259si \u00f6nc\u0259si haz\u0131rl\u0131q g\u00f6r\u00fc\u015f\u00fc d\u0259 ola bil\u0259r. \u00dc\u00e7l\u00fck format\u0131nda g\u00f6r\u00fc\u015f Erm\u0259nistan\u0131n Az\u0259rbaycanla s\u00fclh m\u00fcqavil\u0259sin\u0259 yax\u0131nla\u015fd\u0131ra bil\u0259r. Lakin tez bir zamanda bu c\u00fcr g\u00f6r\u00fc\u015f\u00fcn olaca\u011f\u0131n\u0131 d\u00fc\u015f\u00fcnm\u00fcr\u0259m. \u00c7\u00fcnki Erm\u0259nistan\u0131n Rusiyas\u0131z T\u00fcrkiy\u0259 v\u0259 Az\u0259rbaycanla bir masa arxas\u0131nda oturaca\u011f\u0131 inand\u0131r\u0131c\u0131 g\u00f6r\u00fcnm\u00fcr.<\/p>\n<p><img loading=\"lazy\" src=\"https:\/\/agpartiya.com\/wp-content\/uploads\/2021\/03\/%C6%8Fh%C9%99d-M%C9%99mm%C9%99dli.jpeg\" alt=\"\u018fh\u0259d M\u0259mm\u0259dli \u2013 A\u011e PART\u0130YA\" width=\"640\" height=\"417\" \/><\/p>\n<p><strong>\u018fh\u0259d M\u0259mm\u0259dli: \u201cBel\u0259 bir g\u00f6r\u00fc\u015f m\u00fcmk\u00fcnd\u00fcr v\u0259 gec-tez ba\u015f\u00a0 tuta bil\u0259r\u201d<\/strong><\/p>\n<p>Erm\u0259nistan Rusiyadan as\u0131l\u0131 \u00f6lk\u0259dir v\u0259 bu as\u0131l\u0131l\u0131q qald\u0131r\u0131lmayana q\u0259d\u0259r \u0130r\u0259vandan m\u00fcst\u0259qil beyn\u0259lxalq siyas\u0259t g\u00f6zl\u0259m\u0259y\u0259k. Bu \u00fc\u00e7l\u00fc formatl\u0131 g\u00f6r\u00fc\u015f\u0259 Rusiya da qo\u015fulsa, \u018fliyevin Pa\u015finyanla g\u00f6r\u00fc\u015f\u00fc daha tez ba\u015f tuta bil\u0259r. Ortaya sual \u00e7\u0131x\u0131r, \u00f6z\u00fcn\u00fcn i\u015ftirak\u0131 il\u0259 bel\u0259 Moskva bu c\u00fcr g\u00f6r\u00fc\u015f, bu g\u00f6r\u00fc\u015fd\u0259 Ankaran\u0131n i\u015ftirak\u0131n\u0131, \u0130r\u0259van\u0131n Bak\u0131 v\u0259 Ankara il\u0259 s\u00fclh\u00fcn\u00fc ist\u0259yirmi? Fikrimc\u0259, bir \u00e7ox s\u00f6yl\u0259nil\u0259nl\u0259ri ist\u0259mir. Lakin bu o dem\u0259k deyil ki, h\u0259r \u015fey ruslar\u0131n arzu v\u0259 ist\u0259kl\u0259ri il\u0259 ba\u015f tutmal\u0131d\u0131r. B\u0259lk\u0259 bir il bundan \u0259vv\u0259l bel\u0259 idi, amma art\u0131q bel\u0259 deyil. 44 g\u00fcnl\u00fck m\u00fcharib\u0259 h\u0259r \u015feyi olmasa da, \u00e7ox \u015feyi d\u0259yi\u015fdi. Ona g\u00f6r\u0259 Bak\u0131 v\u0259 Ankara \u0130r\u0259vana t\u0259zyiql\u0259rini davam etdirib, \u015f\u0259rtl\u0259rini q\u0259bul etdirib, i\u015f\u011fal\u00e7\u0131n\u0131 s\u00fclh m\u00fcqavil\u0259sin\u0259 m\u0259cbur etdirm\u0259lidir\u201d.<\/p>\n<p><img loading=\"lazy\" src=\"https:\/\/cdn.musavat.com\/news\/thumbnails\/eadbcf4decc35a8fa02a92ecffff7946.jpg\" alt=\"azer huseynov.jpg (95 KB)\" width=\"640\" height=\"427\" \/><\/p>\n<p><strong>Az\u0259r H\u00fcseynov: \u201cB\u00f6lg\u0259d\u0259 yeni oyun\u00e7ular var\u201d<\/strong><\/p>\n<p><strong>Beyn\u0259lxalq \u0259laq\u0259l\u0259r \u00fczr\u0259 ekspert Az\u0259r H\u00fcseynov yaranan suallarla ba\u011fl\u0131 bunlar\u0131 dedi:<\/strong>\u00a0\u201cPa\u015finyan prezident \u018frdo\u011fan v\u0259 prezident \u018fliyevl\u0259 g\u00f6r\u00fc\u015f\u0259 bil\u0259r. N\u0259 \u00fc\u00e7\u00fcn? \u00c7\u00fcnki o \u201darzular\u0131&#8221; olan ba\u015f nazirdir. Avropaya inteqrasiya-filan ist\u0259yirdi. Amma ordu onun planlar\u0131n\u0131 yan\u0131 \u00fcst\u0259 qoydu. \u0130ndi erm\u0259ni c\u0259miyy\u0259ti d\u0259 bunu ist\u0259yir. Amma dey\u0259 bilmirl\u0259r. Pa\u015finyan bir d\u0259 amerikal\u0131lardan \u201cicaz\u0259 almal\u0131d\u0131r\u201d. G\u00f6r\u00fc\u015f olarsa b\u00f6lg\u0259d\u0259 tarazl\u0131q al\u0131nar. T\u00fcrkiy\u0259, Amerika v\u0259 Rusiya t\u0259siri balansla\u015far. \u0130ndi bu \u201cMi\u015fa\u201d da g\u0259ldi. B\u00f6lg\u0259d\u0259 yeni oyun\u00e7ular var. Z\u0259ng\u0259zur is\u0259 in\u015fallah a\u00e7\u0131lacaq. Bu prosesi Erm\u0259nistan saxlaya bilm\u0259z&#8221;.<\/p>\n<p><img loading=\"lazy\" src=\"https:\/\/www.paralel.az\/images\/article\/big\/1628337715_792.jpg\" alt=\"Asif N\u0259rimanl\u0131: &amp;quot;O ba\u015fqa m\u0259s\u0259l\u0259 ki, \u0130ran Az\u0259rbaycan\u0131 yox, Erm\u0259nistan\u0131 sevir&amp;quot;\" width=\"810\" height=\"540\" \/><\/p>\n<p><strong>Asif N\u0259rimanl\u0131: \u201c\u018fsas vasit\u0259\u00e7iliyi Rusiya oynay\u0131r, lakin&#8230;\u201d<\/strong><\/p>\n<p><strong>Siyasi analitik Asif N\u0259rimanl\u0131n\u0131n is\u0259 m\u00f6vqeyi bel\u0259dir:<\/strong>\u00a0\u201cSon prosesl\u0259r Bak\u0131 v\u0259 Ankaran\u0131n bu format \u00fcz\u0259rind\u0259 d\u0259 i\u015fl\u0259diyini g\u00f6st\u0259rir v\u0259 bu formatda g\u00f6r\u00fc\u015f\u00fcn m\u00fcmk\u00fcn m\u0259kan\u0131 G\u00fcrc\u00fcstand\u0131r. Erm\u0259ni terror\u00e7ularla mina x\u0259rit\u0259l\u0259rinin barter edilm\u0259sind\u0259 ilk vasit\u0259\u00e7iliyi AB\u015e-\u0131n t\u0259\u015f\u0259bb\u00fcs\u00fc il\u0259 G\u00fcrc\u00fcstan etdi. Pa\u015finyan \u018frdo\u011fanla g\u00f6r\u00fc\u015f t\u0259klifini d\u0259 Qariba\u015fvili vasit\u0259sil\u0259 g\u00f6nd\u0259rib. \u018frdo\u011fan BMT Ba\u015f Assambleyas\u0131n\u0131n 76-c\u0131 sessiyas\u0131 \u00e7\u0259r\u00e7iv\u0259sind\u0259 Qariba\u015fvili il\u0259 g\u00f6r\u00fc\u015fd\u00fc v\u0259 25 d\u0259qiq\u0259 \u00e7\u0259k\u0259n g\u00f6r\u00fc\u015f\u00fcn \u0259sas m\u00f6vzusunun da \u0130r\u0259vanla m\u00fcnasib\u0259tl\u0259rd\u0259 Tiflisin vasit\u0259\u00e7iliyi oldu\u011funu d\u00fc\u015f\u00fcn\u00fcr\u0259m. Bu g\u00f6r\u00fc\u015fd\u0259n sonra Qariba\u015fvilinin regionda vasit\u0259\u00e7ilik platformas\u0131 olmaq ist\u0259dikl\u0259rini a\u00e7\u0131qlamas\u0131 da bu fikri g\u00fccl\u0259ndirir. G\u00fcrc\u00fcstan\u0131n ba\u015f nazirinin Bak\u0131ya s\u0259f\u0259rind\u0259 d\u0259 bu m\u0259s\u0259l\u0259 aktual m\u00f6vzulardan oldu\u011funu hesab edir\u0259m. B\u00f6lg\u0259d\u0259 \u0259sas vasit\u0259\u00e7iliyi Rusiya oynay\u0131r, lakin bel\u0259 format\u0131n Rusiyada olmas\u0131 ehtimal\u0131 azd\u0131r. \u00c7\u00fcnki Moskva tam neytral deyil v\u0259 Qaraba\u011f \u00fcz\u0259rind\u0259n b\u00f6lg\u0259d\u0259 maraqlar\u0131 var. Bu bax\u0131mdan, G\u00fcrc\u00fcstan alternativi \u00fcz\u0259rind\u0259 d\u00fc\u015f\u00fcn\u00fcld\u00fcy\u00fcn\u00fc hesab etm\u0259k olar. Fikrimc\u0259, bu h\u0259m d\u0259 Rusiyaya qar\u015f\u0131 masada \u0259limizi g\u00fccl\u0259ndirm\u0259y\u0259 hesablanm\u0131\u015f m\u0259s\u0259l\u0259dir. Bak\u0131 v\u0259 Ankara Moskvan\u0131n vasit\u0259\u00e7iliyini q\u0259bul edir, lakin G\u00fcrc\u00fcstan platformas\u0131n\u0131n da davaml\u0131 g\u00fcnd\u0259md\u0259 qalmas\u0131 iki kontekstd\u0259 maraql\u0131d\u0131r. Birincisi, Rusiyaya qar\u015f\u0131 alternativ yarad\u0131l\u0131r v\u0259 qeyd etdiyim kimi, bu, Moskvan\u0131n qar\u015f\u0131s\u0131nda \u0259limizin g\u00fccl\u0259ndirilm\u0259si, raz\u0131la\u015fmalarda maraqlar\u0131m\u0131z\u0131n t\u0259min edilm\u0259sin\u0259 hesablan\u0131b. Alternativin olmas\u0131 ruslar\u0131 \u0259n az\u0131 s\u0259rt m\u00f6vqed\u0259n \u00e7\u0259kindir\u0259 bil\u0259r. \u0130kincisi, Bak\u0131-Tiflis-Ankara x\u0259ttini qorumaqd\u0131r. Az\u0259rbaycan v\u0259 T\u00fcrkiy\u0259 G\u00fcrc\u00fcstan\u0131n prosesl\u0259rd\u0259n k\u0259narda qalmas\u0131nda maraql\u0131 deyil. Bu h\u0259m d\u0259 AB\u015e-\u0131n mara\u011f\u0131ndad\u0131r. Fikrimc\u0259, \u018frdo\u011fanla Putin So\u00e7id\u0259 g\u00f6r\u00fc\u015fd\u00fcy\u00fc g\u00fcn Qariba\u015fvilinin Bak\u0131ya s\u0259f\u0259ri bu kontekstd\u0259 t\u0259sad\u00fcfi deyildi v\u0259 bu, h\u0259m Tiflisin regionda ruslara alternativ platforma olmaq ist\u0259yind\u0259n ir\u0259li g\u0259lir, h\u0259m d\u0259 bizim ruslara alternativin m\u00f6vcudlu\u011fu mesaj\u0131n\u0131 \u00e7atd\u0131rmaq bax\u0131m\u0131ndan maraqlar\u0131m\u0131za uy\u011fundur. Lakin \u018frdo\u011fan-\u018fliyev-Pa\u015finyan \u00fc\u00e7t\u0259r\u0259fli g\u00f6r\u00fc\u015f\u00fcn\u00fcn Rusiyas\u0131z olmas\u0131 ehtimal\u0131n\u0131 z\u0259if g\u00f6r\u00fcr\u0259m. Moskvan\u0131n bunun qar\u015f\u0131s\u0131n\u0131 almas\u0131 \u00fc\u00e7\u00fcn r\u0131\u00e7aqlar\u0131 var v\u0259 ruslar bu halda b\u00f6y\u00fck s\u00fclh\u0259 imkan verm\u0259zl\u0259r. \u00dc\u00e7t\u0259r\u0259fli g\u00f6r\u00fc\u015f\u00fcn Moskvada olmas\u0131 is\u0259 art\u0131q \u00fc\u00e7 yox, d\u00f6rdt\u0259r\u0259fli g\u00f6r\u00fc\u015f ola bil\u0259r, \u00e7\u00fcnki Rusiyan\u0131n da \u00f6z maraqlar\u0131 var. Bak\u0131 v\u0259 Ankara da bunu anlay\u0131r, bu bax\u0131mdan, \u00fc\u00e7t\u0259r\u0259fli formatda g\u00f6r\u00fc\u015f\u00fcn v\u0259 bunun Rusiyas\u0131z platformada olmas\u0131 m\u0259s\u0259l\u0259sinin g\u00fcnd\u0259md\u0259 saxlan\u0131lmas\u0131 ruslar\u0131n qurdu\u011fu masada \u0259limizin g\u00fccl\u0259ndirilm\u0259sin\u0259 xidm\u0259t edir\u201d.<\/p>\n","protected":false},"excerpt":{"rendered":"<p>\u201cPa\u015finyan\u0131n s\u00fclh ist\u0259diyini inkar etmir\u0259m, ancaq o, arxa c\u0259bh\u0259 sar\u0131dan arxay\u0131n olmal\u0131 v\u0259 d\u0259st\u0259k hiss el\u0259m\u0259lidir. Xalq aras\u0131nda d\u0259st\u0259k var v\u0259 biz buna Erm\u0259nistan parlamentin\u0259 ke\u00e7iril\u0259n se\u00e7kil\u0259rd\u0259 \u0259min olduq. Dig\u0259r t\u0259r\u0259fd\u0259n, Pa\u015finyan\u0131n t\u0259\u015f\u0259bb\u00fcskarl\u0131\u011f\u0131n\u0131 v\u0259 c\u0259sar\u0259tli q\u0259rar\u0131n\u0131 g\u00f6rm\u00fcr\u00fck\u201d. Bu s\u00f6zl\u0259ri \u201cVestnik Kavkaza\u201d erm\u0259ni tarix\u00e7i, Erm\u0259nistan-Az\u0259rbaycan V\u0259t\u0259nda\u015f Platformas\u0131n\u0131n idar\u0259 hey\u0259tinin \u00fczv\u00fc Artur A\u011facanov s\u00f6yl\u0259yib. \u201cBeld\u0259 r\u00fcqzaq eyforiya v\u0259 q\u0259l\u0259b\u0259 ayr\u0131 bir \u015feydir, amma daima m\u00fcxalif\u0259t\u0259 sar\u0131 boylanmaqla h\u0259r\u0259k\u0259tl\u0259r ba\u015fqa \u015fey. B\u0259lk\u0259 d\u0259 o s\u00fclh ist\u0259yir, amma ist\u0259m\u0259k bir \u015feydir, bacarmaq ayr\u0131 \u015feydir. Bundan ba\u015fqa, t\u0259kc\u0259 Az\u0259rbaycanla deyil, T\u00fcrkiy\u0259 il\u0259 d\u0259 m\u00fcnasib\u0259tl\u0259ri normalla\u015fd\u0131rmaq&hellip;<\/p>\n","protected":false},"author":2,"featured_media":385121,"comment_status":"closed","ping_status":"closed","sticky":false,"template":"","format":"standard","meta":{"om_disable_all_campaigns":false,"_monsterinsights_skip_tracking":false,"_monsterinsights_sitenote_active":false,"_monsterinsights_sitenote_note":"","_monsterinsights_sitenote_category":0},"categories":[4],"tags":[],"aioseo_notices":[],"gutentor_comment":0,"rttpg_featured_image_url":{"full":["https:\/\/arantv.az\/wp-content\/uploads\/2021\/10\/eb7f22131ce974abb324b0bc79f54f29.jpg",450,300,false],"landscape":["https:\/\/arantv.az\/wp-content\/uploads\/2021\/10\/eb7f22131ce974abb324b0bc79f54f29.jpg",450,300,false],"portraits":["https:\/\/arantv.az\/wp-content\/uploads\/2021\/10\/eb7f22131ce974abb324b0bc79f54f29.jpg",450,300,false],"thumbnail":["https:\/\/arantv.az\/wp-content\/uploads\/2021\/10\/eb7f22131ce974abb324b0bc79f54f29-450x280.jpg",450,280,true],"medium":["https:\/\/arantv.az\/wp-content\/uploads\/2021\/10\/eb7f22131ce974abb324b0bc79f54f29.jpg",450,300,false],"large":["https:\/\/arantv.az\/wp-content\/uploads\/2021\/10\/eb7f22131ce974abb324b0bc79f54f29.jpg",450,300,false],"1536x1536":["https:\/\/arantv.az\/wp-content\/uploads\/2021\/10\/eb7f22131ce974abb324b0bc79f54f29.jpg",450,300,false],"2048x2048":["https:\/\/arantv.az\/wp-content\/uploads\/2021\/10\/eb7f22131ce974abb324b0bc79f54f29.jpg",450,300,false],"post-thumbnail":["https:\/\/arantv.az\/wp-content\/uploads\/2021\/10\/eb7f22131ce974abb324b0bc79f54f29-240x172.jpg",240,172,true],"advps-thumb-one":["https:\/\/arantv.az\/wp-content\/uploads\/2021\/10\/eb7f22131ce974abb324b0bc79f54f29.jpg",450,300,false]},"rttpg_author":{"display_name":"V\u00fcsal Rafiqo\u011flu","author_link":"https:\/\/arantv.az\/?author=2"},"rttpg_comment":0,"rttpg_category":"<a href=\"https:\/\/arantv.az\/?cat=4\" rel=\"category\">Siyas\u0259t<\/a>","rttpg_excerpt":"\u201cPa\u015finyan\u0131n s\u00fclh ist\u0259diyini inkar etmir\u0259m, ancaq o, arxa c\u0259bh\u0259 sar\u0131dan arxay\u0131n olmal\u0131 v\u0259 d\u0259st\u0259k hiss el\u0259m\u0259lidir. Xalq aras\u0131nda d\u0259st\u0259k var v\u0259 biz buna Erm\u0259nistan parlamentin\u0259 ke\u00e7iril\u0259n se\u00e7kil\u0259rd\u0259 \u0259min olduq. Dig\u0259r t\u0259r\u0259fd\u0259n, Pa\u015finyan\u0131n t\u0259\u015f\u0259bb\u00fcskarl\u0131\u011f\u0131n\u0131 v\u0259 c\u0259sar\u0259tli q\u0259rar\u0131n\u0131 g\u00f6rm\u00fcr\u00fck\u201d. Bu s\u00f6zl\u0259ri \u201cVestnik Kavkaza\u201d erm\u0259ni tarix\u00e7i, Erm\u0259nistan-Az\u0259rbaycan V\u0259t\u0259nda\u015f Platformas\u0131n\u0131n idar\u0259 hey\u0259tinin \u00fczv\u00fc Artur A\u011facanov s\u00f6yl\u0259yib. \u201cBeld\u0259 r\u00fcqzaq eyforiya&hellip;","_links":{"self":[{"href":"https:\/\/arantv.az\/index.php?rest_route=\/wp\/v2\/posts\/385120"}],"collection":[{"href":"https:\/\/arantv.az\/index.php?rest_route=\/wp\/v2\/posts"}],"about":[{"href":"https:\/\/arantv.az\/index.php?rest_route=\/wp\/v2\/types\/post"}],"author":[{"embeddable":true,"href":"https:\/\/arantv.az\/index.php?rest_route=\/wp\/v2\/users\/2"}],"replies":[{"embeddable":true,"href":"https:\/\/arantv.az\/index.php?rest_route=%2Fwp%2Fv2%2Fcomments&post=385120"}],"version-history":[{"count":0,"href":"https:\/\/arantv.az\/index.php?rest_route=\/wp\/v2\/posts\/385120\/revisions"}],"wp:featuredmedia":[{"embeddable":true,"href":"https:\/\/arantv.az\/index.php?rest_route=\/wp\/v2\/media\/385121"}],"wp:attachment":[{"href":"https:\/\/arantv.az\/index.php?rest_route=%2Fwp%2Fv2%2Fmedia&parent=385120"}],"wp:term":[{"taxonomy":"category","embeddable":true,"href":"https:\/\/arantv.az\/index.php?rest_route=%2Fwp%2Fv2%2Fcategories&post=385120"},{"taxonomy":"post_tag","embeddable":true,"href":"https:\/\/arantv.az\/index.php?rest_route=%2Fwp%2Fv2%2Ftags&post=385120"}],"curies":[{"name":"wp","href":"https:\/\/api.w.org\/{rel}","templated":true}]}}