{"id":385183,"date":"2021-10-02T09:58:43","date_gmt":"2021-10-02T06:58:43","guid":{"rendered":"http:\/\/arantv.az\/?p=385183"},"modified":"2021-10-02T09:58:43","modified_gmt":"2021-10-02T06:58:43","slug":"abs-niy%c9%99-ulku-ocaqlarini-h%c9%99d%c9%99f-aldi-ozarslan","status":"publish","type":"post","link":"https:\/\/arantv.az\/?p=385183","title":{"rendered":"AB\u015e niy\u0259 \u00dclk\u00fc Ocaqlar\u0131n\u0131 h\u0259d\u0259f ald\u0131? &#8211; \u00d6zarslan"},"content":{"rendered":"<p><strong>ARANTV.AZ<\/strong>\u00a0 T\u00fcrkiy\u0259 Milliy\u0259t\u00e7i H\u0259r\u0259kat Partiyas\u0131n\u0131n ba\u015f katibinin k\u00f6m\u0259k\u00e7isi Bahad\u0131r Bumin \u00d6zarslan\u0131n Axar.az-a m\u00fcsahib\u0259sini t\u0259qdim edir<\/p>\n<p><strong>&#8211; Baydenin &#8220;erm\u0259ni soyq\u0131r\u0131m\u0131&#8221; a\u00e7\u0131qlamas\u0131, S-400 problemi v\u0259 Suriyada terror t\u0259\u015fkilatlar\u0131na yard\u0131m m\u0259s\u0259l\u0259sind\u0259n sonra \u00dclk\u00fc Ocaqlar\u0131 niy\u0259 h\u0259d\u0259f kimi g\u00f6r\u00fclm\u0259y\u0259 ba\u015flad\u0131?<\/strong><\/p>\n<p>&#8211; AB\u015e-\u0131n bu m\u00f6vqeyinin s\u0259b\u0259bi x\u00fcsusil\u0259 15 iyul 2016-c\u0131 ild\u0259 FET\u00d6 terror t\u0259\u015fkilat\u0131 t\u0259r\u0259find\u0259n h\u0259yata ke\u00e7iril\u0259n \u00e7evrili\u015f c\u0259hdind\u0259n sonra T\u00fcrkiy\u0259nin t\u00fcrk d\u00fcnyas\u0131na \u0259saslanan xarici siyas\u0259tinin daha da g\u00fccl\u0259nm\u0259sidir. 15 iyul gec\u0259si D\u00f6vl\u0259t Bax\u00e7al\u0131n\u0131n \u00e7evrili\u015f\u0259 a\u00e7\u0131q \u015f\u0259kild\u0259 qar\u015f\u0131 \u00e7\u0131xmas\u0131yla ba\u015flayan C\u00fcmhur \u0130ttifaq\u0131 yarand\u0131\u011f\u0131 g\u00fcnd\u0259n b\u0259ri T\u00fcrkiy\u0259nin maraqlar\u0131n\u0131 \u0259sas g\u00f6t\u00fcr\u00fcb. Bu s\u0259b\u0259bd\u0259n ba\u015fda AB\u015e olmaqla, Q\u0259rb d\u00f6vl\u0259tl\u0259ri h\u0259r f\u00fcrs\u0259td\u0259 T\u00fcrkiy\u0259ni a\u00e7\u0131q \u015f\u0259kild\u0259 h\u0259d\u0259f\u0259 al\u0131blar. \u00dclk\u00fc Ocaqlar\u0131 t\u00fcrk mill\u0259tinin b\u00fct\u00fcn maddi v\u0259 m\u0259n\u0259vi d\u0259y\u0259rl\u0259rini t\u0259msil edir. T\u0259\u015fkilat g\u00f6st\u0259rdiyi f\u0259aliyy\u0259tl\u0259 yaln\u0131z T\u00fcrkiy\u0259d\u0259 deyil, eyni zamanda t\u00fcrk d\u00fcnyas\u0131nda diqq\u0259ti c\u0259lb edir. Buna g\u00f6r\u0259 \u00dclk\u00fc Ocaqlar\u0131n\u0131 h\u0259d\u0259f almaq yaln\u0131z T\u00fcrkiy\u0259 t\u00fcrkl\u0259rini deyil, b\u00fct\u00f6vl\u00fckd\u0259 t\u00fcrk d\u00fcnyas\u0131n\u0131 h\u0259d\u0259f almaqd\u0131r. \u00c7\u00fcnki XXI \u0259srin t\u00fcrk \u0259sri olaca\u011f\u0131 art\u0131q daha ayd\u0131n \u015f\u0259kild\u0259 g\u00f6r\u00fclm\u0259y\u0259 ba\u015flay\u0131b.<\/p>\n<p><strong>&#8211; Amerika Konqresinin N\u00fcmay\u0259nd\u0259l\u0259r Palatas\u0131n\u0131n \u00dclk\u00fc Ocaqlar\u0131n\u0131n terror t\u0259\u015fkilat\u0131 olub-olmad\u0131\u011f\u0131 haqq\u0131nda m\u0259s\u0259l\u0259nin d\u0259 ara\u015fd\u0131r\u0131lmas\u0131n\u0131 n\u0259z\u0259rd\u0259 tutan Milli M\u00fcdafi\u0259 Q\u00fcvv\u0259l\u0259ri haqq\u0131nda qanununun q\u0259bulunu T\u00fcrkiy\u0259d\u0259 etnik z\u0259mind\u0259 daxili \u00e7\u0259ki\u015fm\u0259 yaratmaq plan\u0131 olaraq g\u00f6r\u0259 bil\u0259rikmi?<\/strong><\/p>\n<p>&#8211; Bu m\u0259s\u0259l\u0259 T\u00fcrkiy\u0259nin b\u00fct\u00fcn istiqam\u0259tl\u0259rd\u0259 s\u0131x\u0131\u015fd\u0131r\u0131lmas\u0131 m\u0259qs\u0259dil\u0259 g\u00f6st\u0259ril\u0259n f\u0259aliyy\u0259tin t\u0259zah\u00fcr\u00fcd\u00fcr. 40 il\u0259 yax\u0131nd\u0131r ki, T\u00fcrkiy\u0259d\u0259 qarda\u015f q\u0131r\u011f\u0131n\u0131 \u00e7\u0131xarmaq ist\u0259y\u0259nl\u0259r var. Ancaq T\u00fcrkiy\u0259 d\u00f6vl\u0259ti v\u0259 t\u00fcrk mill\u0259ti he\u00e7 vaxt buna imkan verm\u0259yib v\u0259 verm\u0259y\u0259c\u0259k. Bu t\u0259klifin m\u0259qs\u0259di T\u00fcrkiy\u0259nin d\u0259 daxilind\u0259 m\u00fc\u0259yy\u0259n q\u00fcvv\u0259l\u0259rd\u0259n d\u0259st\u0259k almaq yolu il\u0259 qar\u0131\u015f\u0131ql\u0131q \u00e7\u0131xarmaqd\u0131r. Xarici \u0130\u015fl\u0259r Nazirliyimiz \u00f6z a\u00e7\u0131qlamas\u0131 il\u0259 veril\u0259n bu t\u0259klifi q\u0131nay\u0131b, T\u00fcrkiy\u0259 d\u00f6vl\u0259ti m\u0259s\u0259l\u0259 il\u0259 ba\u011fl\u0131 m\u00f6vqeyini ortaya qoyub.<\/p>\n<p><strong>&#8211; Sizc\u0259, bundan sonra T\u00fcrkiy\u0259 d\u00f6vl\u0259ti hans\u0131 add\u0131mlar\u0131 atmal\u0131d\u0131r?<\/strong><\/p>\n<p>&#8211; T\u00fcrkiy\u0259 art\u0131q m\u0259s\u0259l\u0259 il\u0259 ba\u011fl\u0131 r\u0259smi etiraz\u0131n\u0131 bildirib v\u0259 bundan sonra T\u00fcrkiy\u0259 \u00f6z\u00fcn\u00fcn xarici siyas\u0259t bax\u0131\u015f\u0131n\u0131 d\u0259yi\u015fdirm\u0259d\u0259n yoluna davam ed\u0259c\u0259k. T\u00fcrkiy\u0259ni b\u00f6lm\u0259k v\u0259 ya z\u0259ifl\u0259tm\u0259k ist\u0259y\u0259nl\u0259r is\u0259 m\u0259yus olacaqlar. T\u00fcrkiy\u0259 t\u00fcrk d\u00fcnyas\u0131 il\u0259 ba\u011fl\u0131 siyas\u0259tini daha da g\u00fccl\u0259ndirm\u0259k yolu il\u0259 insanl\u0131\u011f\u0131n \u00fcmidi olacaq \u015f\u0259kild\u0259 h\u0259r\u0259k\u0259t edir. Q\u0259rbin v\u0259 x\u00fcsusil\u0259 AB\u015e-\u0131n ox\u015far davran\u0131\u015flar\u0131 h\u0259r f\u00fcrs\u0259td\u0259 v\u0259 b\u00fct\u00fcn platformalarda beyn\u0259lxalq al\u0259min diqq\u0259tin\u0259 \u00e7atd\u0131r\u0131lacaq. AB\u015e-\u0131n beyn\u0259lxalq h\u00fcquqa zidd olan bu m\u00f6vqeyi beyn\u0259lxalq al\u0259m t\u0259r\u0259find\u0259n d\u0259 xo\u015f qar\u015f\u0131lanm\u0131r. T\u00fcrkiy\u0259 bu m\u0259s\u0259l\u0259d\u0259 d\u0259 apar\u0131c\u0131 rol oynama\u011fa davam ed\u0259c\u0259k.<\/p>\n","protected":false},"excerpt":{"rendered":"<p>ARANTV.AZ\u00a0 T\u00fcrkiy\u0259 Milliy\u0259t\u00e7i H\u0259r\u0259kat Partiyas\u0131n\u0131n ba\u015f katibinin k\u00f6m\u0259k\u00e7isi Bahad\u0131r Bumin \u00d6zarslan\u0131n Axar.az-a m\u00fcsahib\u0259sini t\u0259qdim edir &#8211; Baydenin &#8220;erm\u0259ni soyq\u0131r\u0131m\u0131&#8221; a\u00e7\u0131qlamas\u0131, S-400 problemi v\u0259 Suriyada terror t\u0259\u015fkilatlar\u0131na yard\u0131m m\u0259s\u0259l\u0259sind\u0259n sonra \u00dclk\u00fc Ocaqlar\u0131 niy\u0259 h\u0259d\u0259f kimi g\u00f6r\u00fclm\u0259y\u0259 ba\u015flad\u0131? &#8211; AB\u015e-\u0131n bu m\u00f6vqeyinin s\u0259b\u0259bi x\u00fcsusil\u0259 15 iyul 2016-c\u0131 ild\u0259 FET\u00d6 terror t\u0259\u015fkilat\u0131 t\u0259r\u0259find\u0259n h\u0259yata ke\u00e7iril\u0259n \u00e7evrili\u015f c\u0259hdind\u0259n sonra T\u00fcrkiy\u0259nin t\u00fcrk d\u00fcnyas\u0131na \u0259saslanan xarici siyas\u0259tinin daha da g\u00fccl\u0259nm\u0259sidir. 15 iyul gec\u0259si D\u00f6vl\u0259t Bax\u00e7al\u0131n\u0131n \u00e7evrili\u015f\u0259 a\u00e7\u0131q \u015f\u0259kild\u0259 qar\u015f\u0131 \u00e7\u0131xmas\u0131yla ba\u015flayan C\u00fcmhur \u0130ttifaq\u0131 yarand\u0131\u011f\u0131 g\u00fcnd\u0259n b\u0259ri T\u00fcrkiy\u0259nin maraqlar\u0131n\u0131 \u0259sas g\u00f6t\u00fcr\u00fcb. Bu s\u0259b\u0259bd\u0259n ba\u015fda AB\u015e olmaqla, Q\u0259rb&hellip;<\/p>\n","protected":false},"author":2,"featured_media":385184,"comment_status":"closed","ping_status":"closed","sticky":false,"template":"","format":"standard","meta":{"om_disable_all_campaigns":false,"_monsterinsights_skip_tracking":false,"_monsterinsights_sitenote_active":false,"_monsterinsights_sitenote_note":"","_monsterinsights_sitenote_category":0},"categories":[7],"tags":[],"aioseo_notices":[],"gutentor_comment":0,"rttpg_featured_image_url":{"full":["https:\/\/arantv.az\/wp-content\/uploads\/2021\/10\/984393.jpg",800,600,false],"landscape":["https:\/\/arantv.az\/wp-content\/uploads\/2021\/10\/984393.jpg",800,600,false],"portraits":["https:\/\/arantv.az\/wp-content\/uploads\/2021\/10\/984393.jpg",800,600,false],"thumbnail":["https:\/\/arantv.az\/wp-content\/uploads\/2021\/10\/984393-500x280.jpg",500,280,true],"medium":["https:\/\/arantv.az\/wp-content\/uploads\/2021\/10\/984393-487x365.jpg",487,365,true],"large":["https:\/\/arantv.az\/wp-content\/uploads\/2021\/10\/984393.jpg",640,480,false],"1536x1536":["https:\/\/arantv.az\/wp-content\/uploads\/2021\/10\/984393.jpg",800,600,false],"2048x2048":["https:\/\/arantv.az\/wp-content\/uploads\/2021\/10\/984393.jpg",800,600,false],"post-thumbnail":["https:\/\/arantv.az\/wp-content\/uploads\/2021\/10\/984393-240x172.jpg",240,172,true],"advps-thumb-one":["https:\/\/arantv.az\/wp-content\/uploads\/2021\/10\/984393.jpg",800,600,false]},"rttpg_author":{"display_name":"V\u00fcsal Rafiqo\u011flu","author_link":"https:\/\/arantv.az\/?author=2"},"rttpg_comment":0,"rttpg_category":"<a href=\"https:\/\/arantv.az\/?cat=7\" rel=\"category\">D\u00fcnya<\/a>","rttpg_excerpt":"ARANTV.AZ\u00a0 T\u00fcrkiy\u0259 Milliy\u0259t\u00e7i H\u0259r\u0259kat Partiyas\u0131n\u0131n ba\u015f katibinin k\u00f6m\u0259k\u00e7isi Bahad\u0131r Bumin \u00d6zarslan\u0131n Axar.az-a m\u00fcsahib\u0259sini t\u0259qdim edir &#8211; Baydenin &#8220;erm\u0259ni soyq\u0131r\u0131m\u0131&#8221; a\u00e7\u0131qlamas\u0131, S-400 problemi v\u0259 Suriyada terror t\u0259\u015fkilatlar\u0131na yard\u0131m m\u0259s\u0259l\u0259sind\u0259n sonra \u00dclk\u00fc Ocaqlar\u0131 niy\u0259 h\u0259d\u0259f kimi g\u00f6r\u00fclm\u0259y\u0259 ba\u015flad\u0131? &#8211; AB\u015e-\u0131n bu m\u00f6vqeyinin s\u0259b\u0259bi x\u00fcsusil\u0259 15 iyul 2016-c\u0131 ild\u0259 FET\u00d6 terror t\u0259\u015fkilat\u0131 t\u0259r\u0259find\u0259n h\u0259yata ke\u00e7iril\u0259n \u00e7evrili\u015f c\u0259hdind\u0259n sonra&hellip;","_links":{"self":[{"href":"https:\/\/arantv.az\/index.php?rest_route=\/wp\/v2\/posts\/385183"}],"collection":[{"href":"https:\/\/arantv.az\/index.php?rest_route=\/wp\/v2\/posts"}],"about":[{"href":"https:\/\/arantv.az\/index.php?rest_route=\/wp\/v2\/types\/post"}],"author":[{"embeddable":true,"href":"https:\/\/arantv.az\/index.php?rest_route=\/wp\/v2\/users\/2"}],"replies":[{"embeddable":true,"href":"https:\/\/arantv.az\/index.php?rest_route=%2Fwp%2Fv2%2Fcomments&post=385183"}],"version-history":[{"count":0,"href":"https:\/\/arantv.az\/index.php?rest_route=\/wp\/v2\/posts\/385183\/revisions"}],"wp:featuredmedia":[{"embeddable":true,"href":"https:\/\/arantv.az\/index.php?rest_route=\/wp\/v2\/media\/385184"}],"wp:attachment":[{"href":"https:\/\/arantv.az\/index.php?rest_route=%2Fwp%2Fv2%2Fmedia&parent=385183"}],"wp:term":[{"taxonomy":"category","embeddable":true,"href":"https:\/\/arantv.az\/index.php?rest_route=%2Fwp%2Fv2%2Fcategories&post=385183"},{"taxonomy":"post_tag","embeddable":true,"href":"https:\/\/arantv.az\/index.php?rest_route=%2Fwp%2Fv2%2Ftags&post=385183"}],"curies":[{"name":"wp","href":"https:\/\/api.w.org\/{rel}","templated":true}]}}