{"id":388751,"date":"2021-10-11T10:17:47","date_gmt":"2021-10-11T07:17:47","guid":{"rendered":"http:\/\/arantv.az\/?p=388751"},"modified":"2021-10-11T10:17:47","modified_gmt":"2021-10-11T07:17:47","slug":"iranla-s%c9%99rh%c9%99d-az%c9%99rbaycan-s%c9%99rh%c9%99dcil%c9%99rinin-tam-n%c9%99zar%c9%99ti-alitindadir","status":"publish","type":"post","link":"https:\/\/arantv.az\/?p=388751","title":{"rendered":"\u0130ranla s\u0259rh\u0259d Az\u0259rbaycan s\u0259rh\u0259d\u00e7il\u0259rinin tam n\u0259zar\u0259ti al\u0131t\u0131ndad\u0131r"},"content":{"rendered":"<p><em>Az\u0259rbaycan \u0259razisind\u0259n \u0130rana qar\u015f\u0131 k\u0259\u015ffiyyat m\u0259qs\u0259dil\u0259 istifad\u0259 olunmas\u0131 bar\u0259d\u0259 iddialar yaland\u0131r<\/em><\/p>\n<p>Son g\u00fcnl\u0259rd\u0259 \u0130ran \u0130slam Respublikas\u0131n\u0131n k\u00fctl\u0259vi informasiya vasit\u0259l\u0259rind\u0259 d\u0259rc edilmi\u015f m\u00fcsahib\u0259sind\u0259 \u0130\u0130R Nizam \u0130ntizam Q\u00fcvv\u0259l\u0259rinin S\u0259rh\u0259d Qo\u015funlar\u0131n\u0131n Komandan\u0131 general-mayor \u018fli Q\u00fcd\u0259rzi t\u0259r\u0259find\u0259n h\u0259qiq\u0259t\u0259 uy\u011fun olmayan a\u00e7\u0131qlamalar verilmi\u015fdir.<\/p>\n<p>D\u00f6vl\u0259t S\u0259rh\u0259d Xidm\u0259tind\u0259n &#8220;\u0130ki sahil&#8221;\u0259 bildirilib ki, Az\u0259rbaycan Respublikas\u0131n\u0131n d\u00f6vl\u0259t s\u0259rh\u0259dind\u0259 h\u0259r hans\u0131 \u00fc\u00e7\u00fcnc\u00fc d\u00f6vl\u0259tin q\u00fcvv\u0259l\u0259ri he\u00e7 vaxt olmam\u0131\u015fd\u0131r, haz\u0131rda da yoxdur v\u0259 bundan sonra da olmayacaqd\u0131r.<\/p>\n<p>Az\u0259rbaycan Respublikas\u0131 \u0259razisind\u0259 xaricd\u0259n g\u0259lmi\u015f t\u0259qfir\u00e7il\u0259rin f\u0259aliyy\u0259t g\u00f6st\u0259rm\u0259si, el\u0259c\u0259 d\u0259 \u00fc\u00e7\u00fcnc\u00fc \u00f6lk\u0259l\u0259r t\u0259r\u0259find\u0259n Az\u0259rbaycan \u0259razisind\u0259n \u0130rana qar\u015f\u0131 k\u0259\u015ffiyyat m\u0259qs\u0259dil\u0259 istifad\u0259 olunmas\u0131 bar\u0259d\u0259 iddialar yaland\u0131r v\u0259 h\u0259qiq\u0259ti \u0259ks etdirmir.<\/p>\n<p>Az\u0259rbaycan Respublikas\u0131n\u0131n d\u00f6vl\u0259t s\u0259rh\u0259dl\u0259rind\u0259, s\u0259rh\u0259d m\u00fchafiz\u0259 qurumlar\u0131nda h\u0259r hans\u0131 xarici d\u00f6vl\u0259tin q\u00fcvv\u0259l\u0259ri, m\u00fct\u0259x\u0259ssisl\u0259ri m\u00f6vcud deyildir, Az\u0259rbaycan Respublikas\u0131n\u0131n d\u00f6vl\u0259t s\u0259rh\u0259dl\u0259rinin etibarl\u0131 m\u00fcdafi\u0259si v\u0259 m\u00fchafiz\u0259si \u00fc\u00e7\u00fcn \u0259n m\u00fcasir imkanlara malik olan D\u00f6vl\u0259t S\u0259rh\u0259d Xidm\u0259tinin xarici q\u00fcvv\u0259l\u0259rin d\u0259st\u0259yin\u0259 ehtiyac\u0131 yoxdur.<\/p>\n<p>Erm\u0259nistan il\u0259 d\u00f6vl\u0259t s\u0259rh\u0259dind\u0259 G\u00f6rus-Qafan yolunun Az\u0259rbaycan Respublikas\u0131 \u0259razisind\u0259n ke\u00e7\u0259n hiss\u0259sind\u0259 s\u0259rh\u0259d v\u0259 g\u00f6mr\u00fck n\u0259zar\u0259tinin t\u0259tbiq olunmas\u0131 Az\u0259rbaycan Respublikas\u0131n\u0131n suveren h\u00fcququdur.<\/p>\n<p>Az\u0259rbaycan v\u0259 \u0130ran s\u0259rh\u0259d\u00e7il\u0259ri aras\u0131nda m\u00fct\u0259madi olaraq m\u00fcxt\u0259lif s\u0259viyy\u0259l\u0259rd\u0259 i\u015f\u00e7i g\u00f6r\u00fc\u015fl\u0259rin ke\u00e7irilm\u0259sin\u0259 v\u0259 m\u0259lumat m\u00fcbadil\u0259sinin apar\u0131lmas\u0131na baxmayaraq bu g\u00fcn\u0259d\u0259k Az\u0259rbaycan t\u0259r\u0259fin\u0259 m\u00fcsahib\u0259d\u0259 s\u0259sl\u0259ndiril\u0259nl\u0259r haqq\u0131nda \u00fcmumiyy\u0259tl\u0259 he\u00e7 bir m\u0259lumat verilm\u0259mi\u015f, h\u0259r hans\u0131 fakt t\u0259qdim olunmam\u0131\u015fd\u0131r.<\/p>\n<p>Haz\u0131rda \u0130ran \u0130slam Respublikas\u0131 il\u0259 d\u00f6vl\u0259t s\u0259rh\u0259dind\u0259 \u0259m\u0259liyyat \u015f\u0259raiti stabildir v\u0259 Az\u0259rbaycan s\u0259rh\u0259d m\u00fchafiz\u0259 orqanlar\u0131n\u0131n tam n\u0259zar\u0259ti alt\u0131ndad\u0131r. D\u00f6vl\u0259t s\u0259rh\u0259dind\u0259 Az\u0259rbaycan Respublikas\u0131n\u0131n d\u00f6vl\u0259t maraqlar\u0131na qar\u015f\u0131 y\u00f6n\u0259l\u0259n ist\u0259nil\u0259n t\u0259xribat\u0131n qar\u015f\u0131s\u0131 bundan sonra da q\u0259tiyy\u0259tl\u0259 al\u0131nacaqd\u0131r.<\/p>\n<p>Qeyd edil\u0259nl\u0259ri n\u0259z\u0259r\u0259 alaraq, \u0130\u0130R r\u0259smil\u0259rin\u0259 daha m\u0259suliyy\u0259tli olma\u011f\u0131 t\u00f6vsiy\u0259 edir, onlar\u0131 yalan v\u0259 b\u00f6htan xarakterli m\u0259lumatlar\u0131 yaymaqdan \u00e7\u0259kinm\u0259y\u0259 \u00e7a\u011f\u0131r\u0131r\u0131q.<\/p>\n","protected":false},"excerpt":{"rendered":"<p>Az\u0259rbaycan \u0259razisind\u0259n \u0130rana qar\u015f\u0131 k\u0259\u015ffiyyat m\u0259qs\u0259dil\u0259 istifad\u0259 olunmas\u0131 bar\u0259d\u0259 iddialar yaland\u0131r Son g\u00fcnl\u0259rd\u0259 \u0130ran \u0130slam Respublikas\u0131n\u0131n k\u00fctl\u0259vi informasiya vasit\u0259l\u0259rind\u0259 d\u0259rc edilmi\u015f m\u00fcsahib\u0259sind\u0259 \u0130\u0130R Nizam \u0130ntizam Q\u00fcvv\u0259l\u0259rinin S\u0259rh\u0259d Qo\u015funlar\u0131n\u0131n Komandan\u0131 general-mayor \u018fli Q\u00fcd\u0259rzi t\u0259r\u0259find\u0259n h\u0259qiq\u0259t\u0259 uy\u011fun olmayan a\u00e7\u0131qlamalar verilmi\u015fdir. D\u00f6vl\u0259t S\u0259rh\u0259d Xidm\u0259tind\u0259n &#8220;\u0130ki sahil&#8221;\u0259 bildirilib ki, Az\u0259rbaycan Respublikas\u0131n\u0131n d\u00f6vl\u0259t s\u0259rh\u0259dind\u0259 h\u0259r hans\u0131 \u00fc\u00e7\u00fcnc\u00fc d\u00f6vl\u0259tin q\u00fcvv\u0259l\u0259ri he\u00e7 vaxt olmam\u0131\u015fd\u0131r, haz\u0131rda da yoxdur v\u0259 bundan sonra da olmayacaqd\u0131r. Az\u0259rbaycan Respublikas\u0131 \u0259razisind\u0259 xaricd\u0259n g\u0259lmi\u015f t\u0259qfir\u00e7il\u0259rin f\u0259aliyy\u0259t g\u00f6st\u0259rm\u0259si, el\u0259c\u0259 d\u0259 \u00fc\u00e7\u00fcnc\u00fc \u00f6lk\u0259l\u0259r t\u0259r\u0259find\u0259n Az\u0259rbaycan \u0259razisind\u0259n \u0130rana qar\u015f\u0131 k\u0259\u015ffiyyat m\u0259qs\u0259dil\u0259 istifad\u0259 olunmas\u0131 bar\u0259d\u0259 iddialar yaland\u0131r v\u0259&hellip;<\/p>\n","protected":false},"author":2,"featured_media":388752,"comment_status":"closed","ping_status":"closed","sticky":false,"template":"","format":"standard","meta":{"om_disable_all_campaigns":false,"_monsterinsights_skip_tracking":false,"_monsterinsights_sitenote_active":false,"_monsterinsights_sitenote_note":"","_monsterinsights_sitenote_category":0},"categories":[10],"tags":[],"aioseo_notices":[],"gutentor_comment":0,"rttpg_featured_image_url":{"full":["https:\/\/arantv.az\/wp-content\/uploads\/2021\/10\/cd755a6c162877310066803473510855433.jpg",975,540,false],"landscape":["https:\/\/arantv.az\/wp-content\/uploads\/2021\/10\/cd755a6c162877310066803473510855433.jpg",975,540,false],"portraits":["https:\/\/arantv.az\/wp-content\/uploads\/2021\/10\/cd755a6c162877310066803473510855433.jpg",975,540,false],"thumbnail":["https:\/\/arantv.az\/wp-content\/uploads\/2021\/10\/cd755a6c162877310066803473510855433-500x280.jpg",500,280,true],"medium":["https:\/\/arantv.az\/wp-content\/uploads\/2021\/10\/cd755a6c162877310066803473510855433-660x365.jpg",660,365,true],"large":["https:\/\/arantv.az\/wp-content\/uploads\/2021\/10\/cd755a6c162877310066803473510855433-840x465.jpg",640,354,true],"1536x1536":["https:\/\/arantv.az\/wp-content\/uploads\/2021\/10\/cd755a6c162877310066803473510855433.jpg",975,540,false],"2048x2048":["https:\/\/arantv.az\/wp-content\/uploads\/2021\/10\/cd755a6c162877310066803473510855433.jpg",975,540,false],"post-thumbnail":["https:\/\/arantv.az\/wp-content\/uploads\/2021\/10\/cd755a6c162877310066803473510855433-240x172.jpg",240,172,true],"advps-thumb-one":["https:\/\/arantv.az\/wp-content\/uploads\/2021\/10\/cd755a6c162877310066803473510855433.jpg",975,540,false]},"rttpg_author":{"display_name":"V\u00fcsal Rafiqo\u011flu","author_link":"https:\/\/arantv.az\/?author=2"},"rttpg_comment":0,"rttpg_category":"<a href=\"https:\/\/arantv.az\/?cat=10\" rel=\"category\">C\u0259bh\u0259d\u0259n X\u0259b\u0259r<\/a>","rttpg_excerpt":"Az\u0259rbaycan \u0259razisind\u0259n \u0130rana qar\u015f\u0131 k\u0259\u015ffiyyat m\u0259qs\u0259dil\u0259 istifad\u0259 olunmas\u0131 bar\u0259d\u0259 iddialar yaland\u0131r Son g\u00fcnl\u0259rd\u0259 \u0130ran \u0130slam Respublikas\u0131n\u0131n k\u00fctl\u0259vi informasiya vasit\u0259l\u0259rind\u0259 d\u0259rc edilmi\u015f m\u00fcsahib\u0259sind\u0259 \u0130\u0130R Nizam \u0130ntizam Q\u00fcvv\u0259l\u0259rinin S\u0259rh\u0259d Qo\u015funlar\u0131n\u0131n Komandan\u0131 general-mayor \u018fli Q\u00fcd\u0259rzi t\u0259r\u0259find\u0259n h\u0259qiq\u0259t\u0259 uy\u011fun olmayan a\u00e7\u0131qlamalar verilmi\u015fdir. D\u00f6vl\u0259t S\u0259rh\u0259d Xidm\u0259tind\u0259n &#8220;\u0130ki sahil&#8221;\u0259 bildirilib ki, Az\u0259rbaycan Respublikas\u0131n\u0131n d\u00f6vl\u0259t s\u0259rh\u0259dind\u0259 h\u0259r hans\u0131 \u00fc\u00e7\u00fcnc\u00fc d\u00f6vl\u0259tin q\u00fcvv\u0259l\u0259ri he\u00e7&hellip;","_links":{"self":[{"href":"https:\/\/arantv.az\/index.php?rest_route=\/wp\/v2\/posts\/388751"}],"collection":[{"href":"https:\/\/arantv.az\/index.php?rest_route=\/wp\/v2\/posts"}],"about":[{"href":"https:\/\/arantv.az\/index.php?rest_route=\/wp\/v2\/types\/post"}],"author":[{"embeddable":true,"href":"https:\/\/arantv.az\/index.php?rest_route=\/wp\/v2\/users\/2"}],"replies":[{"embeddable":true,"href":"https:\/\/arantv.az\/index.php?rest_route=%2Fwp%2Fv2%2Fcomments&post=388751"}],"version-history":[{"count":0,"href":"https:\/\/arantv.az\/index.php?rest_route=\/wp\/v2\/posts\/388751\/revisions"}],"wp:featuredmedia":[{"embeddable":true,"href":"https:\/\/arantv.az\/index.php?rest_route=\/wp\/v2\/media\/388752"}],"wp:attachment":[{"href":"https:\/\/arantv.az\/index.php?rest_route=%2Fwp%2Fv2%2Fmedia&parent=388751"}],"wp:term":[{"taxonomy":"category","embeddable":true,"href":"https:\/\/arantv.az\/index.php?rest_route=%2Fwp%2Fv2%2Fcategories&post=388751"},{"taxonomy":"post_tag","embeddable":true,"href":"https:\/\/arantv.az\/index.php?rest_route=%2Fwp%2Fv2%2Ftags&post=388751"}],"curies":[{"name":"wp","href":"https:\/\/api.w.org\/{rel}","templated":true}]}}