{"id":388772,"date":"2021-10-11T10:25:02","date_gmt":"2021-10-11T07:25:02","guid":{"rendered":"http:\/\/arantv.az\/?p=388772"},"modified":"2021-10-11T10:25:02","modified_gmt":"2021-10-11T07:25:02","slug":"qonsunun-%c9%99sassiz-iddialarina-%c9%99n-yaxsi-cavab-t%c9%99hlil","status":"publish","type":"post","link":"https:\/\/arantv.az\/?p=388772","title":{"rendered":"Qon\u015funun \u0259sass\u0131z iddialar\u0131na \u0259n yax\u015f\u0131 cavab &#8211; T\u018fHL\u0130L"},"content":{"rendered":"<p>Prezident \u0130lham \u018fliyev \u0130randan \u00f6lk\u0259miz\u0259 y\u00f6n\u0259l\u0259n ittihamlara cavab verdi: \u201cBurada Araz \u00e7ay\u0131n\u0131n k\u0259nar\u0131nda deyir\u0259m, Az\u0259rbaycan xalq\u0131na v\u0259 b\u00fct\u00fcn d\u00fcnyaya, biz\u0259 qar\u015f\u0131 \u0259sass\u0131z ittihamlar cavabs\u0131z qalmayacaq. Biz bu ittihamlar\u0131 r\u0259dd edirik, q\u0259bul etmirik v\u0259 s\u00fcbutlar t\u0259l\u0259b edirik\u201d.<\/p>\n<p>Bu bar\u0259d\u0259\u00a0<a href=\"https:\/\/kaspi.az\/az\/en-yaxsi-cavab-tehlil?fbclid=IwAR1R7aWg_-1mj9yYsVAjO8JpisBU3_aqbcc9K0dRu9Ggbal_b36jp6Z8NNs\" target=\"_blank\" rel=\"noopener\"><strong>\u201cKaspi\u201d<\/strong><\/a>\u00a0q\u0259zetind\u0259 yay\u0131mlanan t\u0259hlili t\u0259qdim edirik.<\/p>\n<p>Az\u0259rbaycan olduqca h\u0259ssas regionda, b\u00f6y\u00fck g\u00fccl\u0259rin geosiyasi maraqlar\u0131n\u0131n k\u0259si\u015fdiyi co\u011frafi \u0259razid\u0259 yerl\u0259\u015fir. Bu bax\u0131mdan Az\u0259rbaycan h\u0259m qon\u015fuluq siyas\u0259tind\u0259, h\u0259m d\u0259 dig\u0259r region \u00f6lk\u0259l\u0259ri il\u0259 olan m\u00fcnasib\u0259tl\u0259rind\u0259 balansla\u015fd\u0131r\u0131lm\u0131\u015f siyas\u0259t y\u00fcr\u00fcd\u00fcr. Burada b\u00fct\u00fcn d\u00f6vl\u0259tl\u0259rl\u0259 eyni c\u00fcr m\u0259saf\u0259 saxlamaq, ilk olaraq Az\u0259rbaycan\u0131n milli maraqlar\u0131n\u0131 \u00f6n\u0259 \u00e7\u0259km\u0259k \u0259sas olaraq g\u00f6t\u00fcr\u00fcl\u00fcr.<\/p>\n<div id=\"AdviadNativeVideo0\" class=\"AdviadNativeVideo\"><\/div>\n<p>Erm\u0259nistanla s\u0259rh\u0259dl\u0259rin delimitasiya v\u0259 demarkasiyas\u0131 tam ba\u015fa \u00e7atmasa da, \u0259sg\u0259rl\u0259rimiz SSR\u0130 d\u00f6vr\u00fcnd\u0259n m\u00fc\u0259yy\u0259n olunan \u0259razil\u0259rd\u0259 V\u0259t\u0259nin ke\u015fiyind\u0259 ay\u0131q-say\u0131q dayan\u0131rlar. R\u0259smi Bak\u0131 b\u00f6y\u00fck humanizm g\u00f6st\u0259r\u0259r\u0259k Gorus-Qafan yolunun Az\u0259rbaycan \u0259razisind\u0259n ke\u00e7\u0259n hiss\u0259sind\u0259n istifad\u0259 etm\u0259si \u00fc\u00e7\u00fcn Erm\u0259nistana \u015f\u0259rait yarad\u0131b. R\u0259smi \u0130r\u0259van yolun bu hiss\u0259sinin Az\u0259rbaycan \u0259razisi oldu\u011funu q\u0259bul edib, bununla hesabla\u015f\u0131b. Bel\u0259 bir reall\u0131q fonunda \u0130ran qeyri-s\u0259mimi davran\u0131\u015f n\u00fcmayi\u015f etdirir, gah hans\u0131sa \u0259yal\u0259t mollas\u0131n\u0131n timsal\u0131nda, gah da b\u0259zi r\u0259smi \u015f\u0259xsl\u0259rin dili il\u0259 Az\u0259rbaycan\u0131n \u00fcnvan\u0131na \u0259sass\u0131z ittihamlar s\u0259sl\u0259ndirir. Paralel olaraq r\u0259smi Tehran Az\u0259rbaycan-\u0130ran s\u0259rh\u0259dind\u0259, Araz \u00e7ay\u0131 boyunca h\u0259rbi t\u0259liml\u0259r ke\u00e7irir, \u00f6lk\u0259miz\u0259 \u0259z\u0259l\u0259 n\u00fcmayi\u015f etdirm\u0259y\u0259 \u00e7al\u0131\u015f\u0131r.<\/p>\n<p>\u018flb\u0259tt\u0259 ki, b\u00fct\u00fcn bunlar t\u0259\u0259ss\u00fcf do\u011furur. \u0130lk n\u00f6vb\u0259d\u0259 ondan ba\u015flayaq ki, Az\u0259rbaycan xarici siyas\u0259t kursunda daim region d\u00f6vl\u0259tl\u0259ri il\u0259 maraqlar\u0131n \u00fcst-\u00fcst\u0259 d\u00fc\u015fm\u0259sin\u0259 \u00e7al\u0131\u015f\u0131b, qar\u015f\u0131l\u0131ql\u0131 \u0259m\u0259kda\u015fl\u0131q \u00e7\u0259r\u00e7iv\u0259sind\u0259 h\u0259r\u0259k\u0259t etm\u0259y\u0259 \u00fcst\u00fcnl\u00fck verib. Az\u0259rbaycan AB\u015e-\u0130ran m\u00fcnasib\u0259tl\u0259rinin k\u0259skinl\u0259\u015fdiyi 2003-2006-c\u0131 ill\u0259rd\u0259 bel\u0259, \u00f6z qon\u015fusunun maraqlar\u0131n\u0131n, \u0259razi b\u00fct\u00f6vl\u00fcy\u00fcn\u00fcn \u0259ksin\u0259 olan h\u0259r hans\u0131 add\u0131m atmay\u0131b. Prezident \u0130lham \u018fliyev 2006-c\u0131 ild\u0259 AB\u015e Prezidenti Corc Bu\u015fun d\u0259v\u0259ti il\u0259 Va\u015finqtonda s\u0259f\u0259rd\u0259 olark\u0259n media qar\u015f\u0131s\u0131nda b\u0259yanat ver\u0259r\u0259k bildirib ki, Az\u0259rbaycan \u0259razisind\u0259n istifad\u0259 edilib qon\u015fu d\u00f6vl\u0259tl\u0259r\u0259 z\u0259r\u0259r verilm\u0259sin\u0259 imkan yarad\u0131lmayacaq.<\/p>\n<p>Az\u0259rbaycan\u0131n qon\u015fu \u0130rana m\u0259rd m\u00fcnasib\u0259ti, \u0259razi b\u00fct\u00f6vl\u00fcy\u00fcn\u0259 d\u0259st\u0259yi qar\u015f\u0131l\u0131\u011f\u0131nda Tehran r\u0259smil\u0259ri v\u0259 mollalar\u0131 f\u0259rqli m\u00fcnasib\u0259t s\u0259rgil\u0259yibl\u0259r. 30 il\u0259 yax\u0131n vaxt \u0259rzind\u0259 \u0130ran Erm\u0259nistan\u0131 i\u015f\u011fal\u00e7\u0131l\u0131q siyas\u0259tind\u0259n \u00e7\u0259kindirm\u0259k \u00fc\u00e7\u00fcn h\u0259r hans\u0131 add\u0131m atmay\u0131b. Az\u0259rbaycan\u0131n C\u0259bray\u0131l v\u0259 Z\u0259ngilan rayonlar\u0131, o c\u00fcml\u0259d\u0259n 130 kilometrlik Az\u0259rbaycan-\u0130ran s\u0259rh\u0259di Erm\u0259nistan i\u015f\u011fal\u0131 alt\u0131nda saxlan\u0131landa, bu \u0259razil\u0259r narkotacirl\u0259rin, terror\u00e7ular\u0131n \u201coyla\u011f\u0131na\u201d \u00e7evril\u0259nd\u0259 \u0130ran bir d\u0259f\u0259 d\u0259 olsun h\u0259rbi t\u0259lim ke\u00e7irm\u0259yib. Amma Erm\u0259nistan i\u015f\u011fal\u0131na son qoyulub \u0259razi b\u00fct\u00f6vl\u00fcy\u00fcmuz t\u0259min olunduqdan sonra Tehran r\u0259smil\u0259ri h\u0259y\u0259canlan\u0131b. G\u00f6r\u00fcn\u0259n budur ki, \u0130ran regionda yaranan yeni reall\u0131qla bar\u0131\u015fmaq ist\u0259mir. \u00d6z k\u00f6hn\u0259 ampluas\u0131nda olan \u0130ran mollalar\u0131, b\u0259zi r\u0259smi \u015f\u0259xsl\u0259ri Az\u0259rbaycanla dostluq, mehriban qon\u015fuluq, m\u00fcs\u0259lman qarda\u015fl\u0131\u011f\u0131 \u00e7\u0259r\u00e7iv\u0259sind\u0259 deyil, t\u0259zyiq v\u0259 t\u0259hdid dilind\u0259 r\u0259ftar etm\u0259y\u0259 \u00fcst\u00fcnl\u00fck veribl\u0259r.<\/p>\n<p>Onlara \u0259n yax\u015f\u0131 cavab\u0131 Prezident \u0130lham \u018fliyev bu g\u00fcnl\u0259rd\u0259 C\u0259bray\u0131l rayonuna s\u0259f\u0259ri zaman\u0131 verib. O, Az\u0259rbaycan\u0131n m\u00fcst\u0259qil siyas\u0259t apard\u0131\u011f\u0131n\u0131 diqq\u0259t\u0259 \u00e7atd\u0131raraq deyib ki, \u00f6lk\u0259miz \u00f6z xarici \u0259laq\u0259l\u0259rini v\u0259 daxili i\u015fl\u0259rini bildiyi t\u0259rzd\u0259 planla\u015fd\u0131racaq, he\u00e7 kim bizim i\u015fimiz\u0259 burnunu soxmas\u0131n:<\/p>\n<p>\u201cBiz xo\u015f niyy\u0259t g\u00f6st\u0259ririk. Amma bu, o dem\u0259k deyil ki, biz \u00f6z\u00fcm\u00fcz\u0259 qar\u015f\u0131 \u0259sass\u0131z ittihamlar\u0131 q\u0259bul ed\u0259c\u0259yik. M\u0259n bunu burada \u2013 C\u0259bray\u0131lda, bax, burada Araz \u00e7ay\u0131n\u0131n k\u0259nar\u0131nda deyir\u0259m, Az\u0259rbaycan xalq\u0131na v\u0259 b\u00fct\u00fcn d\u00fcnyaya &#8211;\u00a0biz\u0259 qar\u015f\u0131 \u0259sass\u0131z ittihamlar cavabs\u0131z qalmayacaq. Biz bu ittihamlar\u0131 r\u0259dd edirik, q\u0259bul etmirik v\u0259 s\u00fcbutlar t\u0259l\u0259b edirik. Bilirsiniz, bu yax\u0131nlarda \u0130ran\u0131n hans\u0131sa \u0259yal\u0259t mollas\u0131 a\u011fz\u0131n\u0131 a\u00e7\u0131b Az\u0259rbaycana qar\u015f\u0131 iftiralar uydurmu\u015fdur. M\u0259n\u0259 m\u0259lumat verildi, m\u0259n dedim ki, fikir verm\u0259yin. Hans\u0131sa \u0259yal\u0259t mollas\u0131n\u0131n s\u00f6zl\u0259ri il\u0259 biz indi bu fikirl\u0259r\u0259 \u0259h\u0259miyy\u0259t ver\u0259si deyilik. O kimdir ki?! Sad\u0259c\u0259 olaraq, \u0259h\u0259miyy\u0259t verm\u0259yin. Amma sonra \u0259fsuslar olsun ki, r\u0259smi \u015f\u0259xsl\u0259r biz\u0259 qar\u015f\u0131 \u0259sass\u0131z ittihamlar ir\u0259li s\u00fcrm\u0259y\u0259 ba\u015flam\u0131\u015flar. Guya ki, Az\u0259rbaycan bu b\u00f6lg\u0259l\u0259r\u0259 \u0130sraili g\u0259tirib. G\u00f6zl\u0259rini a\u00e7s\u0131nlar, g\u00f6rs\u00fcnl\u0259r. Onlar \u0130sraili burada harada g\u00f6r\u00fcbl\u0259r?! Burada bir adam da ya\u015fam\u0131r. Burada bir bina da yoxdur. S\u00fcbutlar var? Yoxdur. S\u00fcbutlar yoxdursa, h\u0259r k\u0259s g\u0259r\u0259k dediyi s\u00f6zl\u0259r\u0259 g\u00f6r\u0259 cavabdehlik da\u015f\u0131s\u0131n. Biz imkan ver\u0259 bilm\u0259rik ki, biz\u0259 qar\u015f\u0131 kims\u0259 \u0259sass\u0131z iftira uydursun\u201d.<\/p>\n","protected":false},"excerpt":{"rendered":"<p>Prezident \u0130lham \u018fliyev \u0130randan \u00f6lk\u0259miz\u0259 y\u00f6n\u0259l\u0259n ittihamlara cavab verdi: \u201cBurada Araz \u00e7ay\u0131n\u0131n k\u0259nar\u0131nda deyir\u0259m, Az\u0259rbaycan xalq\u0131na v\u0259 b\u00fct\u00fcn d\u00fcnyaya, biz\u0259 qar\u015f\u0131 \u0259sass\u0131z ittihamlar cavabs\u0131z qalmayacaq. Biz bu ittihamlar\u0131 r\u0259dd edirik, q\u0259bul etmirik v\u0259 s\u00fcbutlar t\u0259l\u0259b edirik\u201d. Bu bar\u0259d\u0259\u00a0\u201cKaspi\u201d\u00a0q\u0259zetind\u0259 yay\u0131mlanan t\u0259hlili t\u0259qdim edirik. Az\u0259rbaycan olduqca h\u0259ssas regionda, b\u00f6y\u00fck g\u00fccl\u0259rin geosiyasi maraqlar\u0131n\u0131n k\u0259si\u015fdiyi co\u011frafi \u0259razid\u0259 yerl\u0259\u015fir. Bu bax\u0131mdan Az\u0259rbaycan h\u0259m qon\u015fuluq siyas\u0259tind\u0259, h\u0259m d\u0259 dig\u0259r region \u00f6lk\u0259l\u0259ri il\u0259 olan m\u00fcnasib\u0259tl\u0259rind\u0259 balansla\u015fd\u0131r\u0131lm\u0131\u015f siyas\u0259t y\u00fcr\u00fcd\u00fcr. Burada b\u00fct\u00fcn d\u00f6vl\u0259tl\u0259rl\u0259 eyni c\u00fcr m\u0259saf\u0259 saxlamaq, ilk olaraq Az\u0259rbaycan\u0131n milli maraqlar\u0131n\u0131 \u00f6n\u0259 \u00e7\u0259km\u0259k \u0259sas olaraq g\u00f6t\u00fcr\u00fcl\u00fcr. Erm\u0259nistanla s\u0259rh\u0259dl\u0259rin&hellip;<\/p>\n","protected":false},"author":2,"featured_media":388773,"comment_status":"closed","ping_status":"closed","sticky":false,"template":"","format":"standard","meta":{"om_disable_all_campaigns":false,"_monsterinsights_skip_tracking":false,"_monsterinsights_sitenote_active":false,"_monsterinsights_sitenote_note":"","_monsterinsights_sitenote_category":0},"categories":[4],"tags":[],"aioseo_notices":[],"gutentor_comment":0,"rttpg_featured_image_url":{"full":["https:\/\/arantv.az\/wp-content\/uploads\/2021\/10\/FotoJet-7-4.jpg",620,415,false],"landscape":["https:\/\/arantv.az\/wp-content\/uploads\/2021\/10\/FotoJet-7-4.jpg",620,415,false],"portraits":["https:\/\/arantv.az\/wp-content\/uploads\/2021\/10\/FotoJet-7-4.jpg",620,415,false],"thumbnail":["https:\/\/arantv.az\/wp-content\/uploads\/2021\/10\/FotoJet-7-4-500x280.jpg",500,280,true],"medium":["https:\/\/arantv.az\/wp-content\/uploads\/2021\/10\/FotoJet-7-4-545x365.jpg",545,365,true],"large":["https:\/\/arantv.az\/wp-content\/uploads\/2021\/10\/FotoJet-7-4.jpg",620,415,false],"1536x1536":["https:\/\/arantv.az\/wp-content\/uploads\/2021\/10\/FotoJet-7-4.jpg",620,415,false],"2048x2048":["https:\/\/arantv.az\/wp-content\/uploads\/2021\/10\/FotoJet-7-4.jpg",620,415,false],"post-thumbnail":["https:\/\/arantv.az\/wp-content\/uploads\/2021\/10\/FotoJet-7-4-240x172.jpg",240,172,true],"advps-thumb-one":["https:\/\/arantv.az\/wp-content\/uploads\/2021\/10\/FotoJet-7-4.jpg",620,415,false]},"rttpg_author":{"display_name":"V\u00fcsal Rafiqo\u011flu","author_link":"https:\/\/arantv.az\/?author=2"},"rttpg_comment":0,"rttpg_category":"<a href=\"https:\/\/arantv.az\/?cat=4\" rel=\"category\">Siyas\u0259t<\/a>","rttpg_excerpt":"Prezident \u0130lham \u018fliyev \u0130randan \u00f6lk\u0259miz\u0259 y\u00f6n\u0259l\u0259n ittihamlara cavab verdi: \u201cBurada Araz \u00e7ay\u0131n\u0131n k\u0259nar\u0131nda deyir\u0259m, Az\u0259rbaycan xalq\u0131na v\u0259 b\u00fct\u00fcn d\u00fcnyaya, biz\u0259 qar\u015f\u0131 \u0259sass\u0131z ittihamlar cavabs\u0131z qalmayacaq. Biz bu ittihamlar\u0131 r\u0259dd edirik, q\u0259bul etmirik v\u0259 s\u00fcbutlar t\u0259l\u0259b edirik\u201d. Bu bar\u0259d\u0259\u00a0\u201cKaspi\u201d\u00a0q\u0259zetind\u0259 yay\u0131mlanan t\u0259hlili t\u0259qdim edirik. Az\u0259rbaycan olduqca h\u0259ssas regionda, b\u00f6y\u00fck g\u00fccl\u0259rin geosiyasi maraqlar\u0131n\u0131n k\u0259si\u015fdiyi co\u011frafi \u0259razid\u0259 yerl\u0259\u015fir. Bu&hellip;","_links":{"self":[{"href":"https:\/\/arantv.az\/index.php?rest_route=\/wp\/v2\/posts\/388772"}],"collection":[{"href":"https:\/\/arantv.az\/index.php?rest_route=\/wp\/v2\/posts"}],"about":[{"href":"https:\/\/arantv.az\/index.php?rest_route=\/wp\/v2\/types\/post"}],"author":[{"embeddable":true,"href":"https:\/\/arantv.az\/index.php?rest_route=\/wp\/v2\/users\/2"}],"replies":[{"embeddable":true,"href":"https:\/\/arantv.az\/index.php?rest_route=%2Fwp%2Fv2%2Fcomments&post=388772"}],"version-history":[{"count":0,"href":"https:\/\/arantv.az\/index.php?rest_route=\/wp\/v2\/posts\/388772\/revisions"}],"wp:featuredmedia":[{"embeddable":true,"href":"https:\/\/arantv.az\/index.php?rest_route=\/wp\/v2\/media\/388773"}],"wp:attachment":[{"href":"https:\/\/arantv.az\/index.php?rest_route=%2Fwp%2Fv2%2Fmedia&parent=388772"}],"wp:term":[{"taxonomy":"category","embeddable":true,"href":"https:\/\/arantv.az\/index.php?rest_route=%2Fwp%2Fv2%2Fcategories&post=388772"},{"taxonomy":"post_tag","embeddable":true,"href":"https:\/\/arantv.az\/index.php?rest_route=%2Fwp%2Fv2%2Ftags&post=388772"}],"curies":[{"name":"wp","href":"https:\/\/api.w.org\/{rel}","templated":true}]}}