{"id":388781,"date":"2021-10-11T10:28:16","date_gmt":"2021-10-11T07:28:16","guid":{"rendered":"http:\/\/arantv.az\/?p=388781"},"modified":"2021-10-11T10:28:16","modified_gmt":"2021-10-11T07:28:16","slug":"emin-%c9%99mrullayev-qadinlarin-t%c9%99hsild%c9%99-cox-olmasi-problem-yaradacaq","status":"publish","type":"post","link":"https:\/\/arantv.az\/?p=388781","title":{"rendered":"Emin \u018fmrullayev: \u201cQad\u0131nlar\u0131n t\u0259hsild\u0259 \u00e7ox olmas\u0131 problem yaradacaq\u201d"},"content":{"rendered":"<p>\u201cG\u0259l\u0259c\u0259kd\u0259 qad\u0131nlar\u0131n t\u0259hsild\u0259 \u00e7ox olmas\u0131 problem yaradacaq. Amma biz ki\u015fi m\u00fc\u0259lliml\u0259rin \u00e7ox olmas\u0131n\u0131 ist\u0259yirik\u201d.<\/p>\n<p><strong>ARANTV.AZ<\/strong> x\u0259b\u0259r verir ki, bunu t\u0259hsil naziri Emin \u018fmrullayev deyib.<\/p>\n<div id=\"AdviadNativeVideo0\" class=\"AdviadNativeVideo\"><\/div>\n<p>Onun s\u00f6zl\u0259rin\u0259 g\u00f6r\u0259, \u00f6lk\u0259d\u0259 h\u0259r 5 ild\u0259n bir 10 ya\u015fl\u0131 \u015fagirdl\u0259r aras\u0131nda qiym\u0259tl\u0259ndirm\u0259 ke\u00e7irilir:<\/p>\n<p>\u201cM\u00fc\u0259yy\u0259n edilir ki, q\u0131zlar o\u011flanlardan daha yax\u015f\u0131 n\u0259tic\u0259 g\u00f6st\u0259rir. Onu da qeyd ed\u0259k ki, q\u0131zlarda oxuyub-anlama bacar\u0131\u011f\u0131 o\u011flanlara nisb\u0259td\u0259 yax\u015f\u0131d\u0131r. N\u00f6vb\u0259ti qiym\u0259tl\u0259ndirm\u0259 zaman\u0131 15 ya\u015fl\u0131 \u015fagirdl\u0259r aras\u0131nda q\u0131zlar\u0131n n\u0259tic\u0259l\u0259rinin a\u015fa\u011f\u0131 d\u00fc\u015fd\u00fcy\u00fcn\u00fc m\u00fc\u015fahid\u0259 edirik. Bunu t\u0259hlil etm\u0259k laz\u0131md\u0131r. D\u00fc\u015f\u00fcn\u00fcr\u0259m ki, bu, t\u0259hsil-pedaqoji m\u0259s\u0259l\u0259 il\u0259 ba\u011fl\u0131 deyil, onlar\u0131n \u0259hat\u0259 olunduqlar\u0131 insanlar\u0131n m\u00fcnasib\u0259ti v\u0259 \u00fcnsiyy\u0259t\u0259 m\u0259ruz qald\u0131qlar\u0131 hallarla ba\u011fl\u0131d\u0131r\u201d.<\/p>\n","protected":false},"excerpt":{"rendered":"<p>\u201cG\u0259l\u0259c\u0259kd\u0259 qad\u0131nlar\u0131n t\u0259hsild\u0259 \u00e7ox olmas\u0131 problem yaradacaq. Amma biz ki\u015fi m\u00fc\u0259lliml\u0259rin \u00e7ox olmas\u0131n\u0131 ist\u0259yirik\u201d. ARANTV.AZ x\u0259b\u0259r verir ki, bunu t\u0259hsil naziri Emin \u018fmrullayev deyib. Onun s\u00f6zl\u0259rin\u0259 g\u00f6r\u0259, \u00f6lk\u0259d\u0259 h\u0259r 5 ild\u0259n bir 10 ya\u015fl\u0131 \u015fagirdl\u0259r aras\u0131nda qiym\u0259tl\u0259ndirm\u0259 ke\u00e7irilir: \u201cM\u00fc\u0259yy\u0259n edilir ki, q\u0131zlar o\u011flanlardan daha yax\u015f\u0131 n\u0259tic\u0259 g\u00f6st\u0259rir. Onu da qeyd ed\u0259k ki, q\u0131zlarda oxuyub-anlama bacar\u0131\u011f\u0131 o\u011flanlara nisb\u0259td\u0259 yax\u015f\u0131d\u0131r. N\u00f6vb\u0259ti qiym\u0259tl\u0259ndirm\u0259 zaman\u0131 15 ya\u015fl\u0131 \u015fagirdl\u0259r aras\u0131nda q\u0131zlar\u0131n n\u0259tic\u0259l\u0259rinin a\u015fa\u011f\u0131 d\u00fc\u015fd\u00fcy\u00fcn\u00fc m\u00fc\u015fahid\u0259 edirik. Bunu t\u0259hlil etm\u0259k laz\u0131md\u0131r. D\u00fc\u015f\u00fcn\u00fcr\u0259m ki, bu, t\u0259hsil-pedaqoji m\u0259s\u0259l\u0259 il\u0259 ba\u011fl\u0131 deyil, onlar\u0131n \u0259hat\u0259 olunduqlar\u0131 insanlar\u0131n m\u00fcnasib\u0259ti v\u0259 \u00fcnsiyy\u0259t\u0259&hellip;<\/p>\n","protected":false},"author":2,"featured_media":366401,"comment_status":"closed","ping_status":"closed","sticky":false,"template":"","format":"standard","meta":{"om_disable_all_campaigns":false,"_monsterinsights_skip_tracking":false,"_monsterinsights_sitenote_active":false,"_monsterinsights_sitenote_note":"","_monsterinsights_sitenote_category":0},"categories":[26],"tags":[],"aioseo_notices":[],"gutentor_comment":0,"rttpg_featured_image_url":{"full":["https:\/\/arantv.az\/wp-content\/uploads\/2021\/08\/emin_emrullayev_0471.jpg",800,600,false],"landscape":["https:\/\/arantv.az\/wp-content\/uploads\/2021\/08\/emin_emrullayev_0471.jpg",800,600,false],"portraits":["https:\/\/arantv.az\/wp-content\/uploads\/2021\/08\/emin_emrullayev_0471.jpg",800,600,false],"thumbnail":["https:\/\/arantv.az\/wp-content\/uploads\/2021\/08\/emin_emrullayev_0471-500x280.jpg",500,280,true],"medium":["https:\/\/arantv.az\/wp-content\/uploads\/2021\/08\/emin_emrullayev_0471-487x365.jpg",487,365,true],"large":["https:\/\/arantv.az\/wp-content\/uploads\/2021\/08\/emin_emrullayev_0471.jpg",640,480,false],"1536x1536":["https:\/\/arantv.az\/wp-content\/uploads\/2021\/08\/emin_emrullayev_0471.jpg",800,600,false],"2048x2048":["https:\/\/arantv.az\/wp-content\/uploads\/2021\/08\/emin_emrullayev_0471.jpg",800,600,false],"post-thumbnail":["https:\/\/arantv.az\/wp-content\/uploads\/2021\/08\/emin_emrullayev_0471-240x172.jpg",240,172,true],"advps-thumb-one":["https:\/\/arantv.az\/wp-content\/uploads\/2021\/08\/emin_emrullayev_0471.jpg",800,600,false]},"rttpg_author":{"display_name":"V\u00fcsal Rafiqo\u011flu","author_link":"https:\/\/arantv.az\/?author=2"},"rttpg_comment":0,"rttpg_category":"<a href=\"https:\/\/arantv.az\/?cat=26\" rel=\"category\">Sosial<\/a>","rttpg_excerpt":"\u201cG\u0259l\u0259c\u0259kd\u0259 qad\u0131nlar\u0131n t\u0259hsild\u0259 \u00e7ox olmas\u0131 problem yaradacaq. Amma biz ki\u015fi m\u00fc\u0259lliml\u0259rin \u00e7ox olmas\u0131n\u0131 ist\u0259yirik\u201d. ARANTV.AZ x\u0259b\u0259r verir ki, bunu t\u0259hsil naziri Emin \u018fmrullayev deyib. Onun s\u00f6zl\u0259rin\u0259 g\u00f6r\u0259, \u00f6lk\u0259d\u0259 h\u0259r 5 ild\u0259n bir 10 ya\u015fl\u0131 \u015fagirdl\u0259r aras\u0131nda qiym\u0259tl\u0259ndirm\u0259 ke\u00e7irilir: \u201cM\u00fc\u0259yy\u0259n edilir ki, q\u0131zlar o\u011flanlardan daha yax\u015f\u0131 n\u0259tic\u0259 g\u00f6st\u0259rir. Onu da qeyd ed\u0259k ki, q\u0131zlarda oxuyub-anlama bacar\u0131\u011f\u0131&hellip;","_links":{"self":[{"href":"https:\/\/arantv.az\/index.php?rest_route=\/wp\/v2\/posts\/388781"}],"collection":[{"href":"https:\/\/arantv.az\/index.php?rest_route=\/wp\/v2\/posts"}],"about":[{"href":"https:\/\/arantv.az\/index.php?rest_route=\/wp\/v2\/types\/post"}],"author":[{"embeddable":true,"href":"https:\/\/arantv.az\/index.php?rest_route=\/wp\/v2\/users\/2"}],"replies":[{"embeddable":true,"href":"https:\/\/arantv.az\/index.php?rest_route=%2Fwp%2Fv2%2Fcomments&post=388781"}],"version-history":[{"count":0,"href":"https:\/\/arantv.az\/index.php?rest_route=\/wp\/v2\/posts\/388781\/revisions"}],"wp:featuredmedia":[{"embeddable":true,"href":"https:\/\/arantv.az\/index.php?rest_route=\/wp\/v2\/media\/366401"}],"wp:attachment":[{"href":"https:\/\/arantv.az\/index.php?rest_route=%2Fwp%2Fv2%2Fmedia&parent=388781"}],"wp:term":[{"taxonomy":"category","embeddable":true,"href":"https:\/\/arantv.az\/index.php?rest_route=%2Fwp%2Fv2%2Fcategories&post=388781"},{"taxonomy":"post_tag","embeddable":true,"href":"https:\/\/arantv.az\/index.php?rest_route=%2Fwp%2Fv2%2Ftags&post=388781"}],"curies":[{"name":"wp","href":"https:\/\/api.w.org\/{rel}","templated":true}]}}