{"id":388783,"date":"2021-10-11T10:32:08","date_gmt":"2021-10-11T07:32:08","guid":{"rendered":"http:\/\/arantv.az\/?p=388783"},"modified":"2021-10-11T10:32:08","modified_gmt":"2021-10-11T07:32:08","slug":"deputat-yol-polisi-yesir-qalib","status":"publish","type":"post","link":"https:\/\/arantv.az\/?p=388783","title":{"rendered":"Deputat: \u201cYol polisi yesir qal\u0131b\u201d"},"content":{"rendered":"<p>Milli M\u0259clisin iclas\u0131nda deputat Fazil Mustafa Bak\u0131da yaranan t\u0131xac problemind\u0259n dan\u0131\u015f\u0131b.<\/p>\n<p><strong>ARANTV.AZ<\/strong>-\u0131n m\u0259lumat\u0131na \u0259sas\u0259n, F.Mustafa bildirib ki, Bak\u0131 yollar\u0131nda v\u0259ziyy\u0259t ac\u0131nacaql\u0131 hala g\u0259lib.<\/p>\n<div id=\"AdviadNativeVideo0\" class=\"AdviadNativeVideo\"><\/div>\n<p>\u201cBu g\u00fcn deputat da, t\u0259l\u0259b\u0259 d\u0259, i\u015f adamlar\u0131 da t\u0131xaclarda qal\u0131r. Bu m\u0259s\u0259l\u0259 h\u0259ll edilm\u0259lidir. Yol polisi d\u0259 t\u0131xaclar\u0131n \u0259lind\u0259 yesir qal\u0131b, n\u0259qliyyat\u0131n h\u0259r\u0259k\u0259tini nizamlama\u011fa \u00e7al\u0131\u015f\u0131r\u201d, &#8211; dey\u0259 F.Mustafa \u0259lav\u0259 edib.<\/p>\n<p>Onun s\u00f6zl\u0259rin\u0259 g\u00f6r\u0259, aidiyy\u0259ti qurumlar Bak\u0131dak\u0131 t\u0131xac probleminin h\u0259lli il\u0259 ba\u011fl\u0131 ictimaiyy\u0259ti m\u0259lumatland\u0131rmal\u0131d\u0131r.<\/p>\n","protected":false},"excerpt":{"rendered":"<p>Milli M\u0259clisin iclas\u0131nda deputat Fazil Mustafa Bak\u0131da yaranan t\u0131xac problemind\u0259n dan\u0131\u015f\u0131b. ARANTV.AZ-\u0131n m\u0259lumat\u0131na \u0259sas\u0259n, F.Mustafa bildirib ki, Bak\u0131 yollar\u0131nda v\u0259ziyy\u0259t ac\u0131nacaql\u0131 hala g\u0259lib. \u201cBu g\u00fcn deputat da, t\u0259l\u0259b\u0259 d\u0259, i\u015f adamlar\u0131 da t\u0131xaclarda qal\u0131r. Bu m\u0259s\u0259l\u0259 h\u0259ll edilm\u0259lidir. Yol polisi d\u0259 t\u0131xaclar\u0131n \u0259lind\u0259 yesir qal\u0131b, n\u0259qliyyat\u0131n h\u0259r\u0259k\u0259tini nizamlama\u011fa \u00e7al\u0131\u015f\u0131r\u201d, &#8211; dey\u0259 F.Mustafa \u0259lav\u0259 edib. Onun s\u00f6zl\u0259rin\u0259 g\u00f6r\u0259, aidiyy\u0259ti qurumlar Bak\u0131dak\u0131 t\u0131xac probleminin h\u0259lli il\u0259 ba\u011fl\u0131 ictimaiyy\u0259ti m\u0259lumatland\u0131rmal\u0131d\u0131r.<\/p>\n","protected":false},"author":2,"featured_media":335144,"comment_status":"closed","ping_status":"closed","sticky":false,"template":"","format":"standard","meta":{"om_disable_all_campaigns":false,"_monsterinsights_skip_tracking":false,"_monsterinsights_sitenote_active":false,"_monsterinsights_sitenote_note":"","_monsterinsights_sitenote_category":0},"categories":[26],"tags":[],"aioseo_notices":[],"gutentor_comment":0,"rttpg_featured_image_url":{"full":["https:\/\/arantv.az\/wp-content\/uploads\/2021\/05\/polis-1.jpg",620,349,false],"landscape":["https:\/\/arantv.az\/wp-content\/uploads\/2021\/05\/polis-1.jpg",620,349,false],"portraits":["https:\/\/arantv.az\/wp-content\/uploads\/2021\/05\/polis-1.jpg",620,349,false],"thumbnail":["https:\/\/arantv.az\/wp-content\/uploads\/2021\/05\/polis-1-500x280.jpg",500,280,true],"medium":["https:\/\/arantv.az\/wp-content\/uploads\/2021\/05\/polis-1.jpg",620,349,false],"large":["https:\/\/arantv.az\/wp-content\/uploads\/2021\/05\/polis-1.jpg",620,349,false],"1536x1536":["https:\/\/arantv.az\/wp-content\/uploads\/2021\/05\/polis-1.jpg",620,349,false],"2048x2048":["https:\/\/arantv.az\/wp-content\/uploads\/2021\/05\/polis-1.jpg",620,349,false],"post-thumbnail":["https:\/\/arantv.az\/wp-content\/uploads\/2021\/05\/polis-1-240x172.jpg",240,172,true],"advps-thumb-one":["https:\/\/arantv.az\/wp-content\/uploads\/2021\/05\/polis-1.jpg",620,349,false]},"rttpg_author":{"display_name":"V\u00fcsal Rafiqo\u011flu","author_link":"https:\/\/arantv.az\/?author=2"},"rttpg_comment":0,"rttpg_category":"<a href=\"https:\/\/arantv.az\/?cat=26\" rel=\"category\">Sosial<\/a>","rttpg_excerpt":"Milli M\u0259clisin iclas\u0131nda deputat Fazil Mustafa Bak\u0131da yaranan t\u0131xac problemind\u0259n dan\u0131\u015f\u0131b. ARANTV.AZ-\u0131n m\u0259lumat\u0131na \u0259sas\u0259n, F.Mustafa bildirib ki, Bak\u0131 yollar\u0131nda v\u0259ziyy\u0259t ac\u0131nacaql\u0131 hala g\u0259lib. \u201cBu g\u00fcn deputat da, t\u0259l\u0259b\u0259 d\u0259, i\u015f adamlar\u0131 da t\u0131xaclarda qal\u0131r. Bu m\u0259s\u0259l\u0259 h\u0259ll edilm\u0259lidir. Yol polisi d\u0259 t\u0131xaclar\u0131n \u0259lind\u0259 yesir qal\u0131b, n\u0259qliyyat\u0131n h\u0259r\u0259k\u0259tini nizamlama\u011fa \u00e7al\u0131\u015f\u0131r\u201d, &#8211; dey\u0259 F.Mustafa \u0259lav\u0259 edib. Onun&hellip;","_links":{"self":[{"href":"https:\/\/arantv.az\/index.php?rest_route=\/wp\/v2\/posts\/388783"}],"collection":[{"href":"https:\/\/arantv.az\/index.php?rest_route=\/wp\/v2\/posts"}],"about":[{"href":"https:\/\/arantv.az\/index.php?rest_route=\/wp\/v2\/types\/post"}],"author":[{"embeddable":true,"href":"https:\/\/arantv.az\/index.php?rest_route=\/wp\/v2\/users\/2"}],"replies":[{"embeddable":true,"href":"https:\/\/arantv.az\/index.php?rest_route=%2Fwp%2Fv2%2Fcomments&post=388783"}],"version-history":[{"count":0,"href":"https:\/\/arantv.az\/index.php?rest_route=\/wp\/v2\/posts\/388783\/revisions"}],"wp:featuredmedia":[{"embeddable":true,"href":"https:\/\/arantv.az\/index.php?rest_route=\/wp\/v2\/media\/335144"}],"wp:attachment":[{"href":"https:\/\/arantv.az\/index.php?rest_route=%2Fwp%2Fv2%2Fmedia&parent=388783"}],"wp:term":[{"taxonomy":"category","embeddable":true,"href":"https:\/\/arantv.az\/index.php?rest_route=%2Fwp%2Fv2%2Fcategories&post=388783"},{"taxonomy":"post_tag","embeddable":true,"href":"https:\/\/arantv.az\/index.php?rest_route=%2Fwp%2Fv2%2Ftags&post=388783"}],"curies":[{"name":"wp","href":"https:\/\/api.w.org\/{rel}","templated":true}]}}