{"id":388785,"date":"2021-10-11T10:41:07","date_gmt":"2021-10-11T07:41:07","guid":{"rendered":"http:\/\/arantv.az\/?p=388785"},"modified":"2021-10-11T10:41:07","modified_gmt":"2021-10-11T07:41:07","slug":"bu-gun-dogum-gunu-olan-s%c9%99hidl%c9%99rimiz-foto-2","status":"publish","type":"post","link":"https:\/\/arantv.az\/?p=388785","title":{"rendered":"Bu g\u00fcn do\u011fum g\u00fcn\u00fc olan \u015f\u0259hidl\u0259rimiz &#8211; FOTO"},"content":{"rendered":"<p>44 g\u00fcnl\u00fck V\u0259t\u0259n m\u00fcharib\u0259si zaman\u0131 \u015f\u0259hid olan q\u0259hr\u0259manlar\u0131m\u0131zdan bu g\u00fcn 10 n\u0259f\u0259rin\u00a0do\u011fum g\u00fcn\u00fcd\u00fcr.<\/p>\n<p><strong>ARANTV.AZ <\/strong>\u00a0V\u0259t\u0259n m\u00fcharib\u0259si \u015f\u0259hidl\u0259rinin \u0259ziz xatir\u0259sini d\u0259rin h\u00f6rm\u0259t v\u0259 ehtiramla yad edir:<\/p>\n<p><strong>\u018fsg\u0259r Budaqov Yusif Ramiq o\u011flu<\/strong>\u00a01997-ci ilin 11 oktyabr\u0131nda Bak\u0131da anadan olub. Orta m\u0259kt\u0259bi bitirdikd\u0259n sonra, 2015-2017-ci ill\u0259rd\u0259 h\u0259rbi xidm\u0259td\u0259 olub, dizayn \u00fczr\u0259 kollec t\u0259hsili al\u0131b. V\u0259t\u0259n m\u00fcharib\u0259sind\u0259n bir ne\u00e7\u0259 g\u00fcn \u00f6nc\u0259 is\u0259 t\u0259liml\u0259r\u0259 c\u0259lb olunub. M\u00fcharib\u0259 ba\u015flayan kimi d\u0259\u00a0d\u00f6y\u00fc\u015fl\u0259rd\u0259 i\u015ftirak edib. 23 ya\u015f\u0131n\u0131 da oktyabr\u0131n 11-d\u0259 m\u00fcharib\u0259d\u0259 &#8211; s\u0259ng\u0259rd\u0259, g\u00fcll\u0259, m\u0259rmi ya\u011f\u0131\u015flar\u0131 alt\u0131nda d\u00f6y\u00fc\u015f yolda\u015flar\u0131 il\u0259 birlikd\u0259 qeyd edib.<\/p>\n<div id=\"AdviadNativeVideo0\" class=\"AdviadNativeVideo\"><\/div>\n<p>F\u00fczuli istiqam\u0259tind\u0259 ged\u0259n d\u00f6y\u00fc\u015fl\u0259r zaman\u0131 \u015f\u0259hid olan Y.Budaqovun n\u0259\u015fi oktyabr\u0131n 30-da ail\u0259sin\u0259 t\u0259hvil verilib. \u015e\u0259hidimiz oktyabr\u0131n 31-d\u0259 d\u0259 Badamdar q\u0259biristanl\u0131\u011f\u0131nda torpa\u011fa tap\u015f\u0131r\u0131l\u0131b.<\/p>\n<p><img src=\"https:\/\/cdn.oxu.az\/uploads\/W1siZiIsIjIwMjEvMTAvMTEvMDkvNTMvMTkvOTM3YTk5NTAtMGZmMy00M2I5LTg0MDUtYzc5ZThmNTFiYzgxL2J1ZGFxb3YgeXVzaWYuanBnIl0sWyJwIiwiZW5jb2RlIiwianBnIiwiLXF1YWxpdHkgODAiXSxbInAiLCJ0aHVtYiIsIjU5MHg1OTBcdTAwM2UiXV0?sha=08f4e24269c092d2\" alt=\"\" \/><\/p>\n<p>Prezident \u0130lham \u018fliyevin m\u00fcvafiq s\u0259r\u0259ncam\u0131na \u0259sas\u0259n, Yusif Budaqov \u00f6l\u00fcm\u00fcnd\u0259n sonra \u201cV\u0259t\u0259n u\u011frunda\u201d medal\u0131 il\u0259 t\u0259ltif edilib.<\/p>\n<p><strong>\u018fsg\u0259r Hac\u0131yev \u0130ntiqam Eynullah o\u011flu<\/strong>\u00a011 oktyabr 1998-ci ild\u0259 A\u011fcab\u0259di rayonunun Minaxorlu k\u0259ndind\u0259 anadan olub. A\u011fcab\u0259di rayon Minaxorlu k\u0259nd tam orta m\u0259kt\u0259bind\u0259 t\u0259hsil al\u0131b. \u0130ntiqam Hac\u0131yev 21 sentyabr 2020-ci ild\u0259n h\u0259rbi t\u0259liml\u0259r\u0259 c\u0259lb olunub.<\/p>\n<p>Az\u0259rbaycan Ordusunun \u0259sg\u0259ri olan \u0130ntiqam Hac\u0131yev 2020-ci il sentyabr\u0131n 27-d\u0259 Az\u0259rbaycan Silahl\u0131 Q\u00fcvv\u0259l\u0259ri t\u0259r\u0259find\u0259n Erm\u0259nistan i\u015f\u011fal\u0131 alt\u0131nda olan \u0259razil\u0259rin azad edilm\u0259si v\u0259 Az\u0259rbaycan\u0131n \u0259razi b\u00fct\u00f6vl\u00fcy\u00fcn\u00fcn b\u0259rpa olunmas\u0131 \u00fc\u00e7\u00fcn ba\u015flanan V\u0259t\u0259n m\u00fcharib\u0259sind\u0259 k\u00f6n\u00fcll\u00fc olaraq vuru\u015fub.<\/p>\n<p>Xocav\u0259ndin azadl\u0131\u011f\u0131 u\u011frunda ged\u0259n d\u00f6y\u00fc\u015fl\u0259rd\u0259 vuru\u015fub. D\u00f6y\u00fc\u015fl\u0259rd\u0259 yaralan\u0131b v\u0259 13 oktyabrda \u015f\u0259hid olub.<\/p>\n<p><img src=\"https:\/\/cdn.oxu.az\/uploads\/W1siZiIsIjIwMjEvMTAvMTEvMDkvNTMvMTkvYTNlMzQxMTItMDY0ZS00OGM5LTk3Y2MtYzM0YjVlY2QwODg3L8SwbnRpcWFtX0hhY8SxeWV2LmpwZyJdLFsicCIsImVuY29kZSIsImpwZyIsIi1xdWFsaXR5IDgwIl0sWyJwIiwidGh1bWIiLCI1OTB4NTkwXHUwMDNlIl1d?sha=b647b3fec29e544c\" alt=\"\" \/><\/p>\n<p>Prezident \u0130lham \u018fliyevin m\u00fcvafiq s\u0259r\u0259ncam\u0131na \u0259sas\u0259n, \u0130ntiqam Hac\u0131yev \u00f6l\u00fcm\u00fcnd\u0259n sonra \u201cV\u0259t\u0259n u\u011frunda\u201d medal\u0131 il\u0259 t\u0259ltif edildi.<\/p>\n<p><strong>MAHHXHQ \u0259sg\u0259r M\u0259mm\u0259dov Emin Fazil o\u011flu<\/strong>\u00a01997-ci il oktyabr\u0131n 11-d\u0259 Beyl\u0259qan rayonu 1-ci \u015eahsev\u0259n k\u0259ndind\u0259 anadan olub. Az\u0259rbaycan Ordusunun \u0259sg\u0259ri olan Emin M\u0259mm\u0259dov 2020-ci il sentyabr\u0131n 27-d\u0259 Az\u0259rbaycan Silahl\u0131 Q\u00fcvv\u0259l\u0259ri t\u0259r\u0259find\u0259n Erm\u0259nistan i\u015f\u011fal\u0131 alt\u0131nda olan \u0259razil\u0259rin azad edilm\u0259si \u00fc\u00e7\u00fcn ba\u015flanan V\u0259t\u0259n m\u00fcharib\u0259sind\u0259 i\u015ftirak edib.<\/p>\n<p>Emin M\u0259mm\u0259dov noyabr\u0131n 2-d\u0259 \u015eu\u015fa \u015f\u0259h\u0259ri istiqam\u0259tind\u0259 ged\u0259n h\u0259rbi \u0259m\u0259liyyatlar zaman\u0131 \u015f\u0259hid olub.<\/p>\n<p><img src=\"https:\/\/cdn.oxu.az\/uploads\/W1siZiIsIjIwMjEvMTAvMTEvMDkvNTMvMTkvZmM1NTNhNWItZTFmOS00N2M4LWJmZjMtYThhNDZmN2JhZGExL2VtaW4gbcmZbW3JmWRvdi5qcGciXSxbInAiLCJlbmNvZGUiLCJqcGciLCItcXVhbGl0eSA4MCJdLFsicCIsInRodW1iIiwiNTkweDU5MFx1MDAzZSJdXQ?sha=1eeea79dadf92095\" alt=\"\" \/><\/p>\n<p>Az\u0259rbaycan\u0131n \u0259razi b\u00fct\u00f6vl\u00fcy\u00fcn\u00fcn t\u0259min edilm\u0259si u\u011frunda d\u00f6y\u00fc\u015f \u0259m\u0259liyyatlar\u0131na qat\u0131lan v\u0259 h\u0259rbi hiss\u0259 qar\u015f\u0131s\u0131nda qoyulmu\u015f tap\u015f\u0131r\u0131qlar\u0131n icras\u0131 zaman\u0131 v\u0259zif\u0259 borcunu \u015f\u0259r\u0259fl\u0259 yerin\u0259 yetirdiyi \u00fc\u00e7\u00fcn Az\u0259rbaycan Prezidenti \u0130lham \u018fliyevin m\u00fcvafiq s\u0259r\u0259ncamlar\u0131na \u0259sas\u0259n, Emin M\u0259mm\u0259dov \u00f6l\u00fcm\u00fcnd\u0259n sonra \u201cV\u0259t\u0259n u\u011frunda\u201d, \u201cF\u00fczulinin azad olunmas\u0131na g\u00f6r\u0259\u201d, \u201c\u0130gidliy\u0259 g\u00f6r\u0259\u201d v\u0259 \u201c\u015eu\u015fan\u0131n azad olunmas\u0131na g\u00f6r\u0259\u201d medallar\u0131 il\u0259 t\u0259ltif edilib.<\/p>\n<p><strong>MAHHXHQ ki\u00e7ik \u00e7avu\u015f Murtuz\u0259liyev X\u0259qani \u0130sa o\u011flu<\/strong>\u00a01984-c\u00fc il oktyabr\u0131n 11-d\u0259 Zaqatala rayonunun Q\u0131m\u0131r k\u0259ndind\u0259 anadan olub. 1990-2001-ci ill\u0259rd\u0259 \u0130. M\u0259mm\u0259dov ad\u0131na Q\u0131m\u0131r k\u0259nd tam orta m\u0259kt\u0259bind\u0259 t\u0259hsil al\u0131b. X\u0259qani Murtuz\u0259liyev 2002-2004-c\u00fc ill\u0259rd\u0259 Az\u0259rbaycan Silahl\u0131 Q\u00fcvv\u0259l\u0259rinin s\u0131ralar\u0131nda m\u00fcdd\u0259tli h\u0259qiqi h\u0259rbi xidm\u0259td\u0259 olub. 2013-c\u00fc ild\u0259n is\u0259 m\u00fcdd\u0259td\u0259n art\u0131q h\u0259qiqi h\u0259rbi xidm\u0259t qulluq\u00e7usu idi.<\/p>\n<p>Az\u0259rbaycan Ordusunun ki\u00e7ik \u00e7avu\u015fu olan X\u0259qani Murtuz\u0259liyev 2020-ci il sentyabr\u0131n 27-d\u0259 Az\u0259rbaycan Silahl\u0131 Q\u00fcvv\u0259l\u0259ri t\u0259r\u0259find\u0259n Erm\u0259nistan i\u015f\u011fal\u0131 alt\u0131nda olan \u0259razil\u0259rin azad edilm\u0259si v\u0259 Az\u0259rbaycan\u0131n \u0259razi b\u00fct\u00f6vl\u00fcy\u00fcn\u00fcn b\u0259rpa olunmas\u0131 \u00fc\u00e7\u00fcn ba\u015flanan V\u0259t\u0259n m\u00fcharib\u0259si zaman\u0131 Hadrut q\u0259s\u0259b\u0259sinin v\u0259 F\u00fczulinin azadl\u0131\u011f\u0131 u\u011frunda ged\u0259n d\u00f6y\u00fc\u015fl\u0259rd\u0259 sava\u015f\u0131b. X\u0259qani Murtuz\u0259liyev oktyabr\u0131n 22-d\u0259 F\u00fczuli d\u00f6y\u00fc\u015fl\u0259ri zaman\u0131 \u015f\u0259hid olub. Zaqatala rayonunun Q\u0131m\u0131r k\u0259ndind\u0259 d\u0259fn olunub. \u015e\u0259hidimiz ail\u0259li idi, V\u0259t\u0259n\u0259 \u0259man\u0259t iki o\u011ful \u00f6vlad\u0131 yadigar qal\u0131b.<\/p>\n<p><img src=\"https:\/\/cdn.oxu.az\/uploads\/W1siZiIsIjIwMjEvMTAvMTEvMDkvNTMvMjAvNzEzZmFkOTYtMTYyNS00YmM5LWFiMTgtMmJiYmQ2MzRjMGI2L1jJmXFhbmlfTXVydHV6yZlsaXlldi5qcGVnIl0sWyJwIiwiZW5jb2RlIiwianBnIiwiLXF1YWxpdHkgODAiXSxbInAiLCJ0aHVtYiIsIjU5MHg1OTBcdTAwM2UiXV0?sha=d2ae92ac91e3e004\" alt=\"\" \/><\/p>\n<p>Prezident \u0130lham \u018fliyevin m\u00fcvafiq s\u0259r\u0259ncamlar\u0131na \u0259sas\u0259n, X\u0259qani Murtuz\u0259liyev \u00f6l\u00fcm\u00fcnd\u0259n sonra \u201cV\u0259t\u0259n u\u011frunda\u201d, \u201cXocav\u0259ndin azad olunmas\u0131na g\u00f6r\u0259\u201d, \u201cF\u00fczulinin azad olunmas\u0131na g\u00f6r\u0259\u201d medallar\u0131 il\u0259 t\u0259ltif edilib.<\/p>\n<p><strong>MAHHXHQ \u0259sg\u0259r Quliyev H\u0259s\u0259n Ad\u0131\u015firin o\u011flu<\/strong>\u00a01996-c\u0131 ild\u0259 A\u011fcab\u0259di rayonunun Sarvanlar k\u0259ndind\u0259 d\u00fcnyaya g\u00f6z a\u00e7\u0131b.<\/p>\n<p>Orta m\u0259kt\u0259bi bitirdikd\u0259n sonra m\u00fcdd\u0259tli h\u0259qiqi h\u0259rbi xidm\u0259t\u0259 yollan\u0131b. H\u0259rbi xidm\u0259t m\u00fcdd\u0259ti bitdikd\u0259n sonra 2015-ci ild\u0259n m\u00fcdd\u0259td\u0259n art\u0131q h\u0259qiqi h\u0259rbi xidm\u0259t qulluq\u00e7usu olub. Az\u0259rbaycan Ordusunun \u0259sg\u0259ri olan M\u0259rahim Abdullayev 2020-ci il sentyabr\u0131n 27-d\u0259 Az\u0259rbaycan Silahl\u0131 Q\u00fcvv\u0259l\u0259ri t\u0259r\u0259find\u0259n Erm\u0259nistan i\u015f\u011fal\u0131 alt\u0131nda olan \u0259razil\u0259rin azad edilm\u0259si v\u0259 Az\u0259rbaycan\u0131n \u0259razi b\u00fct\u00f6vl\u00fcy\u00fcn\u00fcn b\u0259rpa olunmas\u0131 \u00fc\u00e7\u00fcn ba\u015flanan V\u0259t\u0259n m\u00fcharib\u0259sind\u0259 i\u015ftirak edib.<\/p>\n<p>Xocav\u0259ndin azadl\u0131\u011f\u0131 u\u011frunda ged\u0259n d\u00f6y\u00fc\u015fl\u0259rd\u0259 vuru\u015fan H.Quliyev 3 noyabr 2020-ci ild\u0259 Xocav\u0259nd istiqam\u0259tind\u0259 d\u00f6y\u00fc\u015f tap\u015f\u0131r\u0131\u011f\u0131n\u0131 yerin\u0259 yetir\u0259rk\u0259n \u015f\u0259hid olub. 21 noyabr 2020-ci ild\u0259 A\u011fcab\u0259di rayonunun Sarvanlar k\u0259ndind\u0259 torpa\u011fa tap\u015f\u0131r\u0131l\u0131b.<\/p>\n<p><img src=\"https:\/\/cdn.oxu.az\/uploads\/W1siZiIsIjIwMjEvMTAvMTEvMDkvNTMvMTkvMzZmYjZjNDktY2JmYS00ZGM5LWEwOTYtZGZiY2Y1NjNlNGNmL0jJmXPJmW5fUXVsaXlldl8oyZlzZ8mZcikuanBnIl0sWyJwIiwiZW5jb2RlIiwianBnIiwiLXF1YWxpdHkgODAiXSxbInAiLCJ0aHVtYiIsIjU5MHg1OTBcdTAwM2UiXV0?sha=9ef0b47b5deb21c2\" alt=\"\" \/><\/p>\n<p>Prezident \u0130lham \u018fliyevin m\u00fcvafiq s\u0259r\u0259ncam\u0131na \u0259sas\u0259n, H\u0259s\u0259n Quliyev \u00f6l\u00fcm\u00fcnd\u0259n sonra \u201cV\u0259t\u0259n u\u011frunda\u201d medal\u0131 il\u0259 t\u0259ltif edilib.<\/p>\n<p><strong>\u018fsg\u0259r Quliyev Az\u0259r Zakir o\u011flu<\/strong>\u00a01996-c\u0131 ild\u0259 Sumqay\u0131tda do\u011fulub. Ail\u0259nin ikinci \u00f6vlad\u0131 olan Az\u0259r v\u0259t\u0259np\u0259rv\u0259r ruhda b\u00f6y\u00fcy\u00fcb. \u00d6t\u0259n ilin sentyabr\u0131nda Az\u0259rbaycan\u0131n \u0259razi b\u00fct\u00f6vl\u00fcy\u00fcn\u00fcn b\u0259rpas\u0131 istiqam\u0259tind\u0259 ba\u015flayan m\u00fcharib\u0259y\u0259 qat\u0131l\u0131b. Sentyabr\u0131n 29-dan \u00f6n c\u0259bh\u0259d\u0259 d\u00f6y\u00fc\u015fl\u0259rd\u0259 i\u015ftirak ed\u0259n A.Quliyev sonuncu d\u0259f\u0259 ail\u0259si il\u0259 oktyabr\u0131n 23-d\u0259 \u0259laq\u0259 saxlay\u0131b. El\u0259 o dan\u0131\u015f\u0131qdan sonra, ax\u015fam saat 20:00-da ail\u0259sin\u0259 \u015f\u0259hidlik x\u0259b\u0259ri verilib. Xidm\u0259ti d\u00f6vr\u00fcnd\u0259 b\u00fct\u00fcn d\u00f6y\u00fc\u015f tap\u015f\u0131r\u0131qlar\u0131n\u0131n \u00f6hd\u0259sind\u0259n layiqinc\u0259 g\u0259l\u0259n q\u0259hr\u0259man\u0131m\u0131z Xocav\u0259nd istiqam\u0259tind\u0259 ged\u0259n d\u00f6y\u00fc\u015fl\u0259rd\u0259 \u015f\u0259hidlik zirv\u0259sin\u0259 ucal\u0131b.<\/p>\n<p>Prezident \u0130lham \u018fliyevin m\u00fcvafiq s\u0259r\u0259ncamlar\u0131 il\u0259, Quliyev Az\u0259r Zakir o\u011flu \u00f6l\u00fcm\u00fcnd\u0259n sonra \u201cV\u0259t\u0259n u\u011frunda\u201d v\u0259 \u201cXocav\u0259ndin azad olmas\u0131na g\u00f6r\u0259\u201d medallar\u0131 il\u0259 t\u0259ltif edilib.<\/p>\n<p><strong>\u018fsg\u0259r R\u00fcst\u0259mov Arif Seymur o\u011flu<\/strong>\u00a02001-ci il\u00a0oktyabr\u0131n 11-d\u0259\u00a0Salyan \u015f\u0259h\u0259rind\u0259 anadan olub. 2018-ci ild\u0259 orta t\u0259hsilini bitirdikd\u0259n sonra kollec\u0259 daxil olub. A.R\u00fcst\u0259mov 2019-cu ild\u0259 t\u0259hsilini yar\u0131m\u00e7\u0131q qoyaraq h\u0259rbi xidm\u0259t\u0259 yollan\u0131b v\u0259 orada rabit\u0259\u00e7i kimi xidm\u0259t edib. Qazax rayonu N sayl\u0131 h\u0259rbi hiss\u0259d\u0259 qulluq ed\u0259n \u015f\u0259hidimiz 27 sentyabrda ba\u015flanan V\u0259t\u0259n m\u00fcharib\u0259sin\u0259 qat\u0131l\u0131b.<\/p>\n<p>O, C\u0259bray\u0131l, F\u00fczuli, Z\u0259ngilan v\u0259 Qubadl\u0131n\u0131n azad olunmas\u0131 u\u011frunda d\u00f6y\u00fc\u015fl\u0259rd\u0259 i\u015ftirak edib. Arif R\u00fcstmov 27 oktyabr tarixind\u0259 F\u00fczuli rayonunda ged\u0259n d\u00f6y\u00fc\u015fl\u0259rd\u0259 \u015f\u0259hid olub.<\/p>\n<p><img src=\"https:\/\/cdn.oxu.az\/uploads\/W1siZiIsIjIwMjEvMTAvMTEvMDkvNTMvMjAvOTQzNWM3MjktZDQyNi00MDBmLWIwYmUtNGVjNTIzMGE0YTQxL3F1bGl5ZXYgYXrJmXIgemFraXIgMi5qcGciXSxbInAiLCJlbmNvZGUiLCJqcGciLCItcXVhbGl0eSA4MCJdLFsicCIsInRodW1iIiwiNTkweDU5MFx1MDAzZSJdXQ?sha=2436aed28d7aa34d\" alt=\"\" \/><\/p>\n<p>Prezident \u0130lham \u018fliyevin m\u00fcvafiq s\u0259r\u0259ncam\u0131na \u0259sas\u0259n, Arif R\u00fcst\u0259mov \u00f6l\u00fcm\u00fcnd\u0259n sonra \u201cV\u0259t\u0259n u\u011frunda\u201d v\u0259 \u201cD\u00f6y\u00fc\u015fd\u0259 f\u0259rql\u0259nm\u0259y\u0259 g\u00f6r\u0259\u201d medallar\u0131 il\u0259 t\u0259ltif olunub.<\/p>\n<p><strong>Polkovnik-leytenant Sad\u0131qov R\u0259\u015fad Xanlar o\u011flu<\/strong>\u00a01978-ci il oktyabr\u0131n 11-d\u0259 La\u00e7\u0131n rayonunda anadan olub. 1984-1992-ci ill\u0259rd\u0259 La\u00e7\u0131n \u015f\u0259h\u0259rind\u0259 2 n\u00f6mr\u0259li tam orta m\u0259kt\u0259bd\u0259 t\u0259hsil al\u0131b. 1992-ci ilin may ay\u0131nda La\u00e7\u0131n \u015f\u0259h\u0259ri Erm\u0259nistan Silahl\u0131 Q\u00fcvv\u0259l\u0259ri t\u0259r\u0259find\u0259n i\u015f\u011fal olundu\u011fu \u00fc\u00e7\u00fcn Sad\u0131qovlar ail\u0259si \u015e\u0259mkir \u015f\u0259h\u0259rind\u0259 ya\u015fama\u011fa ba\u015flay\u0131rlar. 1992-1995-ci ill\u0259rd\u0259 h\u0259min \u015f\u0259h\u0259rd\u0259 \u018f. Cavad ad\u0131na 1 n\u00f6mr\u0259li tam orta m\u0259kt\u0259bd\u0259 t\u0259hsil al\u0131b. 1995-1999-cu ill\u0259rd\u0259 is\u0259 Bak\u0131 Ali Birl\u0259\u015fmi\u015f Komandanl\u0131q M\u0259kt\u0259bind\u0259 (BABKM) ali h\u0259rbi t\u0259hsil al\u0131b.<\/p>\n<p>R\u0259\u015fad Sad\u0131qov 1999-2004-c\u00fc ill\u0259rd\u0259 Az\u0259rbaycan Silahl\u0131 Q\u00fcvv\u0259l\u0259rinin \u015eahbuz rayonunda yerl\u0259\u015f\u0259n N\u00a0sayl\u0131 h\u0259rbi hiss\u0259d\u0259 xidm\u0259t edib. 2004-c\u00fc ild\u0259 Nax\u00e7\u0131van \u015f\u0259h\u0259rind\u0259 Heyd\u0259r \u018fliyev ad\u0131na H\u0259rbi Liseyd\u0259 \u00e7al\u0131\u015f\u0131b. Daha sonra is\u0259 Nax\u00e7\u0131van \u015f\u0259h\u0259rind\u0259 H\u0259rbi Komissarl\u0131\u011fda v\u0259 H\u0259rbi Hospitalda xidm\u0259t edib.<\/p>\n<p>Az\u0259rbaycan Ordusunun polkovnik-leytenant\u0131 olan R\u0259\u015fad Sad\u0131qov 2020-ci il sentyabr\u0131n 27-d\u0259 Az\u0259rbaycan Silahl\u0131 Q\u00fcvv\u0259l\u0259ri t\u0259r\u0259find\u0259n Erm\u0259nistan i\u015f\u011fal\u0131 alt\u0131nda olan \u0259razil\u0259rin azad edilm\u0259si v\u0259 Az\u0259rbaycan\u0131n \u0259razi b\u00fct\u00f6vl\u00fcy\u00fcn\u00fcn b\u0259rpa olunmas\u0131 \u00fc\u00e7\u00fcn ba\u015flanan V\u0259t\u0259n m\u00fcharib\u0259si zaman\u0131 C\u0259bray\u0131l\u0131n, Qubadl\u0131n\u0131n v\u0259 La\u00e7\u0131n\u0131n azadl\u0131\u011f\u0131 u\u011frunda ged\u0259n d\u00f6y\u00fc\u015fl\u0259rd\u0259 sava\u015f\u0131b. R\u0259\u015fad Sad\u0131qov oktyabr\u0131n 30-da La\u00e7\u0131n d\u00f6y\u00fc\u015fl\u0259ri zaman\u0131 \u015f\u0259hid olub.<\/p>\n<p><img src=\"https:\/\/cdn.oxu.az\/uploads\/W1siZiIsIjIwMjEvMTAvMTEvMDkvNTMvMjAvOTQwNjI3YWQtODEwYy00YzdhLTgwNDQtNzE5ZDk0NzgxY2EwL3NhZMSxcW92IHLJmcWfYWQgeGFubGFyLmpwZyJdLFsicCIsImVuY29kZSIsImpwZyIsIi1xdWFsaXR5IDgwIl0sWyJwIiwidGh1bWIiLCI1OTB4NTkwXHUwMDNlIl1d?sha=9a79d5d21c6759dd\" alt=\"\" \/><\/p>\n<p>Prezident \u0130lham \u018fliyevin m\u00fcvafiq s\u0259r\u0259ncamlar\u0131na \u0259sas\u0259n, R\u0259\u015fad Sad\u0131qov \u00f6l\u00fcm\u00fcnd\u0259n sonra \u201cV\u0259t\u0259n u\u011frunda\u201d, \u201cC\u0259bray\u0131l\u0131n azad olunmas\u0131na g\u00f6r\u0259\u201d, \u201cQubadl\u0131n\u0131n azad olunmas\u0131na g\u00f6r\u0259\u201d v\u0259 \u201cLa\u00e7\u0131n\u0131n azad olunmas\u0131na g\u00f6r\u0259\u201d medallar\u0131 il\u0259 t\u0259ltif edildi.<\/p>\n<p><strong>\u018fsg\u0259r \u015eahmarl\u0131 V\u00fcsal M\u0259rdan o\u011flu\u00a0<\/strong>1996-c\u0131 ild\u0259 \u0130mi\u015fli rayonunun Sar\u0131xanl\u0131 k\u0259ndind\u0259 d\u00fcnyaya g\u00f6z a\u00e7\u0131b. \u0130lk t\u0259hsilini Rusiyan\u0131n T\u00fcmen \u015f\u0259h\u0259rind\u0259 alan V\u00fcsal 5-ci sinifd\u0259 oxuyark\u0259n ail\u0259si il\u0259 birlikd\u0259 Az\u0259rbaycana qay\u0131tm\u0131\u015f v\u0259 Bak\u0131 \u015f\u0259h\u0259ri 138 n\u00f6mr\u0259li orta m\u0259kt\u0259bd\u0259 t\u0259hsilini davam etdirib.<\/p>\n<p>Orta t\u0259hsilini 2014-c\u00fc ild\u0259 ba\u015fa vurduqdan sonra h\u0259rbi xidm\u0259t\u0259 yollan\u0131b. G\u0259d\u0259b\u0259yd\u0259 h\u0259rbi xidm\u0259tin\u0259 ba\u015flay\u0131b. H\u0259rbi xidm\u0259t m\u00fcdd\u0259tind\u0259 2016-c\u0131 ilin aprel ay\u0131nda ba\u015f ver\u0259n d\u00f6rdg\u00fcnl\u00fck m\u00fcharib\u0259d\u0259 i\u015ftirak edib. H\u0259rbi xidm\u0259t m\u00fcdd\u0259ti bitdikd\u0259n sonra V\u00fcsal x\u00fcsusil\u0259, biznes sah\u0259sind\u0259 \u00e7al\u0131\u015f\u0131b.<\/p>\n<p>V\u00fcsal \u015eahmarl\u0131 \u00f6t\u0259n ilin 21 sentyabr tarixind\u0259 h\u0259rbi t\u0259lim toplant\u0131lar\u0131na \u00e7a\u011f\u0131r\u0131l\u0131b. Az\u0259rbaycan Ordusunun \u0259sg\u0259ri olan V\u00fcsal \u015eahmarl\u0131 2020-ci il sentyabr\u0131n 27-d\u0259n Az\u0259rbaycan Silahl\u0131 Q\u00fcvv\u0259l\u0259ri t\u0259r\u0259find\u0259n Erm\u0259nistan i\u015f\u011fal\u0131 alt\u0131nda olan \u0259razil\u0259rin azad edilm\u0259si \u00fc\u00e7\u00fcn ba\u015flanan V\u0259t\u0259n m\u00fcharib\u0259sind\u0259 5 oktyabr tarixind\u0259n i\u015ftirak edib. Topat\u0131c\u0131 \u0259sg\u0259r olaraq h\u0259rbi \u0259m\u0259liyyatlarda, x\u00fcsusil\u0259 d\u0259, F\u00fczulinin azad olunmas\u0131 u\u011frunda ged\u0259n d\u00f6y\u00fc\u015fl\u0259rd\u0259 vuru\u015fub. 18 oktyabr 2020-ci ild\u0259 F\u00fczulinin azad edilm\u0259si m\u00fcnasib\u0259til\u0259 ail\u0259si il\u0259 \u0259laq\u0259 saxlad\u0131qdan 40 d\u0259qiq\u0259 sonra snayper at\u0259\u015fi n\u0259tic\u0259sind\u0259 \u015f\u0259hid olub.<\/p>\n<p><img src=\"https:\/\/cdn.oxu.az\/uploads\/W1siZiIsIjIwMjEvMTAvMTEvMDkvNTMvMjAvNzc5YjI0ZTAtOGI2My00OTExLWFmYWItZGFjNGZhOWRiMGNjL1bDvHNhbF_FnmFobWFybMSxLmpwZyJdLFsicCIsImVuY29kZSIsImpwZyIsIi1xdWFsaXR5IDgwIl0sWyJwIiwidGh1bWIiLCI1OTB4NTkwXHUwMDNlIl1d?sha=339d529f3b102121\" alt=\"\" \/><\/p>\n<p>Prezident \u0130lham \u018fliyevin m\u00fcvafiq s\u0259r\u0259ncamlar\u0131na \u0259sas\u0259n, V\u00fcsal \u015eahmarl\u0131 \u00f6l\u00fcm\u00fcnd\u0259n sonra \u201cV\u0259t\u0259n u\u011frunda\u201d v\u0259 \u201cLa\u00e7\u0131n\u0131n azad olunmas\u0131na g\u00f6r\u0259\u201d medallar\u0131 il\u0259 t\u0259ltif edildi.<\/p>\n<p><strong>MAHHXHQ ki\u00e7ik \u00e7avu\u015f Yusifli \u00d6zal \u0130dris o\u011flu<\/strong>\u00a01992-ci il oktyabr\u0131n 11-d\u0259 Yevlax \u015f\u0259h\u0259rinin A\u015fa\u011f\u0131 Qarxum k\u0259ndind\u0259 anadan olub. 1999-cu ild\u0259 orta m\u0259kt\u0259bd\u0259 t\u0259hsil alma\u011fa ba\u015flayan \u00d6zal 2010-cu ild\u0259 t\u0259hsilini bitir\u0259r\u0259k h\u0259rbi xidm\u0259t\u0259 yollan\u0131b.<\/p>\n<p>Nax\u00e7\u0131van Milli Ordu s\u0131ralar\u0131nda xidm\u0259ti ba\u015fa vuraraq Yevlax \u015f\u0259h\u0259rin\u0259 qay\u0131d\u0131b. 2017-ci ild\u0259 Milli Ordu s\u0131ralar\u0131nda \u00e7avu\u015f kimi \u00e7al\u0131\u015fma\u011fa ba\u015flay\u0131b. 2019-cu ilin \u0259vv\u0259ll\u0259rind\u0259 h\u0259rbi polis kimi f\u0259aliyy\u0259t\u0259 ba\u015flasa da, \u00f6z \u0259riz\u0259si il\u0259 yenid\u0259n 2019-cu ilin ax\u0131rlar\u0131nda Milli Ordu s\u0131ralar\u0131nda \u00e7avu\u015f kimi xidm\u0259t\u0259 davam edib.<\/p>\n<p>O, V\u0259t\u0259n m\u00fcharib\u0259sind\u0259 Tal\u0131\u015f k\u0259ndinin azad olunmas\u0131 u\u011frunda ged\u0259n d\u00f6y\u00fc\u015fl\u0259rd\u0259 i\u015ftirak edib v\u0259 oktyabr\u0131n 2-d\u0259 v\u0259fat edib.<\/p>\n<p><img src=\"https:\/\/cdn.oxu.az\/uploads\/W1siZiIsIjIwMjEvMTAvMTEvMDkvNTkvMjAvZjIwNzdlMjktZjMzZS00M2FlLWE4NmItYWRhMDYxNDRhNTMxL3l1c2lmbGkgw7Z6YWwgaWRyaXMuanBnIl0sWyJwIiwiZW5jb2RlIiwianBnIiwiLXF1YWxpdHkgODAiXSxbInAiLCJ0aHVtYiIsIjU5MHg1OTBcdTAwM2UiXV0?sha=c29d1e5168a50ee7\" alt=\"\" \/><\/p>\n<p>Prezident \u0130lham \u018fliyevin m\u00fcvafiq s\u0259r\u0259ncamlar\u0131na \u0259sas\u0259n, \u00d6zal Yusifli \u00f6l\u00fcm\u00fcnd\u0259n sonra \u201cC\u0259sur d\u00f6y\u00fc\u015f\u00e7\u00fc\u201d, \u201cSuqovu\u015fan\u0131n azadl\u0131\u011f\u0131na g\u00f6r\u0259\u201d v\u0259 \u201cV\u0259t\u0259n u\u011frunda\u201d medallar\u0131 il\u0259 t\u0259ltif olunub.<\/p>\n","protected":false},"excerpt":{"rendered":"<p>44 g\u00fcnl\u00fck V\u0259t\u0259n m\u00fcharib\u0259si zaman\u0131 \u015f\u0259hid olan q\u0259hr\u0259manlar\u0131m\u0131zdan bu g\u00fcn 10 n\u0259f\u0259rin\u00a0do\u011fum g\u00fcn\u00fcd\u00fcr. ARANTV.AZ \u00a0V\u0259t\u0259n m\u00fcharib\u0259si \u015f\u0259hidl\u0259rinin \u0259ziz xatir\u0259sini d\u0259rin h\u00f6rm\u0259t v\u0259 ehtiramla yad edir: \u018fsg\u0259r Budaqov Yusif Ramiq o\u011flu\u00a01997-ci ilin 11 oktyabr\u0131nda Bak\u0131da anadan olub. Orta m\u0259kt\u0259bi bitirdikd\u0259n sonra, 2015-2017-ci ill\u0259rd\u0259 h\u0259rbi xidm\u0259td\u0259 olub, dizayn \u00fczr\u0259 kollec t\u0259hsili al\u0131b. V\u0259t\u0259n m\u00fcharib\u0259sind\u0259n bir ne\u00e7\u0259 g\u00fcn \u00f6nc\u0259 is\u0259 t\u0259liml\u0259r\u0259 c\u0259lb olunub. M\u00fcharib\u0259 ba\u015flayan kimi d\u0259\u00a0d\u00f6y\u00fc\u015fl\u0259rd\u0259 i\u015ftirak edib. 23 ya\u015f\u0131n\u0131 da oktyabr\u0131n 11-d\u0259 m\u00fcharib\u0259d\u0259 &#8211; s\u0259ng\u0259rd\u0259, g\u00fcll\u0259, m\u0259rmi ya\u011f\u0131\u015flar\u0131 alt\u0131nda d\u00f6y\u00fc\u015f yolda\u015flar\u0131 il\u0259 birlikd\u0259 qeyd edib. F\u00fczuli istiqam\u0259tind\u0259 ged\u0259n d\u00f6y\u00fc\u015fl\u0259r zaman\u0131 \u015f\u0259hid&hellip;<\/p>\n","protected":false},"author":2,"featured_media":388258,"comment_status":"closed","ping_status":"closed","sticky":false,"template":"","format":"standard","meta":{"om_disable_all_campaigns":false,"_monsterinsights_skip_tracking":false,"_monsterinsights_sitenote_active":false,"_monsterinsights_sitenote_note":"","_monsterinsights_sitenote_category":0},"categories":[26],"tags":[],"aioseo_notices":[],"gutentor_comment":0,"rttpg_featured_image_url":{"full":["https:\/\/arantv.az\/wp-content\/uploads\/2021\/10\/2b4bb18815f2a5abbd93e1c371ebe7bd.png",450,300,false],"landscape":["https:\/\/arantv.az\/wp-content\/uploads\/2021\/10\/2b4bb18815f2a5abbd93e1c371ebe7bd.png",450,300,false],"portraits":["https:\/\/arantv.az\/wp-content\/uploads\/2021\/10\/2b4bb18815f2a5abbd93e1c371ebe7bd.png",450,300,false],"thumbnail":["https:\/\/arantv.az\/wp-content\/uploads\/2021\/10\/2b4bb18815f2a5abbd93e1c371ebe7bd-450x280.png",450,280,true],"medium":["https:\/\/arantv.az\/wp-content\/uploads\/2021\/10\/2b4bb18815f2a5abbd93e1c371ebe7bd.png",450,300,false],"large":["https:\/\/arantv.az\/wp-content\/uploads\/2021\/10\/2b4bb18815f2a5abbd93e1c371ebe7bd.png",450,300,false],"1536x1536":["https:\/\/arantv.az\/wp-content\/uploads\/2021\/10\/2b4bb18815f2a5abbd93e1c371ebe7bd.png",450,300,false],"2048x2048":["https:\/\/arantv.az\/wp-content\/uploads\/2021\/10\/2b4bb18815f2a5abbd93e1c371ebe7bd.png",450,300,false],"post-thumbnail":["https:\/\/arantv.az\/wp-content\/uploads\/2021\/10\/2b4bb18815f2a5abbd93e1c371ebe7bd-240x172.png",240,172,true],"advps-thumb-one":["https:\/\/arantv.az\/wp-content\/uploads\/2021\/10\/2b4bb18815f2a5abbd93e1c371ebe7bd.png",450,300,false]},"rttpg_author":{"display_name":"V\u00fcsal Rafiqo\u011flu","author_link":"https:\/\/arantv.az\/?author=2"},"rttpg_comment":0,"rttpg_category":"<a href=\"https:\/\/arantv.az\/?cat=26\" rel=\"category\">Sosial<\/a>","rttpg_excerpt":"44 g\u00fcnl\u00fck V\u0259t\u0259n m\u00fcharib\u0259si zaman\u0131 \u015f\u0259hid olan q\u0259hr\u0259manlar\u0131m\u0131zdan bu g\u00fcn 10 n\u0259f\u0259rin\u00a0do\u011fum g\u00fcn\u00fcd\u00fcr. ARANTV.AZ \u00a0V\u0259t\u0259n m\u00fcharib\u0259si \u015f\u0259hidl\u0259rinin \u0259ziz xatir\u0259sini d\u0259rin h\u00f6rm\u0259t v\u0259 ehtiramla yad edir: \u018fsg\u0259r Budaqov Yusif Ramiq o\u011flu\u00a01997-ci ilin 11 oktyabr\u0131nda Bak\u0131da anadan olub. Orta m\u0259kt\u0259bi bitirdikd\u0259n sonra, 2015-2017-ci ill\u0259rd\u0259 h\u0259rbi xidm\u0259td\u0259 olub, dizayn \u00fczr\u0259 kollec t\u0259hsili al\u0131b. V\u0259t\u0259n m\u00fcharib\u0259sind\u0259n bir ne\u00e7\u0259 g\u00fcn&hellip;","_links":{"self":[{"href":"https:\/\/arantv.az\/index.php?rest_route=\/wp\/v2\/posts\/388785"}],"collection":[{"href":"https:\/\/arantv.az\/index.php?rest_route=\/wp\/v2\/posts"}],"about":[{"href":"https:\/\/arantv.az\/index.php?rest_route=\/wp\/v2\/types\/post"}],"author":[{"embeddable":true,"href":"https:\/\/arantv.az\/index.php?rest_route=\/wp\/v2\/users\/2"}],"replies":[{"embeddable":true,"href":"https:\/\/arantv.az\/index.php?rest_route=%2Fwp%2Fv2%2Fcomments&post=388785"}],"version-history":[{"count":0,"href":"https:\/\/arantv.az\/index.php?rest_route=\/wp\/v2\/posts\/388785\/revisions"}],"wp:featuredmedia":[{"embeddable":true,"href":"https:\/\/arantv.az\/index.php?rest_route=\/wp\/v2\/media\/388258"}],"wp:attachment":[{"href":"https:\/\/arantv.az\/index.php?rest_route=%2Fwp%2Fv2%2Fmedia&parent=388785"}],"wp:term":[{"taxonomy":"category","embeddable":true,"href":"https:\/\/arantv.az\/index.php?rest_route=%2Fwp%2Fv2%2Fcategories&post=388785"},{"taxonomy":"post_tag","embeddable":true,"href":"https:\/\/arantv.az\/index.php?rest_route=%2Fwp%2Fv2%2Ftags&post=388785"}],"curies":[{"name":"wp","href":"https:\/\/api.w.org\/{rel}","templated":true}]}}