{"id":388790,"date":"2021-10-11T10:42:38","date_gmt":"2021-10-11T07:42:38","guid":{"rendered":"http:\/\/arantv.az\/?p=388790"},"modified":"2021-10-11T10:42:38","modified_gmt":"2021-10-11T07:42:38","slug":"xank%c9%99ndiy%c9%99-d%c9%99-qayidacagiq-ayaz-mut%c9%99llibov","status":"publish","type":"post","link":"https:\/\/arantv.az\/?p=388790","title":{"rendered":"Xank\u0259ndiy\u0259 d\u0259 qay\u0131daca\u011f\u0131q &#8211; Ayaz M\u00fct\u0259llibov"},"content":{"rendered":"<p><strong>Son zamanlar s\u0259hh\u0259timl\u0259 m\u0259\u015f\u011fulam. S\u0259hh\u0259timd\u0259 m\u00fc\u0259yy\u0259n probleml\u0259r oldu\u011fu \u00fc\u00e7\u00fcn s\u00f6z\u00fcn do\u011frusu, m\u0259tbuat\u0131 izl\u0259y\u0259 bilmir\u0259m v\u0259 prosesl\u0259r\u0259 h\u0259r hans\u0131 m\u00fcnasib\u0259t bildirm\u0259kd\u0259n uzaqla\u015fm\u0131\u015fam.<\/strong><\/p>\n<p><strong>ARANTV.AZ<\/strong> x\u0259b\u0259r verir ki, Az\u0259rbaycan\u0131n birinci prezidenti Ayaz M\u00fct\u0259llibov bu fikirl\u0259ri Musavat.com-a a\u00e7\u0131qlamas\u0131nda bildirib. Ev \u015f\u0259raitind\u0259 m\u00fcalic\u0259 ald\u0131\u011f\u0131n\u0131 dey\u0259n eks-prezident s\u0259hh\u0259tind\u0259 probleml\u0259rin olmas\u0131na baxmayaraq, Qaraba\u011f \u0259traf\u0131ndak\u0131 m\u00f6vcud durumla ba\u011fl\u0131 fikir s\u00f6yl\u0259yib. O qeyd edib ki, imkan d\u00fc\u015f\u0259nd\u0259 d\u00f6vl\u0259t ba\u015f\u00e7\u0131s\u0131n\u0131n Qaraba\u011fa s\u0259f\u0259rl\u0259rini izl\u0259yir, \u00e7\u0131x\u0131\u015flar\u0131n\u0131 dinl\u0259yir:<\/p>\n<p>&#8220;Prezidentin siyas\u0259ti tamamil\u0259 b\u0259y\u0259nilir. Bu siyas\u0259t b\u00fct\u00fcn probleml\u0259rin h\u0259llin\u0259 y\u00f6n\u0259lib. \u00dcmidvaram ki, bel\u0259 d\u0259 olacaq&#8221;.<\/p>\n<p>Bununla bel\u0259, sabiq prezident m\u00fc\u0259yy\u0259n m\u0259s\u0259l\u0259l\u0259r\u0259 g\u00f6r\u0259 ehtiyatland\u0131\u011f\u0131n\u0131 da vur\u011fulad\u0131:<\/p>\n<p>&#8220;Bilirsiniz d\u0259, erm\u0259nil\u0259r \u00e7ox m\u0259krlidirl\u0259r. Amma hadis\u0259l\u0259ri izl\u0259yirik, g\u00f6r\u0259k n\u0259 olacaq. \u0130st\u0259nil\u0259n halda, g\u0259l\u0259c\u0259y\u0259 inamla baxmaq laz\u0131md\u0131r. \u015e\u0259xs\u0259n m\u0259nim \u0259minliyim var ki, biz bundan sonra da q\u0259l\u0259b\u0259 \u00e7alaca\u011f\u0131q, buna \u015f\u00fcbh\u0259m yoxdur. Xank\u0259ndiy\u0259 d\u0259, Xocal\u0131ya da qay\u0131daca\u011f\u0131q v\u0259 erm\u0259nil\u0259rin dedikl\u0259ri sad\u0259c\u0259 \u00f6zl\u0259rin\u0259 qalacaq&#8221;.<\/p>\n<p>A.M\u00fct\u0259llibov hesab edir ki, Qaraba\u011fdak\u0131 erm\u0259nil\u0259rd\u0259n kiml\u0259rs\u0259 Az\u0259rbaycan v\u0259t\u0259nda\u015fl\u0131\u011f\u0131n\u0131 q\u0259bul ed\u0259c\u0259ks\u0259, o, burada ya\u015famaq h\u00fcququ \u0259ld\u0259 ed\u0259c\u0259k, \u0259ksi m\u00fcmk\u00fcn deyil.<\/p>\n<p>Vaxtil\u0259 Qaraba\u011fda komsomol i\u015f\u00e7il\u0259ri olan S.S\u0259rkisyan v\u0259 R.K\u00f6\u00e7\u0259ryan\u0131n quldurluqla m\u0259\u015f\u011ful olduqlar\u0131n\u0131 dey\u0259n A.M\u00fct\u0259llibov qeyd edib ki, onun v\u0259zif\u0259d\u0259 oldu\u011fu d\u00f6n\u0259ml\u0259rd\u0259 bu \u015f\u0259xsl\u0259r he\u00e7 vaxt ciddi q\u0259bul olunmay\u0131b.<\/p>\n","protected":false},"excerpt":{"rendered":"<p>Son zamanlar s\u0259hh\u0259timl\u0259 m\u0259\u015f\u011fulam. S\u0259hh\u0259timd\u0259 m\u00fc\u0259yy\u0259n probleml\u0259r oldu\u011fu \u00fc\u00e7\u00fcn s\u00f6z\u00fcn do\u011frusu, m\u0259tbuat\u0131 izl\u0259y\u0259 bilmir\u0259m v\u0259 prosesl\u0259r\u0259 h\u0259r hans\u0131 m\u00fcnasib\u0259t bildirm\u0259kd\u0259n uzaqla\u015fm\u0131\u015fam. ARANTV.AZ x\u0259b\u0259r verir ki, Az\u0259rbaycan\u0131n birinci prezidenti Ayaz M\u00fct\u0259llibov bu fikirl\u0259ri Musavat.com-a a\u00e7\u0131qlamas\u0131nda bildirib. Ev \u015f\u0259raitind\u0259 m\u00fcalic\u0259 ald\u0131\u011f\u0131n\u0131 dey\u0259n eks-prezident s\u0259hh\u0259tind\u0259 probleml\u0259rin olmas\u0131na baxmayaraq, Qaraba\u011f \u0259traf\u0131ndak\u0131 m\u00f6vcud durumla ba\u011fl\u0131 fikir s\u00f6yl\u0259yib. O qeyd edib ki, imkan d\u00fc\u015f\u0259nd\u0259 d\u00f6vl\u0259t ba\u015f\u00e7\u0131s\u0131n\u0131n Qaraba\u011fa s\u0259f\u0259rl\u0259rini izl\u0259yir, \u00e7\u0131x\u0131\u015flar\u0131n\u0131 dinl\u0259yir: &#8220;Prezidentin siyas\u0259ti tamamil\u0259 b\u0259y\u0259nilir. Bu siyas\u0259t b\u00fct\u00fcn probleml\u0259rin h\u0259llin\u0259 y\u00f6n\u0259lib. \u00dcmidvaram ki, bel\u0259 d\u0259 olacaq&#8221;. Bununla bel\u0259, sabiq prezident m\u00fc\u0259yy\u0259n m\u0259s\u0259l\u0259l\u0259r\u0259 g\u00f6r\u0259 ehtiyatland\u0131\u011f\u0131n\u0131 da vur\u011fulad\u0131:&hellip;<\/p>\n","protected":false},"author":2,"featured_media":388791,"comment_status":"closed","ping_status":"closed","sticky":false,"template":"","format":"standard","meta":{"om_disable_all_campaigns":false,"_monsterinsights_skip_tracking":false,"_monsterinsights_sitenote_active":false,"_monsterinsights_sitenote_note":"","_monsterinsights_sitenote_category":0},"categories":[26],"tags":[],"aioseo_notices":[],"gutentor_comment":0,"rttpg_featured_image_url":{"full":["https:\/\/arantv.az\/wp-content\/uploads\/2021\/10\/986506.jpg",800,600,false],"landscape":["https:\/\/arantv.az\/wp-content\/uploads\/2021\/10\/986506.jpg",800,600,false],"portraits":["https:\/\/arantv.az\/wp-content\/uploads\/2021\/10\/986506.jpg",800,600,false],"thumbnail":["https:\/\/arantv.az\/wp-content\/uploads\/2021\/10\/986506-500x280.jpg",500,280,true],"medium":["https:\/\/arantv.az\/wp-content\/uploads\/2021\/10\/986506-487x365.jpg",487,365,true],"large":["https:\/\/arantv.az\/wp-content\/uploads\/2021\/10\/986506.jpg",640,480,false],"1536x1536":["https:\/\/arantv.az\/wp-content\/uploads\/2021\/10\/986506.jpg",800,600,false],"2048x2048":["https:\/\/arantv.az\/wp-content\/uploads\/2021\/10\/986506.jpg",800,600,false],"post-thumbnail":["https:\/\/arantv.az\/wp-content\/uploads\/2021\/10\/986506-240x172.jpg",240,172,true],"advps-thumb-one":["https:\/\/arantv.az\/wp-content\/uploads\/2021\/10\/986506.jpg",800,600,false]},"rttpg_author":{"display_name":"V\u00fcsal Rafiqo\u011flu","author_link":"https:\/\/arantv.az\/?author=2"},"rttpg_comment":0,"rttpg_category":"<a href=\"https:\/\/arantv.az\/?cat=26\" rel=\"category\">Sosial<\/a>","rttpg_excerpt":"Son zamanlar s\u0259hh\u0259timl\u0259 m\u0259\u015f\u011fulam. S\u0259hh\u0259timd\u0259 m\u00fc\u0259yy\u0259n probleml\u0259r oldu\u011fu \u00fc\u00e7\u00fcn s\u00f6z\u00fcn do\u011frusu, m\u0259tbuat\u0131 izl\u0259y\u0259 bilmir\u0259m v\u0259 prosesl\u0259r\u0259 h\u0259r hans\u0131 m\u00fcnasib\u0259t bildirm\u0259kd\u0259n uzaqla\u015fm\u0131\u015fam. ARANTV.AZ x\u0259b\u0259r verir ki, Az\u0259rbaycan\u0131n birinci prezidenti Ayaz M\u00fct\u0259llibov bu fikirl\u0259ri Musavat.com-a a\u00e7\u0131qlamas\u0131nda bildirib. Ev \u015f\u0259raitind\u0259 m\u00fcalic\u0259 ald\u0131\u011f\u0131n\u0131 dey\u0259n eks-prezident s\u0259hh\u0259tind\u0259 probleml\u0259rin olmas\u0131na baxmayaraq, Qaraba\u011f \u0259traf\u0131ndak\u0131 m\u00f6vcud durumla ba\u011fl\u0131 fikir s\u00f6yl\u0259yib. O qeyd edib&hellip;","_links":{"self":[{"href":"https:\/\/arantv.az\/index.php?rest_route=\/wp\/v2\/posts\/388790"}],"collection":[{"href":"https:\/\/arantv.az\/index.php?rest_route=\/wp\/v2\/posts"}],"about":[{"href":"https:\/\/arantv.az\/index.php?rest_route=\/wp\/v2\/types\/post"}],"author":[{"embeddable":true,"href":"https:\/\/arantv.az\/index.php?rest_route=\/wp\/v2\/users\/2"}],"replies":[{"embeddable":true,"href":"https:\/\/arantv.az\/index.php?rest_route=%2Fwp%2Fv2%2Fcomments&post=388790"}],"version-history":[{"count":0,"href":"https:\/\/arantv.az\/index.php?rest_route=\/wp\/v2\/posts\/388790\/revisions"}],"wp:featuredmedia":[{"embeddable":true,"href":"https:\/\/arantv.az\/index.php?rest_route=\/wp\/v2\/media\/388791"}],"wp:attachment":[{"href":"https:\/\/arantv.az\/index.php?rest_route=%2Fwp%2Fv2%2Fmedia&parent=388790"}],"wp:term":[{"taxonomy":"category","embeddable":true,"href":"https:\/\/arantv.az\/index.php?rest_route=%2Fwp%2Fv2%2Fcategories&post=388790"},{"taxonomy":"post_tag","embeddable":true,"href":"https:\/\/arantv.az\/index.php?rest_route=%2Fwp%2Fv2%2Ftags&post=388790"}],"curies":[{"name":"wp","href":"https:\/\/api.w.org\/{rel}","templated":true}]}}