{"id":388793,"date":"2021-10-11T10:44:14","date_gmt":"2021-10-11T07:44:14","guid":{"rendered":"http:\/\/arantv.az\/?p=388793"},"modified":"2021-10-11T10:44:14","modified_gmt":"2021-10-11T07:44:14","slug":"onlar-g%c9%99nc%c9%99-terrorunda-valideynl%c9%99rini-itirdil%c9%99r-fotolar","status":"publish","type":"post","link":"https:\/\/arantv.az\/?p=388793","title":{"rendered":"Onlar G\u0259nc\u0259 terrorunda valideynl\u0259rini itirdil\u0259r &#8211; FOTOlar"},"content":{"rendered":"<p><strong>X\u0259b\u0259r verdiyimiz kimi, V\u0259t\u0259n m\u00fcharib\u0259si zaman\u0131 G\u0259nc\u0259nin Erm\u0259nistan t\u0259r\u0259find\u0259n n\u00f6vb\u0259ti d\u0259f\u0259 raket h\u00fccumuna m\u0259ruz qalmas\u0131ndan bir il \u00f6t\u00fcr.<\/strong><\/p>\n<p><strong>ARANTV.AZ<\/strong> qafqazinfo-ya istinad\u0259n x\u0259b\u0259r verir ki, d\u00fc\u015fm\u0259nin \u00e7oxm\u0259nzilli ya\u015fay\u0131\u015f binalar\u0131n\u0131 raket at\u0259\u015fin\u0259 tutmas\u0131 n\u0259tic\u0259sind\u0259 d\u00f6rd\u00fc qad\u0131n olmaqla 10 n\u0259f\u0259r \u015f\u0259hid olub, 34 n\u0259f\u0259r m\u00fcxt\u0259lif d\u0259r\u0259c\u0259li x\u0259sar\u0259tl\u0259r al\u0131b.<\/p>\n<p>Erm\u0259ni terroru n\u0259tic\u0259sind\u0259 16 ya\u015fl\u0131 Sevil v\u0259 qarda\u015f\u0131 8 ya\u015fl\u0131 H\u00fcseyn valideynl\u0259ri Anar \u018fliyev v\u0259 Nur\u00e7in \u018fliyevan\u0131 itirib.<\/p>\n<p>H\u0259m\u00e7inin k\u00f6rp\u0259 Nilay \u00fc\u00e7 do\u011fmas\u0131n\u0131 itirib. Onun atas\u0131 Adil \u018fliyev, anas\u0131 G\u00fcnay \u018fliyeva, n\u0259n\u0259si Afaq \u018fliyeva erm\u0259ni terrorunun qurban\u0131 olub.<\/p>\n<h4><\/h4>\n<div class=\"article-gallery\">\n<div class=\"lSSlideOuter \">\n<div class=\"lSSlideWrapper usingCss\">\n<ul class=\"images-list lightSlider lsGrab lSSlide\">\n<li class=\"lslide active\" data-src=\"https:\/\/img.milli.az\/2021\/10\/11\/986503_01.jpg\" data-fancybox=\"986503\"><img src=\"https:\/\/img.milli.az\/2021\/10\/11\/986503_01.jpg\" alt=\"\" \/><\/li>\n<li class=\"lslide\" data-src=\"https:\/\/img.milli.az\/2021\/10\/11\/986503_02.jpg\" data-fancybox=\"986503\"><img src=\"https:\/\/img.milli.az\/2021\/10\/11\/986503_02.jpg\" alt=\"\" \/><\/li>\n<li class=\"lslide\" data-src=\"https:\/\/img.milli.az\/2021\/10\/11\/986503_03.jpg\" data-fancybox=\"986503\"><img src=\"https:\/\/img.milli.az\/2021\/10\/11\/986503_03.jpg\" alt=\"\" \/><\/li>\n<\/ul>\n<div class=\"lSAction\"><\/div>\n<\/div>\n<\/div>\n<div class=\"lSSlideOuter \">\n<div class=\"lSSlideWrapper usingCss\">\n<p>&nbsp;<\/p>\n<\/div>\n<\/div>\n<\/div>\n<div class=\"news-bottom-adv-wrapper\">\n<div class=\"adv-left\"><\/div>\n<div class=\"adv-right\"><\/div>\n<\/div>\n","protected":false},"excerpt":{"rendered":"<p>X\u0259b\u0259r verdiyimiz kimi, V\u0259t\u0259n m\u00fcharib\u0259si zaman\u0131 G\u0259nc\u0259nin Erm\u0259nistan t\u0259r\u0259find\u0259n n\u00f6vb\u0259ti d\u0259f\u0259 raket h\u00fccumuna m\u0259ruz qalmas\u0131ndan bir il \u00f6t\u00fcr. ARANTV.AZ qafqazinfo-ya istinad\u0259n x\u0259b\u0259r verir ki, d\u00fc\u015fm\u0259nin \u00e7oxm\u0259nzilli ya\u015fay\u0131\u015f binalar\u0131n\u0131 raket at\u0259\u015fin\u0259 tutmas\u0131 n\u0259tic\u0259sind\u0259 d\u00f6rd\u00fc qad\u0131n olmaqla 10 n\u0259f\u0259r \u015f\u0259hid olub, 34 n\u0259f\u0259r m\u00fcxt\u0259lif d\u0259r\u0259c\u0259li x\u0259sar\u0259tl\u0259r al\u0131b. Erm\u0259ni terroru n\u0259tic\u0259sind\u0259 16 ya\u015fl\u0131 Sevil v\u0259 qarda\u015f\u0131 8 ya\u015fl\u0131 H\u00fcseyn valideynl\u0259ri Anar \u018fliyev v\u0259 Nur\u00e7in \u018fliyevan\u0131 itirib. H\u0259m\u00e7inin k\u00f6rp\u0259 Nilay \u00fc\u00e7 do\u011fmas\u0131n\u0131 itirib. Onun atas\u0131 Adil \u018fliyev, anas\u0131 G\u00fcnay \u018fliyeva, n\u0259n\u0259si Afaq \u018fliyeva erm\u0259ni terrorunun qurban\u0131 olub. &nbsp;<\/p>\n","protected":false},"author":2,"featured_media":388794,"comment_status":"closed","ping_status":"closed","sticky":false,"template":"","format":"standard","meta":{"om_disable_all_campaigns":false,"_monsterinsights_skip_tracking":false,"_monsterinsights_sitenote_active":false,"_monsterinsights_sitenote_note":"","_monsterinsights_sitenote_category":0},"categories":[19],"tags":[],"aioseo_notices":[],"gutentor_comment":0,"rttpg_featured_image_url":{"full":["https:\/\/arantv.az\/wp-content\/uploads\/2021\/10\/986503.jpg",800,600,false],"landscape":["https:\/\/arantv.az\/wp-content\/uploads\/2021\/10\/986503.jpg",800,600,false],"portraits":["https:\/\/arantv.az\/wp-content\/uploads\/2021\/10\/986503.jpg",800,600,false],"thumbnail":["https:\/\/arantv.az\/wp-content\/uploads\/2021\/10\/986503-500x280.jpg",500,280,true],"medium":["https:\/\/arantv.az\/wp-content\/uploads\/2021\/10\/986503-487x365.jpg",487,365,true],"large":["https:\/\/arantv.az\/wp-content\/uploads\/2021\/10\/986503.jpg",640,480,false],"1536x1536":["https:\/\/arantv.az\/wp-content\/uploads\/2021\/10\/986503.jpg",800,600,false],"2048x2048":["https:\/\/arantv.az\/wp-content\/uploads\/2021\/10\/986503.jpg",800,600,false],"post-thumbnail":["https:\/\/arantv.az\/wp-content\/uploads\/2021\/10\/986503-240x172.jpg",240,172,true],"advps-thumb-one":["https:\/\/arantv.az\/wp-content\/uploads\/2021\/10\/986503.jpg",800,600,false]},"rttpg_author":{"display_name":"V\u00fcsal Rafiqo\u011flu","author_link":"https:\/\/arantv.az\/?author=2"},"rttpg_comment":0,"rttpg_category":"<a href=\"https:\/\/arantv.az\/?cat=19\" rel=\"category\">G\u00fcnd\u0259m<\/a>","rttpg_excerpt":"X\u0259b\u0259r verdiyimiz kimi, V\u0259t\u0259n m\u00fcharib\u0259si zaman\u0131 G\u0259nc\u0259nin Erm\u0259nistan t\u0259r\u0259find\u0259n n\u00f6vb\u0259ti d\u0259f\u0259 raket h\u00fccumuna m\u0259ruz qalmas\u0131ndan bir il \u00f6t\u00fcr. ARANTV.AZ qafqazinfo-ya istinad\u0259n x\u0259b\u0259r verir ki, d\u00fc\u015fm\u0259nin \u00e7oxm\u0259nzilli ya\u015fay\u0131\u015f binalar\u0131n\u0131 raket at\u0259\u015fin\u0259 tutmas\u0131 n\u0259tic\u0259sind\u0259 d\u00f6rd\u00fc qad\u0131n olmaqla 10 n\u0259f\u0259r \u015f\u0259hid olub, 34 n\u0259f\u0259r m\u00fcxt\u0259lif d\u0259r\u0259c\u0259li x\u0259sar\u0259tl\u0259r al\u0131b. Erm\u0259ni terroru n\u0259tic\u0259sind\u0259 16 ya\u015fl\u0131 Sevil v\u0259 qarda\u015f\u0131 8 ya\u015fl\u0131&hellip;","_links":{"self":[{"href":"https:\/\/arantv.az\/index.php?rest_route=\/wp\/v2\/posts\/388793"}],"collection":[{"href":"https:\/\/arantv.az\/index.php?rest_route=\/wp\/v2\/posts"}],"about":[{"href":"https:\/\/arantv.az\/index.php?rest_route=\/wp\/v2\/types\/post"}],"author":[{"embeddable":true,"href":"https:\/\/arantv.az\/index.php?rest_route=\/wp\/v2\/users\/2"}],"replies":[{"embeddable":true,"href":"https:\/\/arantv.az\/index.php?rest_route=%2Fwp%2Fv2%2Fcomments&post=388793"}],"version-history":[{"count":0,"href":"https:\/\/arantv.az\/index.php?rest_route=\/wp\/v2\/posts\/388793\/revisions"}],"wp:featuredmedia":[{"embeddable":true,"href":"https:\/\/arantv.az\/index.php?rest_route=\/wp\/v2\/media\/388794"}],"wp:attachment":[{"href":"https:\/\/arantv.az\/index.php?rest_route=%2Fwp%2Fv2%2Fmedia&parent=388793"}],"wp:term":[{"taxonomy":"category","embeddable":true,"href":"https:\/\/arantv.az\/index.php?rest_route=%2Fwp%2Fv2%2Fcategories&post=388793"},{"taxonomy":"post_tag","embeddable":true,"href":"https:\/\/arantv.az\/index.php?rest_route=%2Fwp%2Fv2%2Ftags&post=388793"}],"curies":[{"name":"wp","href":"https:\/\/api.w.org\/{rel}","templated":true}]}}