{"id":388796,"date":"2021-10-11T10:45:33","date_gmt":"2021-10-11T07:45:33","guid":{"rendered":"http:\/\/arantv.az\/?p=388796"},"modified":"2021-10-11T10:45:33","modified_gmt":"2021-10-11T07:45:33","slug":"deputat-tixaclara-gor%c9%99-qurumlari-t%c9%99nqid-edib","status":"publish","type":"post","link":"https:\/\/arantv.az\/?p=388796","title":{"rendered":"Deputat t\u0131xaclara g\u00f6r\u0259 qurumlar\u0131 t\u0259nqid edib"},"content":{"rendered":"<p><em>\u201cYa\u011f\u0131\u015f suyunun kanalizasiyalara ax\u0131d\u0131lmas\u0131 d\u00fcnyada Az\u0259rbaycan\u0131n yeniliyidir. Ba\u015fqa yerd\u0259 bel\u0259 bir \u015fey yoxdur\u201d.<\/em><\/p>\n<p><strong>ARANTV.AZ\u00a0 x\u0259b\u0259r verir ki,<\/strong>\u00a0bunu Milli M\u0259clisin deputat\u0131\u00a0<strong>Fazil Mustafa<\/strong>\u00a0parlamentin bu g\u00fcn ke\u00e7iril\u0259n plenar iclas\u0131nda deyib.<\/p>\n<p>O bildirib ki, m\u00fcvafiq qurumlar t\u0131xacla ba\u011fl\u0131 c\u0259miyy\u0259t\u0259 m\u0259lumat verm\u0259lidir:\u00a0<em>\u201cBu g\u00fcn paytaxtda \u00e7ox b\u00f6y\u00fck t\u0131xaclar var. Bak\u0131n\u0131n y\u00fckl\u0259nm\u0259sinin \u0259ziyy\u0259tini insanlar \u00e7\u0259km\u0259m\u0259lidir. Bununla ba\u011fl\u0131 insanlara m\u0259lumat verilm\u0259lidir\u201d.<\/em><\/p>\n","protected":false},"excerpt":{"rendered":"<p>\u201cYa\u011f\u0131\u015f suyunun kanalizasiyalara ax\u0131d\u0131lmas\u0131 d\u00fcnyada Az\u0259rbaycan\u0131n yeniliyidir. Ba\u015fqa yerd\u0259 bel\u0259 bir \u015fey yoxdur\u201d. ARANTV.AZ\u00a0 x\u0259b\u0259r verir ki,\u00a0bunu Milli M\u0259clisin deputat\u0131\u00a0Fazil Mustafa\u00a0parlamentin bu g\u00fcn ke\u00e7iril\u0259n plenar iclas\u0131nda deyib. O bildirib ki, m\u00fcvafiq qurumlar t\u0131xacla ba\u011fl\u0131 c\u0259miyy\u0259t\u0259 m\u0259lumat verm\u0259lidir:\u00a0\u201cBu g\u00fcn paytaxtda \u00e7ox b\u00f6y\u00fck t\u0131xaclar var. Bak\u0131n\u0131n y\u00fckl\u0259nm\u0259sinin \u0259ziyy\u0259tini insanlar \u00e7\u0259km\u0259m\u0259lidir. Bununla ba\u011fl\u0131 insanlara m\u0259lumat verilm\u0259lidir\u201d.<\/p>\n","protected":false},"author":2,"featured_media":388797,"comment_status":"closed","ping_status":"closed","sticky":false,"template":"","format":"standard","meta":{"om_disable_all_campaigns":false,"_monsterinsights_skip_tracking":false,"_monsterinsights_sitenote_active":false,"_monsterinsights_sitenote_note":"","_monsterinsights_sitenote_category":0},"categories":[26],"tags":[],"aioseo_notices":[],"gutentor_comment":0,"rttpg_featured_image_url":{"full":["https:\/\/arantv.az\/wp-content\/uploads\/2021\/10\/ae502204162701776386785625610618464.jpg",975,540,false],"landscape":["https:\/\/arantv.az\/wp-content\/uploads\/2021\/10\/ae502204162701776386785625610618464.jpg",975,540,false],"portraits":["https:\/\/arantv.az\/wp-content\/uploads\/2021\/10\/ae502204162701776386785625610618464.jpg",975,540,false],"thumbnail":["https:\/\/arantv.az\/wp-content\/uploads\/2021\/10\/ae502204162701776386785625610618464-500x280.jpg",500,280,true],"medium":["https:\/\/arantv.az\/wp-content\/uploads\/2021\/10\/ae502204162701776386785625610618464-660x365.jpg",660,365,true],"large":["https:\/\/arantv.az\/wp-content\/uploads\/2021\/10\/ae502204162701776386785625610618464-840x465.jpg",640,354,true],"1536x1536":["https:\/\/arantv.az\/wp-content\/uploads\/2021\/10\/ae502204162701776386785625610618464.jpg",975,540,false],"2048x2048":["https:\/\/arantv.az\/wp-content\/uploads\/2021\/10\/ae502204162701776386785625610618464.jpg",975,540,false],"post-thumbnail":["https:\/\/arantv.az\/wp-content\/uploads\/2021\/10\/ae502204162701776386785625610618464-240x172.jpg",240,172,true],"advps-thumb-one":["https:\/\/arantv.az\/wp-content\/uploads\/2021\/10\/ae502204162701776386785625610618464.jpg",975,540,false]},"rttpg_author":{"display_name":"V\u00fcsal Rafiqo\u011flu","author_link":"https:\/\/arantv.az\/?author=2"},"rttpg_comment":0,"rttpg_category":"<a href=\"https:\/\/arantv.az\/?cat=26\" rel=\"category\">Sosial<\/a>","rttpg_excerpt":"\u201cYa\u011f\u0131\u015f suyunun kanalizasiyalara ax\u0131d\u0131lmas\u0131 d\u00fcnyada Az\u0259rbaycan\u0131n yeniliyidir. Ba\u015fqa yerd\u0259 bel\u0259 bir \u015fey yoxdur\u201d. ARANTV.AZ\u00a0 x\u0259b\u0259r verir ki,\u00a0bunu Milli M\u0259clisin deputat\u0131\u00a0Fazil Mustafa\u00a0parlamentin bu g\u00fcn ke\u00e7iril\u0259n plenar iclas\u0131nda deyib. O bildirib ki, m\u00fcvafiq qurumlar t\u0131xacla ba\u011fl\u0131 c\u0259miyy\u0259t\u0259 m\u0259lumat verm\u0259lidir:\u00a0\u201cBu g\u00fcn paytaxtda \u00e7ox b\u00f6y\u00fck t\u0131xaclar var. Bak\u0131n\u0131n y\u00fckl\u0259nm\u0259sinin \u0259ziyy\u0259tini insanlar \u00e7\u0259km\u0259m\u0259lidir. Bununla ba\u011fl\u0131 insanlara m\u0259lumat verilm\u0259lidir\u201d.","_links":{"self":[{"href":"https:\/\/arantv.az\/index.php?rest_route=\/wp\/v2\/posts\/388796"}],"collection":[{"href":"https:\/\/arantv.az\/index.php?rest_route=\/wp\/v2\/posts"}],"about":[{"href":"https:\/\/arantv.az\/index.php?rest_route=\/wp\/v2\/types\/post"}],"author":[{"embeddable":true,"href":"https:\/\/arantv.az\/index.php?rest_route=\/wp\/v2\/users\/2"}],"replies":[{"embeddable":true,"href":"https:\/\/arantv.az\/index.php?rest_route=%2Fwp%2Fv2%2Fcomments&post=388796"}],"version-history":[{"count":0,"href":"https:\/\/arantv.az\/index.php?rest_route=\/wp\/v2\/posts\/388796\/revisions"}],"wp:featuredmedia":[{"embeddable":true,"href":"https:\/\/arantv.az\/index.php?rest_route=\/wp\/v2\/media\/388797"}],"wp:attachment":[{"href":"https:\/\/arantv.az\/index.php?rest_route=%2Fwp%2Fv2%2Fmedia&parent=388796"}],"wp:term":[{"taxonomy":"category","embeddable":true,"href":"https:\/\/arantv.az\/index.php?rest_route=%2Fwp%2Fv2%2Fcategories&post=388796"},{"taxonomy":"post_tag","embeddable":true,"href":"https:\/\/arantv.az\/index.php?rest_route=%2Fwp%2Fv2%2Ftags&post=388796"}],"curies":[{"name":"wp","href":"https:\/\/api.w.org\/{rel}","templated":true}]}}