{"id":388809,"date":"2021-10-11T10:57:48","date_gmt":"2021-10-11T07:57:48","guid":{"rendered":"http:\/\/arantv.az\/?p=388809"},"modified":"2021-10-11T10:57:48","modified_gmt":"2021-10-11T07:57:48","slug":"milli-m%c9%99clisd%c9%99-iran-muzakir%c9%99si-h%c9%99min-generallar-az%c9%99rbaycani-qorxuda-bilm%c9%99z","status":"publish","type":"post","link":"https:\/\/arantv.az\/?p=388809","title":{"rendered":"Milli M\u0259clisd\u0259 \u0130ran m\u00fczakir\u0259si: \u201cH\u0259min generallar Az\u0259rbaycan\u0131 qorxuda bilm\u0259z\u201d"},"content":{"rendered":"<p>\u201c\u0130randan Az\u0259rbaycana qar\u015f\u0131 t\u0259hdidl\u0259r s\u0259ngimir\u201d.<\/p>\n<p><strong>ARANTV.AZ<\/strong>-\u0131n m\u0259lumat\u0131na \u0259sas\u0259n, bunu parlamentin iclas\u0131nda deputat Ayd\u0131n Mirz\u0259zad\u0259 deyib.<\/p>\n<p>O bildirib ki, \u018frd\u0259bilin imam-c\u00fcm\u0259si H\u0259s\u0259n Amuli Az\u0259rbaycana qar\u015f\u0131 fikir s\u0259sl\u0259ndir\u0259nd\u0259 Bak\u0131 buna t\u0259mkinli yana\u015fd\u0131.<\/p>\n<div id=\"AdviadNativeVideo0\" class=\"AdviadNativeVideo\"><\/div>\n<p>\u201cAmma s\u0259n dem\u0259, bu, \u0130randan a\u00e7\u0131lan ilk snayper at\u0259\u015fi idi. Daha sonra t\u0259hdidl\u0259rin miqyas\u0131 geni\u015fl\u0259ndi. A\u011f\u0131r siyasi artilleriyalar i\u015f\u0259 d\u00fc\u015fd\u00fc\u201d, &#8211; dey\u0259 A.Mirz\u0259zad\u0259 \u0259lav\u0259 edib.<\/p>\n<p>Deputat bildirib ki, \u00f6t\u0259n il h\u0259mkar\u0131 B\u0259hruz M\u0259h\u0259rr\u0259mov \u0130rana qar\u015f\u0131 \u00e7\u0131x\u0131\u015f ed\u0259nd\u0259 Milli M\u0259clis ona t\u00f6hm\u0259t verib:<\/p>\n<p>\u201cAmma indi \u0130ran parlamentinin deputatlar\u0131 Az\u0259rbaycan\u0131 t\u0259hdid edir. Ancaq \u0130ran parlamenti onlar\u0131 c\u0259zaland\u0131rm\u0131r\u201d.<\/p>\n<p>A.Mirz\u0259zad\u0259 qeyd edib ki, \u0130ran\u0131n he\u00e7 bir general\u0131 Az\u0259rbaycan\u0131 qorxuda bilm\u0259z.<\/p>\n","protected":false},"excerpt":{"rendered":"<p>\u201c\u0130randan Az\u0259rbaycana qar\u015f\u0131 t\u0259hdidl\u0259r s\u0259ngimir\u201d. ARANTV.AZ-\u0131n m\u0259lumat\u0131na \u0259sas\u0259n, bunu parlamentin iclas\u0131nda deputat Ayd\u0131n Mirz\u0259zad\u0259 deyib. O bildirib ki, \u018frd\u0259bilin imam-c\u00fcm\u0259si H\u0259s\u0259n Amuli Az\u0259rbaycana qar\u015f\u0131 fikir s\u0259sl\u0259ndir\u0259nd\u0259 Bak\u0131 buna t\u0259mkinli yana\u015fd\u0131. \u201cAmma s\u0259n dem\u0259, bu, \u0130randan a\u00e7\u0131lan ilk snayper at\u0259\u015fi idi. Daha sonra t\u0259hdidl\u0259rin miqyas\u0131 geni\u015fl\u0259ndi. A\u011f\u0131r siyasi artilleriyalar i\u015f\u0259 d\u00fc\u015fd\u00fc\u201d, &#8211; dey\u0259 A.Mirz\u0259zad\u0259 \u0259lav\u0259 edib. Deputat bildirib ki, \u00f6t\u0259n il h\u0259mkar\u0131 B\u0259hruz M\u0259h\u0259rr\u0259mov \u0130rana qar\u015f\u0131 \u00e7\u0131x\u0131\u015f ed\u0259nd\u0259 Milli M\u0259clis ona t\u00f6hm\u0259t verib: \u201cAmma indi \u0130ran parlamentinin deputatlar\u0131 Az\u0259rbaycan\u0131 t\u0259hdid edir. Ancaq \u0130ran parlamenti onlar\u0131 c\u0259zaland\u0131rm\u0131r\u201d. A.Mirz\u0259zad\u0259 qeyd edib ki, \u0130ran\u0131n&hellip;<\/p>\n","protected":false},"author":2,"featured_media":388810,"comment_status":"closed","ping_status":"closed","sticky":false,"template":"","format":"standard","meta":{"om_disable_all_campaigns":false,"_monsterinsights_skip_tracking":false,"_monsterinsights_sitenote_active":false,"_monsterinsights_sitenote_note":"","_monsterinsights_sitenote_category":0},"categories":[4],"tags":[],"aioseo_notices":[],"gutentor_comment":0,"rttpg_featured_image_url":{"full":["https:\/\/arantv.az\/wp-content\/uploads\/2021\/10\/244791491_465577394656975_3397192019383858072_n.jpg",620,413,false],"landscape":["https:\/\/arantv.az\/wp-content\/uploads\/2021\/10\/244791491_465577394656975_3397192019383858072_n.jpg",620,413,false],"portraits":["https:\/\/arantv.az\/wp-content\/uploads\/2021\/10\/244791491_465577394656975_3397192019383858072_n.jpg",620,413,false],"thumbnail":["https:\/\/arantv.az\/wp-content\/uploads\/2021\/10\/244791491_465577394656975_3397192019383858072_n-500x280.jpg",500,280,true],"medium":["https:\/\/arantv.az\/wp-content\/uploads\/2021\/10\/244791491_465577394656975_3397192019383858072_n-548x365.jpg",548,365,true],"large":["https:\/\/arantv.az\/wp-content\/uploads\/2021\/10\/244791491_465577394656975_3397192019383858072_n.jpg",620,413,false],"1536x1536":["https:\/\/arantv.az\/wp-content\/uploads\/2021\/10\/244791491_465577394656975_3397192019383858072_n.jpg",620,413,false],"2048x2048":["https:\/\/arantv.az\/wp-content\/uploads\/2021\/10\/244791491_465577394656975_3397192019383858072_n.jpg",620,413,false],"post-thumbnail":["https:\/\/arantv.az\/wp-content\/uploads\/2021\/10\/244791491_465577394656975_3397192019383858072_n-240x172.jpg",240,172,true],"advps-thumb-one":["https:\/\/arantv.az\/wp-content\/uploads\/2021\/10\/244791491_465577394656975_3397192019383858072_n.jpg",620,413,false]},"rttpg_author":{"display_name":"V\u00fcsal Rafiqo\u011flu","author_link":"https:\/\/arantv.az\/?author=2"},"rttpg_comment":0,"rttpg_category":"<a href=\"https:\/\/arantv.az\/?cat=4\" rel=\"category\">Siyas\u0259t<\/a>","rttpg_excerpt":"\u201c\u0130randan Az\u0259rbaycana qar\u015f\u0131 t\u0259hdidl\u0259r s\u0259ngimir\u201d. ARANTV.AZ-\u0131n m\u0259lumat\u0131na \u0259sas\u0259n, bunu parlamentin iclas\u0131nda deputat Ayd\u0131n Mirz\u0259zad\u0259 deyib. O bildirib ki, \u018frd\u0259bilin imam-c\u00fcm\u0259si H\u0259s\u0259n Amuli Az\u0259rbaycana qar\u015f\u0131 fikir s\u0259sl\u0259ndir\u0259nd\u0259 Bak\u0131 buna t\u0259mkinli yana\u015fd\u0131. \u201cAmma s\u0259n dem\u0259, bu, \u0130randan a\u00e7\u0131lan ilk snayper at\u0259\u015fi idi. Daha sonra t\u0259hdidl\u0259rin miqyas\u0131 geni\u015fl\u0259ndi. A\u011f\u0131r siyasi artilleriyalar i\u015f\u0259 d\u00fc\u015fd\u00fc\u201d, &#8211; dey\u0259 A.Mirz\u0259zad\u0259 \u0259lav\u0259 edib.&hellip;","_links":{"self":[{"href":"https:\/\/arantv.az\/index.php?rest_route=\/wp\/v2\/posts\/388809"}],"collection":[{"href":"https:\/\/arantv.az\/index.php?rest_route=\/wp\/v2\/posts"}],"about":[{"href":"https:\/\/arantv.az\/index.php?rest_route=\/wp\/v2\/types\/post"}],"author":[{"embeddable":true,"href":"https:\/\/arantv.az\/index.php?rest_route=\/wp\/v2\/users\/2"}],"replies":[{"embeddable":true,"href":"https:\/\/arantv.az\/index.php?rest_route=%2Fwp%2Fv2%2Fcomments&post=388809"}],"version-history":[{"count":0,"href":"https:\/\/arantv.az\/index.php?rest_route=\/wp\/v2\/posts\/388809\/revisions"}],"wp:featuredmedia":[{"embeddable":true,"href":"https:\/\/arantv.az\/index.php?rest_route=\/wp\/v2\/media\/388810"}],"wp:attachment":[{"href":"https:\/\/arantv.az\/index.php?rest_route=%2Fwp%2Fv2%2Fmedia&parent=388809"}],"wp:term":[{"taxonomy":"category","embeddable":true,"href":"https:\/\/arantv.az\/index.php?rest_route=%2Fwp%2Fv2%2Fcategories&post=388809"},{"taxonomy":"post_tag","embeddable":true,"href":"https:\/\/arantv.az\/index.php?rest_route=%2Fwp%2Fv2%2Ftags&post=388809"}],"curies":[{"name":"wp","href":"https:\/\/api.w.org\/{rel}","templated":true}]}}