{"id":388818,"date":"2021-10-11T11:04:23","date_gmt":"2021-10-11T08:04:23","guid":{"rendered":"http:\/\/arantv.az\/?p=388818"},"modified":"2021-10-11T11:04:23","modified_gmt":"2021-10-11T08:04:23","slug":"erm%c9%99nil%c9%99r-hay-deyil-daha-bir-erm%c9%99ni-mifi-dagilir","status":"publish","type":"post","link":"https:\/\/arantv.az\/?p=388818","title":{"rendered":"Erm\u0259nil\u0259r hay deyil &#8211; Daha bir erm\u0259ni mifi da\u011f\u0131l\u0131r"},"content":{"rendered":"<p>Erm\u0259nil\u0259rin \u0259n q\u0259dim xalq olduqlar\u0131, d\u00f6vl\u0259tl\u0259ri oldu\u011fu\u00a0bar\u0259d\u0259 minillik\u00a0mifl\u0259ri alt-\u00fcst olur. Bu d\u0259f\u0259 Bibliyada erm\u0259ni xalq\u0131 v\u0259 d\u00f6vl\u0259t bar\u0259d\u0259 h\u0259r hans\u0131 bir m\u0259lumata rast g\u0259linm\u0259m\u0259si sosial \u015f\u0259b\u0259k\u0259l\u0259rd\u0259 \u0259n \u00e7ox v\u0259 q\u0131z\u011f\u0131n m\u00fczakir\u0259 olunan m\u0259s\u0259l\u0259y\u0259 \u00e7evrilib. M\u00fcq\u0259dd\u0259s kitabda h\u0259dsiz sayda tarixi yerl\u0259r, \u00f6lk\u0259 adlar\u0131 bar\u0259d\u0259 m\u0259lumatlara rast g\u0259lins\u0259 d\u0259, Erm\u0259nistan v\u0259 erm\u0259nil\u0259r bar\u0259d\u0259 bir k\u0259lm\u0259 d\u0259 olsun s\u00f6hb\u0259t getmir.<\/p>\n<p>V\u0259 bunu pol\u015fal\u0131 din xadimi Qustav Qe\u00e7enin &#8220;Bibliya tarixl\u0259ri&#8221; kitab\u0131n\u0131 oxuduqdan sonra daha d\u0259qiq bilm\u0259k olur. Moskvada 1989-cu ild\u0259 rus dilind\u0259 d\u0259rc olunan kitabda xristianl\u0131\u011f\u0131n m\u0259n\u015f\u0259yi bar\u0259d\u0259 bildirilir ki, y\u0259hudi c\u0259miyy\u0259ti v\u0259 d\u00f6vl\u0259ti xristianl\u0131\u011f\u0131n yaranmas\u0131ndan 11 \u0259sr \u0259vv\u0259l yaran\u0131b. Erm\u0259nistan v\u0259 erm\u0259nil\u0259r bar\u0259d\u0259 fakt olaca\u011f\u0131n\u0131 s\u0259birslizlikl\u0259 g\u00f6zl\u0259s\u0259l\u0259r d\u0259, buna rast g\u0259linmir, Qustav Qe\u00e7e bir d\u0259f\u0259 d\u0259 olsun onlar\u0131n\u00a0ad\u0131n\u0131 \u00e7\u0259kmir. Halbuki\u00a0erm\u0259nil\u0259r ill\u0259rdir ki, xristianl\u0131\u011f\u0131 ilk q\u0259bul ed\u0259n xalq kimi fantastik na\u011f\u0131llar v\u0259 r\u0259vay\u0259tl\u0259r uydururlar.<\/p>\n<p>B\u0259s han\u0131, sizin minillik tarixiniz? Pol\u015fal\u0131 tarix\u00e7i regionda siyasi-dini hadis\u0259l\u0259ri vur\u011fulay\u0131r, lakin qon\u015fular\u0131m\u0131zdan bir k\u0259lm\u0259 d\u0259 dan\u0131\u015fm\u0131r. B\u0259s niy\u0259 bel\u0259dir? B\u0259lli deyil. \u018fg\u0259r \u0259n q\u0259dim xalqlar s\u0131ras\u0131ndad\u0131rlarsa, niy\u0259 m\u0259\u015fhur alim onlar\u0131n adlar\u0131n\u0131 \u015f\u0259kmir? Erm\u0259nil\u0259r s\u0259s-k\u00fcy salacaqlar ki, polyak alimin erm\u0259nil\u0259ri g\u00f6rm\u0259y\u0259 g\u00f6z\u00fc yoxdur. Cavab odur ki, sad\u0259c\u0259 erm\u0259nil\u0259r h\u0259min tarixi d\u00f6vrd\u0259 olmay\u0131blar. V\u0259 yaxud Vladimir Putinin dediyi kimi, &#8220;onlar orada olmay\u0131b&#8221;.<\/p>\n<p>Bel\u0259 bir fikir d\u0259 var ki, erm\u0259nil\u0259rin d\u00fcnya tarixind\u0259 b\u00f6y\u00fck rolu bar\u0259d\u0259 mifl\u0259r \u015fi\u015firdilib. \u00d6z\u00fc d\u0259 erm\u0259nil\u0259rin rolu bar\u0259d\u0259 el\u0259 erm\u0259nil\u0259r \u00f6zl\u0259ri yaz\u0131r. \u018fg\u0259r erm\u0259nil\u0259r h\u0259qiq\u0259t\u0259n q\u0259dim xalqd\u0131rlarsa, niy\u0259 pol\u015fal\u0131 alim onlar bar\u0259sind\u0259 bir yerd\u0259 d\u0259 olsun qeyd aparm\u0131r? Axtar\u0131\u015f sisteml\u0259rind\u0259 erm\u0259ni v\u0259 Bibliya s\u00f6zl\u0259rini axtar\u0131\u015fa ver\u0259nd\u0259 bir k\u0259lm\u0259 d\u0259 s\u00f6z tapmaq m\u00fcmk\u00fcn deyil. Yaln\u0131z erm\u0259ni\u00a0m\u00fc\u0259llifl\u0259rinin yazd\u0131qlar\u0131 &#8220;\u0259s\u0259rl\u0259rd\u0259&#8221; bu bar\u0259d\u0259 dan\u0131\u015f\u0131l\u0131r. Onlar da erm\u0259nil\u0259rin ya\u015fad\u0131qlar\u0131 \u0259razil\u0259rin Ki\u00e7ik Asiya, h\u0259tta F\u0259l\u0259stin olduqlar\u0131 g\u00f6st\u0259rilir. &#8220;Erm\u0259nistan&#8221; v\u0259 erm\u0259ni etnosu bar\u0259d\u0259 Bibliyada bir k\u0259lm\u0259 d\u0259 olsun s\u00f6z ke\u00e7mir. Sad\u0259c\u0259 erm\u0259nil\u0259r Bibliyada Ararat (A\u011fr\u0131) da\u011f\u0131ndan s\u00f6z ke\u00e7diyini iddia edirl\u0259r. Lakin ax\u0131 bu da\u011f niy\u0259 erm\u0259ni da\u011f\u0131 kimi ke\u00e7m\u0259lidir? N\u0259 vaxt bunu \u00f6z\u0259ll\u0259\u015fdirdil\u0259r? Erm\u0259nil\u0259rin tez-tez ad\u0131n\u0131 \u00e7\u0259kdikl\u0259ri Urartu d\u00f6vl\u0259tin\u0259 g\u0259ldikd\u0259, bu he\u00e7 bir vaxt erm\u0259ni d\u00f6vl\u0259ti olmay\u0131b.<\/p>\n<div>\n<div id=\"AdviadNativeVideo0\" class=\"AdviadNativeVideo\">\n<div class=\"adviad-inboard\">\n<div>\n<div class=\"adviad-ui-components-label\">N\u0259tic\u0259d\u0259 onu dey\u0259 bil\u0259rik ki, Bibliyada erm\u0259nil\u0259r v\u0259 erm\u0259ni d\u00f6vl\u0259ti bir yerd\u0259 ke\u00e7mir v\u0259 onlar\u0131n erk\u0259n xristianl\u0131q d\u00f6vrl\u0259rind\u0259 d\u00fcnya tarixin\u0259 t\u0259sir etm\u0259kl\u0259ri d\u0259 s\u0131f\u0131ra b\u0259rab\u0259rdir. Ba\u015fqa s\u00f6zl\u0259 o zaman erm\u0259nil\u0259r mill\u0259t v\u0259 d\u00f6vl\u0259t kimi m\u00f6vcud olmay\u0131blar. \u0130ll\u0259r uzunu erm\u0259ni xalq\u0131n\u0131 &#8220;hay&#8221;, \u00f6lk\u0259lrini is\u0259 &#8220;Hayastan&#8221; kimi xarakteriz\u0259 edilm\u0259sin\u0259 \u00f6yr\u0259\u015fmi\u015fik. \u018fslind\u0259 is\u0259 bu k\u0259lm\u0259l\u0259rin Erm\u0259nistana n\u0259 co\u011frafi, n\u0259 d\u0259 m\u0259d\u0259ni-tarixi yax\u0131nl\u0131\u011f\u0131 var. Hay xalq\u0131 18-19-cu \u0259srl\u0259rd\u0259 m\u0259rh\u0259l\u0259 il\u0259 Balkanlara, oradan Qafqaza k\u00f6\u00e7\u00fcb. Qafqazda is\u0259 Qafqaz Albaniyas\u0131n\u0131n irsini v\u0259 tarixi abid\u0259l\u0259rind\u0259n istifad\u0259 etm\u0259y\u0259 ba\u015flay\u0131blar. Bu m\u0259nada haylar\u0131n erm\u0259nil\u0259r\u0259 he\u00e7 bir aidiyyat\u0131 yoxdur.<\/div>\n<\/div>\n<\/div>\n<\/div>\n<\/div>\n","protected":false},"excerpt":{"rendered":"<p>Erm\u0259nil\u0259rin \u0259n q\u0259dim xalq olduqlar\u0131, d\u00f6vl\u0259tl\u0259ri oldu\u011fu\u00a0bar\u0259d\u0259 minillik\u00a0mifl\u0259ri alt-\u00fcst olur. Bu d\u0259f\u0259 Bibliyada erm\u0259ni xalq\u0131 v\u0259 d\u00f6vl\u0259t bar\u0259d\u0259 h\u0259r hans\u0131 bir m\u0259lumata rast g\u0259linm\u0259m\u0259si sosial \u015f\u0259b\u0259k\u0259l\u0259rd\u0259 \u0259n \u00e7ox v\u0259 q\u0131z\u011f\u0131n m\u00fczakir\u0259 olunan m\u0259s\u0259l\u0259y\u0259 \u00e7evrilib. M\u00fcq\u0259dd\u0259s kitabda h\u0259dsiz sayda tarixi yerl\u0259r, \u00f6lk\u0259 adlar\u0131 bar\u0259d\u0259 m\u0259lumatlara rast g\u0259lins\u0259 d\u0259, Erm\u0259nistan v\u0259 erm\u0259nil\u0259r bar\u0259d\u0259 bir k\u0259lm\u0259 d\u0259 olsun s\u00f6hb\u0259t getmir. V\u0259 bunu pol\u015fal\u0131 din xadimi Qustav Qe\u00e7enin &#8220;Bibliya tarixl\u0259ri&#8221; kitab\u0131n\u0131 oxuduqdan sonra daha d\u0259qiq bilm\u0259k olur. Moskvada 1989-cu ild\u0259 rus dilind\u0259 d\u0259rc olunan kitabda xristianl\u0131\u011f\u0131n m\u0259n\u015f\u0259yi bar\u0259d\u0259 bildirilir ki, y\u0259hudi c\u0259miyy\u0259ti v\u0259 d\u00f6vl\u0259ti&hellip;<\/p>\n","protected":false},"author":2,"featured_media":388819,"comment_status":"closed","ping_status":"closed","sticky":false,"template":"","format":"standard","meta":{"om_disable_all_campaigns":false,"_monsterinsights_skip_tracking":false,"_monsterinsights_sitenote_active":false,"_monsterinsights_sitenote_note":"","_monsterinsights_sitenote_category":0},"categories":[7],"tags":[],"aioseo_notices":[],"gutentor_comment":0,"rttpg_featured_image_url":{"full":["https:\/\/arantv.az\/wp-content\/uploads\/2021\/10\/986559_000.jpg",800,600,false],"landscape":["https:\/\/arantv.az\/wp-content\/uploads\/2021\/10\/986559_000.jpg",800,600,false],"portraits":["https:\/\/arantv.az\/wp-content\/uploads\/2021\/10\/986559_000.jpg",800,600,false],"thumbnail":["https:\/\/arantv.az\/wp-content\/uploads\/2021\/10\/986559_000-500x280.jpg",500,280,true],"medium":["https:\/\/arantv.az\/wp-content\/uploads\/2021\/10\/986559_000-487x365.jpg",487,365,true],"large":["https:\/\/arantv.az\/wp-content\/uploads\/2021\/10\/986559_000.jpg",640,480,false],"1536x1536":["https:\/\/arantv.az\/wp-content\/uploads\/2021\/10\/986559_000.jpg",800,600,false],"2048x2048":["https:\/\/arantv.az\/wp-content\/uploads\/2021\/10\/986559_000.jpg",800,600,false],"post-thumbnail":["https:\/\/arantv.az\/wp-content\/uploads\/2021\/10\/986559_000-240x172.jpg",240,172,true],"advps-thumb-one":["https:\/\/arantv.az\/wp-content\/uploads\/2021\/10\/986559_000.jpg",800,600,false]},"rttpg_author":{"display_name":"V\u00fcsal Rafiqo\u011flu","author_link":"https:\/\/arantv.az\/?author=2"},"rttpg_comment":0,"rttpg_category":"<a href=\"https:\/\/arantv.az\/?cat=7\" rel=\"category\">D\u00fcnya<\/a>","rttpg_excerpt":"Erm\u0259nil\u0259rin \u0259n q\u0259dim xalq olduqlar\u0131, d\u00f6vl\u0259tl\u0259ri oldu\u011fu\u00a0bar\u0259d\u0259 minillik\u00a0mifl\u0259ri alt-\u00fcst olur. Bu d\u0259f\u0259 Bibliyada erm\u0259ni xalq\u0131 v\u0259 d\u00f6vl\u0259t bar\u0259d\u0259 h\u0259r hans\u0131 bir m\u0259lumata rast g\u0259linm\u0259m\u0259si sosial \u015f\u0259b\u0259k\u0259l\u0259rd\u0259 \u0259n \u00e7ox v\u0259 q\u0131z\u011f\u0131n m\u00fczakir\u0259 olunan m\u0259s\u0259l\u0259y\u0259 \u00e7evrilib. M\u00fcq\u0259dd\u0259s kitabda h\u0259dsiz sayda tarixi yerl\u0259r, \u00f6lk\u0259 adlar\u0131 bar\u0259d\u0259 m\u0259lumatlara rast g\u0259lins\u0259 d\u0259, Erm\u0259nistan v\u0259 erm\u0259nil\u0259r bar\u0259d\u0259 bir k\u0259lm\u0259 d\u0259 olsun&hellip;","_links":{"self":[{"href":"https:\/\/arantv.az\/index.php?rest_route=\/wp\/v2\/posts\/388818"}],"collection":[{"href":"https:\/\/arantv.az\/index.php?rest_route=\/wp\/v2\/posts"}],"about":[{"href":"https:\/\/arantv.az\/index.php?rest_route=\/wp\/v2\/types\/post"}],"author":[{"embeddable":true,"href":"https:\/\/arantv.az\/index.php?rest_route=\/wp\/v2\/users\/2"}],"replies":[{"embeddable":true,"href":"https:\/\/arantv.az\/index.php?rest_route=%2Fwp%2Fv2%2Fcomments&post=388818"}],"version-history":[{"count":0,"href":"https:\/\/arantv.az\/index.php?rest_route=\/wp\/v2\/posts\/388818\/revisions"}],"wp:featuredmedia":[{"embeddable":true,"href":"https:\/\/arantv.az\/index.php?rest_route=\/wp\/v2\/media\/388819"}],"wp:attachment":[{"href":"https:\/\/arantv.az\/index.php?rest_route=%2Fwp%2Fv2%2Fmedia&parent=388818"}],"wp:term":[{"taxonomy":"category","embeddable":true,"href":"https:\/\/arantv.az\/index.php?rest_route=%2Fwp%2Fv2%2Fcategories&post=388818"},{"taxonomy":"post_tag","embeddable":true,"href":"https:\/\/arantv.az\/index.php?rest_route=%2Fwp%2Fv2%2Ftags&post=388818"}],"curies":[{"name":"wp","href":"https:\/\/api.w.org\/{rel}","templated":true}]}}