{"id":388827,"date":"2021-10-11T11:11:32","date_gmt":"2021-10-11T08:11:32","guid":{"rendered":"http:\/\/arantv.az\/?p=388827"},"modified":"2021-10-11T11:11:32","modified_gmt":"2021-10-11T08:11:32","slug":"s%c9%99hidl%c9%99rin-xatir%c9%99si-q%c9%99lbl%c9%99rd%c9%99-%c9%99b%c9%99di-yasayir","status":"publish","type":"post","link":"https:\/\/arantv.az\/?p=388827","title":{"rendered":"\u015e\u0259hidl\u0259rin xatir\u0259si q\u0259lbl\u0259rd\u0259 \u0259b\u0259di ya\u015fay\u0131r"},"content":{"rendered":"<p>Torpaqlar\u0131m\u0131z\u0131n i\u015f\u011faldan azad edilm\u0259si u\u011frunda d\u00f6y\u00fc\u015fl\u0259rd\u0259 canlar\u0131ndan ke\u00e7\u0259n Zaqatala rayonunun igid o\u011fullar\u0131 \u2013 Yeni Suvagil k\u0259ndind\u0259n F\u0259qan M\u0259mm\u0259dovun, Mu\u011fanl\u0131 k\u0259ndind\u0259n Nicat X\u0259lillinin, Qandax k\u0259ndind\u0259n Ayd\u0131n \u018fhm\u0259dli v\u0259 \u015eahin \u0130sg\u0259nd\u0259rovun \u015f\u0259had\u0259t\u0259 y\u00fcks\u0259lm\u0259l\u0259rinin birinci ild\u00f6n\u00fcm\u00fc il\u0259 \u0259laq\u0259dar an\u0131m m\u0259rasiml\u0259ri ke\u00e7irilib.<\/p>\n<p><strong>ARANTV.AZ\u00a0 x\u0259b\u0259r verir ki,<\/strong>\u00a0\u015f\u0259hidl\u0259rin ild\u00f6n\u00fcm\u00fc il\u0259 \u0259laq\u0259dar rayon icra hakimiyy\u0259tinin, h\u00fcquq-m\u00fchafiz\u0259 orqanlar\u0131n\u0131n r\u0259hb\u0259rl\u0259ri, ictimaiyy\u0259tin n\u00fcmay\u0259nd\u0259l\u0259ri v\u0259 k\u0259nd sakinl\u0259ri onlar\u0131n m\u0259zarlar\u0131n\u0131 ziyar\u0259t ed\u0259r\u0259k \u00fcz\u0259rl\u0259rin\u0259 g\u00fcl d\u0259st\u0259l\u0259ri d\u00fcz\u00fcb, xatir\u0259l\u0259rini ehtiramla yad edib, ruhlar\u0131na dualar oxuyublar.<\/p>\n<p>M\u0259rasiml\u0259rd\u0259 \u00f6t\u0259n il sentyabr\u0131n 27-d\u0259 ba\u015flanan v\u0259 Az\u0259rbaycan Prezidenti, M\u00fcz\u0259ff\u0259r Ali Ba\u015f Komandan \u0130lham \u018fliyevin r\u0259hb\u0259rliyi il\u0259 Z\u0259f\u0259rl\u0259 ba\u015fa \u00e7atan 44 g\u00fcnl\u00fck V\u0259t\u0259n m\u00fcharib\u0259sind\u0259 qazan\u0131lan Q\u0259l\u0259b\u0259nin tarixi \u0259h\u0259miyy\u0259tind\u0259n, \u015f\u0259hidl\u0259rin ke\u00e7diyi \u015f\u0259r\u0259fli d\u00f6y\u00fc\u015f yolundan dan\u0131\u015f\u0131l\u0131b, onlar\u0131n \u0259ziz xatir\u0259sinin q\u0259lbl\u0259rd\u0259 \u0259b\u0259di ya\u015fayaca\u011f\u0131 vur\u011fulan\u0131b.<\/p>\n<p>Sonra Rayonun Qandax k\u0259ndind\u0259 \u015f\u0259hid Ayd\u0131n \u018fhm\u0259dlinin xatir\u0259sin\u0259 in\u015fa edilmi\u015f abid\u0259-bula\u011f\u0131n a\u00e7\u0131l\u0131\u015f\u0131 olub.<\/p>\n<p>\u015e\u0259hidl\u0259rin valideynl\u0259ri \u015f\u0259hid ail\u0259l\u0259rin\u0259 g\u00f6st\u0259ril\u0259n diqq\u0259t v\u0259 qay\u011f\u0131ya g\u00f6r\u0259 \u00f6lk\u0259 r\u0259hb\u0259rliyin\u0259 minn\u0259tdarl\u0131qlar\u0131n\u0131 bildiribl\u0259r.<\/p>\n<p>V\u0259t\u0259n m\u00fcharib\u0259sind\u0259 \u015f\u0259had\u0259t\u0259 y\u00fcks\u0259l\u0259n \u015f\u0259hidl\u0259rin ild\u00f6n\u00fcm\u00fc il\u0259 \u0259laq\u0259dar Zaqatalada an\u0131m m\u0259rasiml\u0259ri davam edir.<\/p>\n","protected":false},"excerpt":{"rendered":"<p>Torpaqlar\u0131m\u0131z\u0131n i\u015f\u011faldan azad edilm\u0259si u\u011frunda d\u00f6y\u00fc\u015fl\u0259rd\u0259 canlar\u0131ndan ke\u00e7\u0259n Zaqatala rayonunun igid o\u011fullar\u0131 \u2013 Yeni Suvagil k\u0259ndind\u0259n F\u0259qan M\u0259mm\u0259dovun, Mu\u011fanl\u0131 k\u0259ndind\u0259n Nicat X\u0259lillinin, Qandax k\u0259ndind\u0259n Ayd\u0131n \u018fhm\u0259dli v\u0259 \u015eahin \u0130sg\u0259nd\u0259rovun \u015f\u0259had\u0259t\u0259 y\u00fcks\u0259lm\u0259l\u0259rinin birinci ild\u00f6n\u00fcm\u00fc il\u0259 \u0259laq\u0259dar an\u0131m m\u0259rasiml\u0259ri ke\u00e7irilib. ARANTV.AZ\u00a0 x\u0259b\u0259r verir ki,\u00a0\u015f\u0259hidl\u0259rin ild\u00f6n\u00fcm\u00fc il\u0259 \u0259laq\u0259dar rayon icra hakimiyy\u0259tinin, h\u00fcquq-m\u00fchafiz\u0259 orqanlar\u0131n\u0131n r\u0259hb\u0259rl\u0259ri, ictimaiyy\u0259tin n\u00fcmay\u0259nd\u0259l\u0259ri v\u0259 k\u0259nd sakinl\u0259ri onlar\u0131n m\u0259zarlar\u0131n\u0131 ziyar\u0259t ed\u0259r\u0259k \u00fcz\u0259rl\u0259rin\u0259 g\u00fcl d\u0259st\u0259l\u0259ri d\u00fcz\u00fcb, xatir\u0259l\u0259rini ehtiramla yad edib, ruhlar\u0131na dualar oxuyublar. M\u0259rasiml\u0259rd\u0259 \u00f6t\u0259n il sentyabr\u0131n 27-d\u0259 ba\u015flanan v\u0259 Az\u0259rbaycan Prezidenti, M\u00fcz\u0259ff\u0259r Ali Ba\u015f Komandan \u0130lham \u018fliyevin r\u0259hb\u0259rliyi il\u0259 Z\u0259f\u0259rl\u0259 ba\u015fa&hellip;<\/p>\n","protected":false},"author":2,"featured_media":388828,"comment_status":"closed","ping_status":"closed","sticky":false,"template":"","format":"standard","meta":{"om_disable_all_campaigns":false,"_monsterinsights_skip_tracking":false,"_monsterinsights_sitenote_active":false,"_monsterinsights_sitenote_note":"","_monsterinsights_sitenote_category":0},"categories":[26],"tags":[],"aioseo_notices":[],"gutentor_comment":0,"rttpg_featured_image_url":{"full":["https:\/\/arantv.az\/wp-content\/uploads\/2021\/10\/a70dc404163393973487573522910184763.jpg",975,540,false],"landscape":["https:\/\/arantv.az\/wp-content\/uploads\/2021\/10\/a70dc404163393973487573522910184763.jpg",975,540,false],"portraits":["https:\/\/arantv.az\/wp-content\/uploads\/2021\/10\/a70dc404163393973487573522910184763.jpg",975,540,false],"thumbnail":["https:\/\/arantv.az\/wp-content\/uploads\/2021\/10\/a70dc404163393973487573522910184763-500x280.jpg",500,280,true],"medium":["https:\/\/arantv.az\/wp-content\/uploads\/2021\/10\/a70dc404163393973487573522910184763-660x365.jpg",660,365,true],"large":["https:\/\/arantv.az\/wp-content\/uploads\/2021\/10\/a70dc404163393973487573522910184763-840x465.jpg",640,354,true],"1536x1536":["https:\/\/arantv.az\/wp-content\/uploads\/2021\/10\/a70dc404163393973487573522910184763.jpg",975,540,false],"2048x2048":["https:\/\/arantv.az\/wp-content\/uploads\/2021\/10\/a70dc404163393973487573522910184763.jpg",975,540,false],"post-thumbnail":["https:\/\/arantv.az\/wp-content\/uploads\/2021\/10\/a70dc404163393973487573522910184763-240x172.jpg",240,172,true],"advps-thumb-one":["https:\/\/arantv.az\/wp-content\/uploads\/2021\/10\/a70dc404163393973487573522910184763.jpg",975,540,false]},"rttpg_author":{"display_name":"V\u00fcsal Rafiqo\u011flu","author_link":"https:\/\/arantv.az\/?author=2"},"rttpg_comment":0,"rttpg_category":"<a href=\"https:\/\/arantv.az\/?cat=26\" rel=\"category\">Sosial<\/a>","rttpg_excerpt":"Torpaqlar\u0131m\u0131z\u0131n i\u015f\u011faldan azad edilm\u0259si u\u011frunda d\u00f6y\u00fc\u015fl\u0259rd\u0259 canlar\u0131ndan ke\u00e7\u0259n Zaqatala rayonunun igid o\u011fullar\u0131 \u2013 Yeni Suvagil k\u0259ndind\u0259n F\u0259qan M\u0259mm\u0259dovun, Mu\u011fanl\u0131 k\u0259ndind\u0259n Nicat X\u0259lillinin, Qandax k\u0259ndind\u0259n Ayd\u0131n \u018fhm\u0259dli v\u0259 \u015eahin \u0130sg\u0259nd\u0259rovun \u015f\u0259had\u0259t\u0259 y\u00fcks\u0259lm\u0259l\u0259rinin birinci ild\u00f6n\u00fcm\u00fc il\u0259 \u0259laq\u0259dar an\u0131m m\u0259rasiml\u0259ri ke\u00e7irilib. ARANTV.AZ\u00a0 x\u0259b\u0259r verir ki,\u00a0\u015f\u0259hidl\u0259rin ild\u00f6n\u00fcm\u00fc il\u0259 \u0259laq\u0259dar rayon icra hakimiyy\u0259tinin, h\u00fcquq-m\u00fchafiz\u0259 orqanlar\u0131n\u0131n r\u0259hb\u0259rl\u0259ri, ictimaiyy\u0259tin n\u00fcmay\u0259nd\u0259l\u0259ri v\u0259 k\u0259nd&hellip;","_links":{"self":[{"href":"https:\/\/arantv.az\/index.php?rest_route=\/wp\/v2\/posts\/388827"}],"collection":[{"href":"https:\/\/arantv.az\/index.php?rest_route=\/wp\/v2\/posts"}],"about":[{"href":"https:\/\/arantv.az\/index.php?rest_route=\/wp\/v2\/types\/post"}],"author":[{"embeddable":true,"href":"https:\/\/arantv.az\/index.php?rest_route=\/wp\/v2\/users\/2"}],"replies":[{"embeddable":true,"href":"https:\/\/arantv.az\/index.php?rest_route=%2Fwp%2Fv2%2Fcomments&post=388827"}],"version-history":[{"count":0,"href":"https:\/\/arantv.az\/index.php?rest_route=\/wp\/v2\/posts\/388827\/revisions"}],"wp:featuredmedia":[{"embeddable":true,"href":"https:\/\/arantv.az\/index.php?rest_route=\/wp\/v2\/media\/388828"}],"wp:attachment":[{"href":"https:\/\/arantv.az\/index.php?rest_route=%2Fwp%2Fv2%2Fmedia&parent=388827"}],"wp:term":[{"taxonomy":"category","embeddable":true,"href":"https:\/\/arantv.az\/index.php?rest_route=%2Fwp%2Fv2%2Fcategories&post=388827"},{"taxonomy":"post_tag","embeddable":true,"href":"https:\/\/arantv.az\/index.php?rest_route=%2Fwp%2Fv2%2Ftags&post=388827"}],"curies":[{"name":"wp","href":"https:\/\/api.w.org\/{rel}","templated":true}]}}