{"id":388830,"date":"2021-10-11T11:12:03","date_gmt":"2021-10-11T08:12:03","guid":{"rendered":"http:\/\/arantv.az\/?p=388830"},"modified":"2021-10-11T11:12:03","modified_gmt":"2021-10-11T08:12:03","slug":"az%c9%99rbaycan-v%c9%99-rusiya-dini-liderl%c9%99rinin-gorusu-olacaq","status":"publish","type":"post","link":"https:\/\/arantv.az\/?p=388830","title":{"rendered":"Az\u0259rbaycan v\u0259 Rusiya dini liderl\u0259rinin g\u00f6r\u00fc\u015f\u00fc olacaq"},"content":{"rendered":"<div class=\"content lead font-weight-normal\">\n<p>Qafqaz M\u00fcs\u0259lmanlar\u0131 \u0130dar\u0259sinin s\u0259dri \u015eeyx\u00fclislam\u00a0<strong>Allah\u015f\u00fck\u00fcr Pa\u015fazad\u0259<\/strong>\u00a0oktyabr\u0131n 11-14-d\u0259 Rusiya Federasiyas\u0131nda s\u0259f\u0259rd\u0259 olacaq.<\/p>\n<p>QM\u0130-nin M\u0259tbuat Xidm\u0259tind\u0259n\u00a0&#8220;\u0130ki sahil&#8221;\u0259 veril\u0259n m\u0259lumata g\u00f6r\u0259, s\u0259f\u0259r Moskva v\u0259 b\u00fct\u00fcn Rusiya Patriarx\u0131 Kirillin d\u0259v\u0259tin\u0259 \u0259sas\u0259n h\u0259yata ke\u00e7irilir. S\u0259f\u0259r \u00e7\u0259r\u00e7iv\u0259sind\u0259 \u015eeyx\u00fclislam A. Pa\u015fazad\u0259 Patriarx Kirill\u0259 g\u00f6r\u00fc\u015f\u0259c\u0259kdir. Moskvada, habel\u0259, dini liderl\u0259rin \u00fc\u00e7t\u0259r\u0259fli g\u00f6r\u00fc\u015f\u00fc g\u00f6zl\u0259nilir.<\/p>\n<p>Qafqaz M\u00fcs\u0259lmanlar\u0131 \u0130dar\u0259si Moskva \u015f\u0259h\u0259rind\u0259 Az\u0259rbaycan\u0131n Rusiya Federasiyas\u0131ndak\u0131 s\u0259firliyi il\u0259 birg\u0259 az\u0259rbaycanl\u0131lar v\u0259 dig\u0259r dini konfessiya n\u00fcmay\u0259nd\u0259l\u0259rinin i\u015ftirak\u0131 il\u0259 V\u0259t\u0259n m\u00fcharib\u0259si \u015f\u0259hidl\u0259rinin an\u0131m m\u0259rasimini t\u0259\u015fkil ed\u0259c\u0259kdir.<\/p>\n<div class=\"clearfix\"><\/div>\n<\/div>\n<div class=\"sharing my-2 row no-gutters d-print-none\">\n<div class=\"col-md-3\"><\/div>\n<\/div>\n","protected":false},"excerpt":{"rendered":"<p>Qafqaz M\u00fcs\u0259lmanlar\u0131 \u0130dar\u0259sinin s\u0259dri \u015eeyx\u00fclislam\u00a0Allah\u015f\u00fck\u00fcr Pa\u015fazad\u0259\u00a0oktyabr\u0131n 11-14-d\u0259 Rusiya Federasiyas\u0131nda s\u0259f\u0259rd\u0259 olacaq. QM\u0130-nin M\u0259tbuat Xidm\u0259tind\u0259n\u00a0&#8220;\u0130ki sahil&#8221;\u0259 veril\u0259n m\u0259lumata g\u00f6r\u0259, s\u0259f\u0259r Moskva v\u0259 b\u00fct\u00fcn Rusiya Patriarx\u0131 Kirillin d\u0259v\u0259tin\u0259 \u0259sas\u0259n h\u0259yata ke\u00e7irilir. S\u0259f\u0259r \u00e7\u0259r\u00e7iv\u0259sind\u0259 \u015eeyx\u00fclislam A. Pa\u015fazad\u0259 Patriarx Kirill\u0259 g\u00f6r\u00fc\u015f\u0259c\u0259kdir. Moskvada, habel\u0259, dini liderl\u0259rin \u00fc\u00e7t\u0259r\u0259fli g\u00f6r\u00fc\u015f\u00fc g\u00f6zl\u0259nilir. Qafqaz M\u00fcs\u0259lmanlar\u0131 \u0130dar\u0259si Moskva \u015f\u0259h\u0259rind\u0259 Az\u0259rbaycan\u0131n Rusiya Federasiyas\u0131ndak\u0131 s\u0259firliyi il\u0259 birg\u0259 az\u0259rbaycanl\u0131lar v\u0259 dig\u0259r dini konfessiya n\u00fcmay\u0259nd\u0259l\u0259rinin i\u015ftirak\u0131 il\u0259 V\u0259t\u0259n m\u00fcharib\u0259si \u015f\u0259hidl\u0259rinin an\u0131m m\u0259rasimini t\u0259\u015fkil ed\u0259c\u0259kdir.<\/p>\n","protected":false},"author":2,"featured_media":388831,"comment_status":"closed","ping_status":"closed","sticky":false,"template":"","format":"standard","meta":{"om_disable_all_campaigns":false,"_monsterinsights_skip_tracking":false,"_monsterinsights_sitenote_active":false,"_monsterinsights_sitenote_note":"","_monsterinsights_sitenote_category":0},"categories":[26],"tags":[],"aioseo_notices":[],"gutentor_comment":0,"rttpg_featured_image_url":{"full":["https:\/\/arantv.az\/wp-content\/uploads\/2021\/10\/426ea289158953201032625743810916110.jpg",975,540,false],"landscape":["https:\/\/arantv.az\/wp-content\/uploads\/2021\/10\/426ea289158953201032625743810916110.jpg",975,540,false],"portraits":["https:\/\/arantv.az\/wp-content\/uploads\/2021\/10\/426ea289158953201032625743810916110.jpg",975,540,false],"thumbnail":["https:\/\/arantv.az\/wp-content\/uploads\/2021\/10\/426ea289158953201032625743810916110-500x280.jpg",500,280,true],"medium":["https:\/\/arantv.az\/wp-content\/uploads\/2021\/10\/426ea289158953201032625743810916110-660x365.jpg",660,365,true],"large":["https:\/\/arantv.az\/wp-content\/uploads\/2021\/10\/426ea289158953201032625743810916110-840x465.jpg",640,354,true],"1536x1536":["https:\/\/arantv.az\/wp-content\/uploads\/2021\/10\/426ea289158953201032625743810916110.jpg",975,540,false],"2048x2048":["https:\/\/arantv.az\/wp-content\/uploads\/2021\/10\/426ea289158953201032625743810916110.jpg",975,540,false],"post-thumbnail":["https:\/\/arantv.az\/wp-content\/uploads\/2021\/10\/426ea289158953201032625743810916110-240x172.jpg",240,172,true],"advps-thumb-one":["https:\/\/arantv.az\/wp-content\/uploads\/2021\/10\/426ea289158953201032625743810916110.jpg",975,540,false]},"rttpg_author":{"display_name":"V\u00fcsal Rafiqo\u011flu","author_link":"https:\/\/arantv.az\/?author=2"},"rttpg_comment":0,"rttpg_category":"<a href=\"https:\/\/arantv.az\/?cat=26\" rel=\"category\">Sosial<\/a>","rttpg_excerpt":"Qafqaz M\u00fcs\u0259lmanlar\u0131 \u0130dar\u0259sinin s\u0259dri \u015eeyx\u00fclislam\u00a0Allah\u015f\u00fck\u00fcr Pa\u015fazad\u0259\u00a0oktyabr\u0131n 11-14-d\u0259 Rusiya Federasiyas\u0131nda s\u0259f\u0259rd\u0259 olacaq. QM\u0130-nin M\u0259tbuat Xidm\u0259tind\u0259n\u00a0&#8220;\u0130ki sahil&#8221;\u0259 veril\u0259n m\u0259lumata g\u00f6r\u0259, s\u0259f\u0259r Moskva v\u0259 b\u00fct\u00fcn Rusiya Patriarx\u0131 Kirillin d\u0259v\u0259tin\u0259 \u0259sas\u0259n h\u0259yata ke\u00e7irilir. S\u0259f\u0259r \u00e7\u0259r\u00e7iv\u0259sind\u0259 \u015eeyx\u00fclislam A. Pa\u015fazad\u0259 Patriarx Kirill\u0259 g\u00f6r\u00fc\u015f\u0259c\u0259kdir. Moskvada, habel\u0259, dini liderl\u0259rin \u00fc\u00e7t\u0259r\u0259fli g\u00f6r\u00fc\u015f\u00fc g\u00f6zl\u0259nilir. Qafqaz M\u00fcs\u0259lmanlar\u0131 \u0130dar\u0259si Moskva \u015f\u0259h\u0259rind\u0259 Az\u0259rbaycan\u0131n Rusiya Federasiyas\u0131ndak\u0131 s\u0259firliyi il\u0259 birg\u0259&hellip;","_links":{"self":[{"href":"https:\/\/arantv.az\/index.php?rest_route=\/wp\/v2\/posts\/388830"}],"collection":[{"href":"https:\/\/arantv.az\/index.php?rest_route=\/wp\/v2\/posts"}],"about":[{"href":"https:\/\/arantv.az\/index.php?rest_route=\/wp\/v2\/types\/post"}],"author":[{"embeddable":true,"href":"https:\/\/arantv.az\/index.php?rest_route=\/wp\/v2\/users\/2"}],"replies":[{"embeddable":true,"href":"https:\/\/arantv.az\/index.php?rest_route=%2Fwp%2Fv2%2Fcomments&post=388830"}],"version-history":[{"count":0,"href":"https:\/\/arantv.az\/index.php?rest_route=\/wp\/v2\/posts\/388830\/revisions"}],"wp:featuredmedia":[{"embeddable":true,"href":"https:\/\/arantv.az\/index.php?rest_route=\/wp\/v2\/media\/388831"}],"wp:attachment":[{"href":"https:\/\/arantv.az\/index.php?rest_route=%2Fwp%2Fv2%2Fmedia&parent=388830"}],"wp:term":[{"taxonomy":"category","embeddable":true,"href":"https:\/\/arantv.az\/index.php?rest_route=%2Fwp%2Fv2%2Fcategories&post=388830"},{"taxonomy":"post_tag","embeddable":true,"href":"https:\/\/arantv.az\/index.php?rest_route=%2Fwp%2Fv2%2Ftags&post=388830"}],"curies":[{"name":"wp","href":"https:\/\/api.w.org\/{rel}","templated":true}]}}