{"id":388876,"date":"2021-10-11T11:53:28","date_gmt":"2021-10-11T08:53:28","guid":{"rendered":"http:\/\/arantv.az\/?p=388876"},"modified":"2021-10-11T11:53:28","modified_gmt":"2021-10-11T08:53:28","slug":"anti-az%c9%99rbaycan-kampaniyasi-irana-xeyir-g%c9%99tirm%c9%99y%c9%99c%c9%99k","status":"publish","type":"post","link":"https:\/\/arantv.az\/?p=388876","title":{"rendered":"Anti-Az\u0259rbaycan kampaniyas\u0131 \u0130rana xeyir g\u0259tirm\u0259y\u0259c\u0259k"},"content":{"rendered":"<p><em>\u201c\u018ffsus ki, \u0130ran Xarici \u0130\u015fl\u0259r Nazirliyi Az\u0259rbaycana qar\u015f\u0131 b\u00f6htan kampaniyas\u0131ndan \u0259l \u00e7\u0259kmir. Bu kimi ittihamlar\u0131 q\u0259tiyy\u0259tl\u0259 r\u0259dd edirik\u201d.<\/em><\/p>\n<p><strong>ARANTV.AZ x\u0259b\u0259r verir ki,<\/strong>\u00a0bunu Az\u0259rbaycan Respublikas\u0131 Xarici \u0130\u015fl\u0259r Nazirliyinin (X\u0130N) M\u0259tbuat xidm\u0259ti idar\u0259sinin r\u0259isi Leyla Abdullayeva \u0130ran xarici i\u015fl\u0259r nazirinin Livan\u0131n \u018fl-Manar televiziya kanal\u0131na m\u00fcsahib\u0259sind\u0259 Az\u0259rbaycanla ba\u011fl\u0131 s\u00f6yl\u0259dikl\u0259rin\u0259 m\u00fcnasib\u0259t bildir\u0259rk\u0259n deyib.<\/p>\n<p>\u201cBiz, 44 g\u00fcnl\u00fck m\u00fcharib\u0259 d\u00f6vr\u00fcnd\u0259 b\u0259yan etmi\u015fdik, indi d\u0259 n\u00f6vb\u0259ti d\u0259f\u0259 vur\u011fulay\u0131r\u0131q ki, Az\u0259rbaycan \u0259razisind\u0259 he\u00e7 bir iddia olunan terror\u00e7u olmay\u0131b v\u0259 yoxdur. \u00dcmumiyy\u0259tl\u0259, terrordan \u0259ziyy\u0259t \u00e7\u0259kmi\u015f \u00f6lk\u0259 kimi Az\u0259rbaycan \u0259razisind\u0259 he\u00e7 zaman terror\u00e7ulara yer olmay\u0131b\u201d, &#8211; dey\u0259 X\u0130N r\u0259smisi vur\u011fulay\u0131b.<\/p>\n<p>O xat\u0131rlad\u0131b ki, Az\u0259rbaycan \u00f6z torpaqlar\u0131n\u0131 \u015f\u0259hidl\u0259rinin qan\u0131 v\u0259 can\u0131 bahas\u0131na i\u015f\u011faldan azad edib: \u201cPrezident \u0130lham \u018fliyevin qeyd etdiyi kimi, 100.000 d\u0259n art\u0131q Orduya malik olan Az\u0259rbaycan\u0131n muzdlulara ehtiyac\u0131 yoxdur.<\/p>\n<p>T\u0259\u0259cc\u00fcbl\u00fcd\u00fcr ki, \u0130ran t\u0259r\u0259find\u0259n m\u00fcharib\u0259 zaman\u0131 bel\u0259 ittihamlar ir\u0259li s\u00fcr\u00fclm\u0259mi\u015f v\u0259 m\u00fcharib\u0259d\u0259n sonra \u00f6lk\u0259d\u0259 yeni h\u00f6kum\u0259t hakimiyy\u0259t\u0259 g\u0259l\u0259n\u0259 q\u0259d\u0259r bu x\u00fcsusda he\u00e7 bir narahatl\u0131q do\u011furan m\u0259s\u0259l\u0259 olmam\u0131\u015fd\u0131r.<\/p>\n<p>Anti-Az\u0259rbaycan kampaniyas\u0131 \u0130rana xeyir g\u0259tirm\u0259y\u0259c\u0259k. M\u0259lumdur ki, bu \u0259sass\u0131z ittihamlar\u0131n s\u0259b\u0259bl\u0259ri \u0130ran y\u00fck ma\u015f\u0131nlar\u0131n\u0131n Az\u0259rbaycan \u0259razisin\u0259 qanunsuz daxil olmas\u0131n\u0131n qar\u015f\u0131s\u0131n\u0131n al\u0131nmas\u0131d\u0131r v\u0259 Az\u0259rbaycan torpaqlar\u0131n\u0131n i\u015f\u011faldan azad olunmas\u0131d\u0131r.<\/p>\n<p>Terror\u00e7ular\u0131 axtarmaq ist\u0259y\u0259nl\u0259r\u0259 m\u0259sl\u0259h\u0259timiz odur ki, onlar \u00f6z \u0259traflar\u0131na yax\u015f\u0131 baxs\u0131nlar. Xat\u0131rlad\u0131r\u0131q ki, h\u0259l\u0259 \u00f6t\u0259n ilin oktyabr ay\u0131nda Az\u0259rbaycan X\u0130N-i \u00f6lk\u0259nin o zaman i\u015f\u011fal alt\u0131nda olan \u0259razil\u0259rind\u0259 ged\u0259n d\u00f6y\u00fc\u015fl\u0259rd\u0259 erm\u0259ni muzdlu d\u00f6y\u00fc\u015f\u00e7\u00fcl\u0259rinin i\u015ftirak\u0131na dair konkret faktlara \u0259saslanan m\u0259lumat\u0131 \u00f6lk\u0259d\u0259ki diplomatik korpusa, o c\u00fcml\u0259d\u0259n \u0130ran \u0130slam Respublikas\u0131n\u0131n s\u0259firliyin\u0259 t\u0259qdim edib\u201d.<\/p>\n","protected":false},"excerpt":{"rendered":"<p>\u201c\u018ffsus ki, \u0130ran Xarici \u0130\u015fl\u0259r Nazirliyi Az\u0259rbaycana qar\u015f\u0131 b\u00f6htan kampaniyas\u0131ndan \u0259l \u00e7\u0259kmir. Bu kimi ittihamlar\u0131 q\u0259tiyy\u0259tl\u0259 r\u0259dd edirik\u201d. ARANTV.AZ x\u0259b\u0259r verir ki,\u00a0bunu Az\u0259rbaycan Respublikas\u0131 Xarici \u0130\u015fl\u0259r Nazirliyinin (X\u0130N) M\u0259tbuat xidm\u0259ti idar\u0259sinin r\u0259isi Leyla Abdullayeva \u0130ran xarici i\u015fl\u0259r nazirinin Livan\u0131n \u018fl-Manar televiziya kanal\u0131na m\u00fcsahib\u0259sind\u0259 Az\u0259rbaycanla ba\u011fl\u0131 s\u00f6yl\u0259dikl\u0259rin\u0259 m\u00fcnasib\u0259t bildir\u0259rk\u0259n deyib. \u201cBiz, 44 g\u00fcnl\u00fck m\u00fcharib\u0259 d\u00f6vr\u00fcnd\u0259 b\u0259yan etmi\u015fdik, indi d\u0259 n\u00f6vb\u0259ti d\u0259f\u0259 vur\u011fulay\u0131r\u0131q ki, Az\u0259rbaycan \u0259razisind\u0259 he\u00e7 bir iddia olunan terror\u00e7u olmay\u0131b v\u0259 yoxdur. \u00dcmumiyy\u0259tl\u0259, terrordan \u0259ziyy\u0259t \u00e7\u0259kmi\u015f \u00f6lk\u0259 kimi Az\u0259rbaycan \u0259razisind\u0259 he\u00e7 zaman terror\u00e7ulara yer olmay\u0131b\u201d, &#8211; dey\u0259 X\u0130N r\u0259smisi vur\u011fulay\u0131b.&hellip;<\/p>\n","protected":false},"author":2,"featured_media":388877,"comment_status":"closed","ping_status":"closed","sticky":false,"template":"","format":"standard","meta":{"om_disable_all_campaigns":false,"_monsterinsights_skip_tracking":false,"_monsterinsights_sitenote_active":false,"_monsterinsights_sitenote_note":"","_monsterinsights_sitenote_category":0},"categories":[4],"tags":[],"aioseo_notices":[],"gutentor_comment":0,"rttpg_featured_image_url":{"full":["https:\/\/arantv.az\/wp-content\/uploads\/2021\/10\/1546612749_8128288-1.jpg",975,540,false],"landscape":["https:\/\/arantv.az\/wp-content\/uploads\/2021\/10\/1546612749_8128288-1.jpg",975,540,false],"portraits":["https:\/\/arantv.az\/wp-content\/uploads\/2021\/10\/1546612749_8128288-1.jpg",975,540,false],"thumbnail":["https:\/\/arantv.az\/wp-content\/uploads\/2021\/10\/1546612749_8128288-1-500x280.jpg",500,280,true],"medium":["https:\/\/arantv.az\/wp-content\/uploads\/2021\/10\/1546612749_8128288-1-660x365.jpg",660,365,true],"large":["https:\/\/arantv.az\/wp-content\/uploads\/2021\/10\/1546612749_8128288-1-840x465.jpg",640,354,true],"1536x1536":["https:\/\/arantv.az\/wp-content\/uploads\/2021\/10\/1546612749_8128288-1.jpg",975,540,false],"2048x2048":["https:\/\/arantv.az\/wp-content\/uploads\/2021\/10\/1546612749_8128288-1.jpg",975,540,false],"post-thumbnail":["https:\/\/arantv.az\/wp-content\/uploads\/2021\/10\/1546612749_8128288-1-240x172.jpg",240,172,true],"advps-thumb-one":["https:\/\/arantv.az\/wp-content\/uploads\/2021\/10\/1546612749_8128288-1.jpg",975,540,false]},"rttpg_author":{"display_name":"V\u00fcsal Rafiqo\u011flu","author_link":"https:\/\/arantv.az\/?author=2"},"rttpg_comment":0,"rttpg_category":"<a href=\"https:\/\/arantv.az\/?cat=4\" rel=\"category\">Siyas\u0259t<\/a>","rttpg_excerpt":"\u201c\u018ffsus ki, \u0130ran Xarici \u0130\u015fl\u0259r Nazirliyi Az\u0259rbaycana qar\u015f\u0131 b\u00f6htan kampaniyas\u0131ndan \u0259l \u00e7\u0259kmir. Bu kimi ittihamlar\u0131 q\u0259tiyy\u0259tl\u0259 r\u0259dd edirik\u201d. ARANTV.AZ x\u0259b\u0259r verir ki,\u00a0bunu Az\u0259rbaycan Respublikas\u0131 Xarici \u0130\u015fl\u0259r Nazirliyinin (X\u0130N) M\u0259tbuat xidm\u0259ti idar\u0259sinin r\u0259isi Leyla Abdullayeva \u0130ran xarici i\u015fl\u0259r nazirinin Livan\u0131n \u018fl-Manar televiziya kanal\u0131na m\u00fcsahib\u0259sind\u0259 Az\u0259rbaycanla ba\u011fl\u0131 s\u00f6yl\u0259dikl\u0259rin\u0259 m\u00fcnasib\u0259t bildir\u0259rk\u0259n deyib. \u201cBiz, 44 g\u00fcnl\u00fck m\u00fcharib\u0259 d\u00f6vr\u00fcnd\u0259 b\u0259yan&hellip;","_links":{"self":[{"href":"https:\/\/arantv.az\/index.php?rest_route=\/wp\/v2\/posts\/388876"}],"collection":[{"href":"https:\/\/arantv.az\/index.php?rest_route=\/wp\/v2\/posts"}],"about":[{"href":"https:\/\/arantv.az\/index.php?rest_route=\/wp\/v2\/types\/post"}],"author":[{"embeddable":true,"href":"https:\/\/arantv.az\/index.php?rest_route=\/wp\/v2\/users\/2"}],"replies":[{"embeddable":true,"href":"https:\/\/arantv.az\/index.php?rest_route=%2Fwp%2Fv2%2Fcomments&post=388876"}],"version-history":[{"count":0,"href":"https:\/\/arantv.az\/index.php?rest_route=\/wp\/v2\/posts\/388876\/revisions"}],"wp:featuredmedia":[{"embeddable":true,"href":"https:\/\/arantv.az\/index.php?rest_route=\/wp\/v2\/media\/388877"}],"wp:attachment":[{"href":"https:\/\/arantv.az\/index.php?rest_route=%2Fwp%2Fv2%2Fmedia&parent=388876"}],"wp:term":[{"taxonomy":"category","embeddable":true,"href":"https:\/\/arantv.az\/index.php?rest_route=%2Fwp%2Fv2%2Fcategories&post=388876"},{"taxonomy":"post_tag","embeddable":true,"href":"https:\/\/arantv.az\/index.php?rest_route=%2Fwp%2Fv2%2Ftags&post=388876"}],"curies":[{"name":"wp","href":"https:\/\/api.w.org\/{rel}","templated":true}]}}