{"id":388879,"date":"2021-10-11T11:54:03","date_gmt":"2021-10-11T08:54:03","guid":{"rendered":"http:\/\/arantv.az\/?p=388879"},"modified":"2021-10-11T11:54:03","modified_gmt":"2021-10-11T08:54:03","slug":"t%c9%99klif-18-oktyabr-qeyri-is-gunu-olsun","status":"publish","type":"post","link":"https:\/\/arantv.az\/?p=388879","title":{"rendered":"T\u018fKL\u0130F: 18 oktyabr qeyri-i\u015f g\u00fcn\u00fc olsun"},"content":{"rendered":"<p><em>\u201cOktyabr\u0131n 18-d\u0259 Az\u0259rbaycan\u0131n m\u00fcst\u0259qilliyinin b\u0259rpa edilm\u0259sinin 30 ili tamam olur. Bu, \u00e7ox \u0259lam\u0259tdar hadis\u0259dir\u201d.<\/em><\/p>\n<p><strong>ARANTV.AZ x\u0259b\u0259r verir ki,<\/strong>\u00a0bunu Milli M\u0259clisin deputat\u0131\u00a0<strong>\u018fli M\u0259simli<\/strong>\u00a0parlamentin bu g\u00fcn ke\u00e7iril\u0259n plenar iclas\u0131nda \u201cM\u00fcst\u0259qlillik G\u00fcn\u00fc haqq\u0131nda\u201d qanun layih\u0259sinin I oxunu\u015fda m\u00fczakir\u0259si zaman\u0131 deyib.<\/p>\n<p>Onun s\u00f6zl\u0259rin\u0259 g\u00f6r\u0259, indiki q\u00fcvv\u0259d\u0259 olan s\u0259n\u0259dl\u0259r\u0259 g\u00f6r\u0259 28 May qeyri-i\u015f g\u00fcn\u00fc v\u0259 18 oktyabr i\u015f g\u00fcnd\u00fcr:\u00a0<em>\u201cM\u0259n bunlar aras\u0131nda f\u0259rq qoyulmas\u0131n\u0131 d\u00fczg\u00fcn hesab etmir\u0259m. D\u00f6vl\u0259t bayram\u0131 g\u00fcn\u00fcn\u00fcn qeyd edilm\u0259si Prezidentin f\u0259rman\u0131nda varsa, onun pe\u015f\u0259 g\u00fcn\u00fc kimi qeyd edilm\u0259sini ist\u0259mirik. H\u0259r iki bayram g\u00fcn\u00fc qeyri-i\u015f g\u00fcn\u00fc kimi qeyd edilm\u0259lidir\u201d.<\/em><\/p>\n","protected":false},"excerpt":{"rendered":"<p>\u201cOktyabr\u0131n 18-d\u0259 Az\u0259rbaycan\u0131n m\u00fcst\u0259qilliyinin b\u0259rpa edilm\u0259sinin 30 ili tamam olur. Bu, \u00e7ox \u0259lam\u0259tdar hadis\u0259dir\u201d. ARANTV.AZ x\u0259b\u0259r verir ki,\u00a0bunu Milli M\u0259clisin deputat\u0131\u00a0\u018fli M\u0259simli\u00a0parlamentin bu g\u00fcn ke\u00e7iril\u0259n plenar iclas\u0131nda \u201cM\u00fcst\u0259qlillik G\u00fcn\u00fc haqq\u0131nda\u201d qanun layih\u0259sinin I oxunu\u015fda m\u00fczakir\u0259si zaman\u0131 deyib. Onun s\u00f6zl\u0259rin\u0259 g\u00f6r\u0259, indiki q\u00fcvv\u0259d\u0259 olan s\u0259n\u0259dl\u0259r\u0259 g\u00f6r\u0259 28 May qeyri-i\u015f g\u00fcn\u00fc v\u0259 18 oktyabr i\u015f g\u00fcnd\u00fcr:\u00a0\u201cM\u0259n bunlar aras\u0131nda f\u0259rq qoyulmas\u0131n\u0131 d\u00fczg\u00fcn hesab etmir\u0259m. D\u00f6vl\u0259t bayram\u0131 g\u00fcn\u00fcn\u00fcn qeyd edilm\u0259si Prezidentin f\u0259rman\u0131nda varsa, onun pe\u015f\u0259 g\u00fcn\u00fc kimi qeyd edilm\u0259sini ist\u0259mirik. H\u0259r iki bayram g\u00fcn\u00fc qeyri-i\u015f g\u00fcn\u00fc kimi qeyd edilm\u0259lidir\u201d.<\/p>\n","protected":false},"author":2,"featured_media":388880,"comment_status":"closed","ping_status":"closed","sticky":false,"template":"","format":"standard","meta":{"om_disable_all_campaigns":false,"_monsterinsights_skip_tracking":false,"_monsterinsights_sitenote_active":false,"_monsterinsights_sitenote_note":"","_monsterinsights_sitenote_category":0},"categories":[26],"tags":[],"aioseo_notices":[],"gutentor_comment":0,"rttpg_featured_image_url":{"full":["https:\/\/arantv.az\/wp-content\/uploads\/2021\/10\/56786bbe163394197489393831010441958.jpg",975,540,false],"landscape":["https:\/\/arantv.az\/wp-content\/uploads\/2021\/10\/56786bbe163394197489393831010441958.jpg",975,540,false],"portraits":["https:\/\/arantv.az\/wp-content\/uploads\/2021\/10\/56786bbe163394197489393831010441958.jpg",975,540,false],"thumbnail":["https:\/\/arantv.az\/wp-content\/uploads\/2021\/10\/56786bbe163394197489393831010441958-500x280.jpg",500,280,true],"medium":["https:\/\/arantv.az\/wp-content\/uploads\/2021\/10\/56786bbe163394197489393831010441958-660x365.jpg",660,365,true],"large":["https:\/\/arantv.az\/wp-content\/uploads\/2021\/10\/56786bbe163394197489393831010441958-840x465.jpg",640,354,true],"1536x1536":["https:\/\/arantv.az\/wp-content\/uploads\/2021\/10\/56786bbe163394197489393831010441958.jpg",975,540,false],"2048x2048":["https:\/\/arantv.az\/wp-content\/uploads\/2021\/10\/56786bbe163394197489393831010441958.jpg",975,540,false],"post-thumbnail":["https:\/\/arantv.az\/wp-content\/uploads\/2021\/10\/56786bbe163394197489393831010441958-240x172.jpg",240,172,true],"advps-thumb-one":["https:\/\/arantv.az\/wp-content\/uploads\/2021\/10\/56786bbe163394197489393831010441958.jpg",975,540,false]},"rttpg_author":{"display_name":"V\u00fcsal Rafiqo\u011flu","author_link":"https:\/\/arantv.az\/?author=2"},"rttpg_comment":0,"rttpg_category":"<a href=\"https:\/\/arantv.az\/?cat=26\" rel=\"category\">Sosial<\/a>","rttpg_excerpt":"\u201cOktyabr\u0131n 18-d\u0259 Az\u0259rbaycan\u0131n m\u00fcst\u0259qilliyinin b\u0259rpa edilm\u0259sinin 30 ili tamam olur. Bu, \u00e7ox \u0259lam\u0259tdar hadis\u0259dir\u201d. ARANTV.AZ x\u0259b\u0259r verir ki,\u00a0bunu Milli M\u0259clisin deputat\u0131\u00a0\u018fli M\u0259simli\u00a0parlamentin bu g\u00fcn ke\u00e7iril\u0259n plenar iclas\u0131nda \u201cM\u00fcst\u0259qlillik G\u00fcn\u00fc haqq\u0131nda\u201d qanun layih\u0259sinin I oxunu\u015fda m\u00fczakir\u0259si zaman\u0131 deyib. Onun s\u00f6zl\u0259rin\u0259 g\u00f6r\u0259, indiki q\u00fcvv\u0259d\u0259 olan s\u0259n\u0259dl\u0259r\u0259 g\u00f6r\u0259 28 May qeyri-i\u015f g\u00fcn\u00fc v\u0259 18 oktyabr i\u015f g\u00fcnd\u00fcr:\u00a0\u201cM\u0259n bunlar&hellip;","_links":{"self":[{"href":"https:\/\/arantv.az\/index.php?rest_route=\/wp\/v2\/posts\/388879"}],"collection":[{"href":"https:\/\/arantv.az\/index.php?rest_route=\/wp\/v2\/posts"}],"about":[{"href":"https:\/\/arantv.az\/index.php?rest_route=\/wp\/v2\/types\/post"}],"author":[{"embeddable":true,"href":"https:\/\/arantv.az\/index.php?rest_route=\/wp\/v2\/users\/2"}],"replies":[{"embeddable":true,"href":"https:\/\/arantv.az\/index.php?rest_route=%2Fwp%2Fv2%2Fcomments&post=388879"}],"version-history":[{"count":0,"href":"https:\/\/arantv.az\/index.php?rest_route=\/wp\/v2\/posts\/388879\/revisions"}],"wp:featuredmedia":[{"embeddable":true,"href":"https:\/\/arantv.az\/index.php?rest_route=\/wp\/v2\/media\/388880"}],"wp:attachment":[{"href":"https:\/\/arantv.az\/index.php?rest_route=%2Fwp%2Fv2%2Fmedia&parent=388879"}],"wp:term":[{"taxonomy":"category","embeddable":true,"href":"https:\/\/arantv.az\/index.php?rest_route=%2Fwp%2Fv2%2Fcategories&post=388879"},{"taxonomy":"post_tag","embeddable":true,"href":"https:\/\/arantv.az\/index.php?rest_route=%2Fwp%2Fv2%2Ftags&post=388879"}],"curies":[{"name":"wp","href":"https:\/\/api.w.org\/{rel}","templated":true}]}}