{"id":389052,"date":"2021-10-11T15:17:48","date_gmt":"2021-10-11T12:17:48","guid":{"rendered":"http:\/\/arantv.az\/?p=389052"},"modified":"2021-10-11T15:17:48","modified_gmt":"2021-10-11T12:17:48","slug":"eyni-ad-eyni-alin-yazisi-video","status":"publish","type":"post","link":"https:\/\/arantv.az\/?p=389052","title":{"rendered":"Eyni ad, eyni al\u0131n yaz\u0131s\u0131 &#8211; V\u0130DEO"},"content":{"rendered":"<div class=\"article_text\">\n<blockquote><p><strong>\u015e\u0259hid \u0130lyas \u015eahv\u0259l\u0259dovun an\u0131m g\u00fcn\u00fcd\u00fcr<\/strong><\/p><\/blockquote>\n<p>V\u0259t\u0259n m\u00fcharib\u0259sinin q\u0259hr\u0259man \u00f6vladlar\u0131ndan biri d\u0259 La\u00e7\u0131n rayonundan m\u0259cburi k\u00f6\u00e7k\u00fcn \u0130lyas \u015eahv\u0259l\u0259dovdu.<\/p>\n<p><strong>ARANTV.AZ<\/strong>\u00a0 Real TV-y\u0259 istinad\u0259n bildirir ki, bu g\u00fcn V\u0259t\u0259n m\u00fcharib\u0259sin q\u0259hr\u0259man o\u011fullar\u0131ndan biri ola \u0130lyas N\u0259riman o\u011flu \u015eahv\u0259l\u0259dovun \u015f\u0259hid olmas\u0131n\u0131n bir ili tamam olur. \u015e\u0259hidin an\u0131m m\u0259rasimind\u0259 ail\u0259 \u00fczvl\u0259ri, \u015f\u0259hid ail\u0259l\u0259ri, m\u00fcharib\u0259 veteranlar\u0131 v\u0259 qohumlar\u0131 i\u015ftirak edibl\u0259r. \u015e\u0259hidin m\u0259zar\u0131 ziyar\u0259t edil\u0259r\u0259k, \u00f6n\u00fcn\u0259 g\u00fcl d\u0259st\u0259l\u0259ri d\u00fcz\u00fcl\u00fcb.<\/p>\n<p>\u0130lyas \u015eahv\u0259l\u0259dovun \u0259misi \u015eahv\u0259l\u0259dov \u0130lyas N\u0259riman o\u011flu da 1994-c\u00fc ild\u0259 torpaqlar\u0131m\u0131z\u0131n azadl\u0131\u011f\u0131 u\u011frunda ged\u0259n d\u00f6y\u00fc\u015fl\u0259rd\u0259 \u015f\u0259hid olub. \u0130lyas onun ad\u0131n\u0131 da\u015f\u0131y\u0131rd\u0131.<\/p>\n<p>V\u0259t\u0259n m\u00fcharib\u0259sin q\u0259hr\u0259man\u0131 \u0130lyas orta m\u0259kt\u0259bi bitirdikd\u0259n sonra h\u0259qiqi h\u0259rbi xidm\u0259t\u0259 yollan\u0131r. \u018fn b\u00f6y\u00fck arzusu h\u0259rbi\u00e7i olmaq olan \u0130lyas m\u00fcdd\u0259td\u0259n art\u0131q h\u0259rbi qulluq\u00e7u kimi Az\u0259rbaycan Ordusunda m\u00fcqavil\u0259 \u0259sas\u0131nda xidm\u0259t\u0259 ba\u015flay\u0131r.<\/p>\n<p>Aprel d\u00f6y\u00fc\u015fl\u0259ri zaman\u0131 c\u0259bh\u0259nin Qazax istiqam\u0259tind\u0259 x\u00fcsusi f\u0259all\u0131q g\u00f6st\u0259r\u0259n \u0130lyas \u015eahv\u0259l\u0259dov x\u00fcsusi medal v\u0259 f\u0259xri f\u0259rmanlarla t\u0259ltif edilir.<\/p>\n<p>\u018fsl\u0259n La\u00e7\u0131n rayonunun Qor\u00e7u k\u0259ndind\u0259nd\u0259n olan \u0130lyas \u015eahv\u0259l\u0259dov 2020-ci il sentyabr\u0131n 27-d\u0259 Az\u0259rbaycan v\u0259 Erm\u0259nistan aras\u0131nda ba\u015flanan 2-ci Qaraba\u011f m\u00fcharib\u0259si zaman\u0131 F\u00fczuli u\u011frunda ged\u0259n d\u00f6y\u00fc\u015fl\u0259rd\u0259 sava\u015f\u0131b. \u0130lyas \u015eahv\u0259l\u0259dov oktyabr\u0131n 10-da F\u00fczuli u\u011frunda ged\u0259n d\u00f6y\u00fc\u015fl\u0259rd\u0259 q\u0259hr\u0259mancas\u0131na \u015f\u0259hid olub.<\/p>\n<p>Qeyd ed\u0259k ki, \u0130lyas \u015eahv\u0259l\u0259dov d\u00f6vl\u0259t ba\u015f\u00e7\u0131s\u0131n\u0131n s\u0259r\u0259ncam\u0131na \u0259sas\u0259n \u00f6l\u00fcm\u00fcnd\u0259n sonra &#8220;F\u00fczulinin azad olunmas\u0131na g\u00f6r\u0259&#8221; v\u0259 &#8220;V\u0259t\u0259n u\u011frunda&#8221; medallar\u0131 il\u0259 t\u0259ltif edilib.<\/p>\n<p>&nbsp;<\/p>\n<p><iframe loading=\"lazy\" src=\"https:\/\/daytube.az\/az\/embed\/116247\" width=\"670\" height=\"400\" frameborder=\"0\" allowfullscreen=\"allowfullscreen\"><\/iframe><\/p>\n<\/div>\n<div class=\"social-banner\"><\/div>\n","protected":false},"excerpt":{"rendered":"<p>\u015e\u0259hid \u0130lyas \u015eahv\u0259l\u0259dovun an\u0131m g\u00fcn\u00fcd\u00fcr V\u0259t\u0259n m\u00fcharib\u0259sinin q\u0259hr\u0259man \u00f6vladlar\u0131ndan biri d\u0259 La\u00e7\u0131n rayonundan m\u0259cburi k\u00f6\u00e7k\u00fcn \u0130lyas \u015eahv\u0259l\u0259dovdu. ARANTV.AZ\u00a0 Real TV-y\u0259 istinad\u0259n bildirir ki, bu g\u00fcn V\u0259t\u0259n m\u00fcharib\u0259sin q\u0259hr\u0259man o\u011fullar\u0131ndan biri ola \u0130lyas N\u0259riman o\u011flu \u015eahv\u0259l\u0259dovun \u015f\u0259hid olmas\u0131n\u0131n bir ili tamam olur. \u015e\u0259hidin an\u0131m m\u0259rasimind\u0259 ail\u0259 \u00fczvl\u0259ri, \u015f\u0259hid ail\u0259l\u0259ri, m\u00fcharib\u0259 veteranlar\u0131 v\u0259 qohumlar\u0131 i\u015ftirak edibl\u0259r. \u015e\u0259hidin m\u0259zar\u0131 ziyar\u0259t edil\u0259r\u0259k, \u00f6n\u00fcn\u0259 g\u00fcl d\u0259st\u0259l\u0259ri d\u00fcz\u00fcl\u00fcb. \u0130lyas \u015eahv\u0259l\u0259dovun \u0259misi \u015eahv\u0259l\u0259dov \u0130lyas N\u0259riman o\u011flu da 1994-c\u00fc ild\u0259 torpaqlar\u0131m\u0131z\u0131n azadl\u0131\u011f\u0131 u\u011frunda ged\u0259n d\u00f6y\u00fc\u015fl\u0259rd\u0259 \u015f\u0259hid olub. \u0130lyas onun ad\u0131n\u0131 da\u015f\u0131y\u0131rd\u0131. V\u0259t\u0259n m\u00fcharib\u0259sin q\u0259hr\u0259man\u0131 \u0130lyas orta m\u0259kt\u0259bi bitirdikd\u0259n&hellip;<\/p>\n","protected":false},"author":2,"featured_media":389053,"comment_status":"closed","ping_status":"closed","sticky":false,"template":"","format":"standard","meta":{"om_disable_all_campaigns":false,"_monsterinsights_skip_tracking":false,"_monsterinsights_sitenote_active":false,"_monsterinsights_sitenote_note":"","_monsterinsights_sitenote_category":0},"categories":[26],"tags":[],"aioseo_notices":[],"gutentor_comment":0,"rttpg_featured_image_url":{"full":["https:\/\/arantv.az\/wp-content\/uploads\/2021\/10\/986539.jpg",800,600,false],"landscape":["https:\/\/arantv.az\/wp-content\/uploads\/2021\/10\/986539.jpg",800,600,false],"portraits":["https:\/\/arantv.az\/wp-content\/uploads\/2021\/10\/986539.jpg",800,600,false],"thumbnail":["https:\/\/arantv.az\/wp-content\/uploads\/2021\/10\/986539-500x280.jpg",500,280,true],"medium":["https:\/\/arantv.az\/wp-content\/uploads\/2021\/10\/986539-487x365.jpg",487,365,true],"large":["https:\/\/arantv.az\/wp-content\/uploads\/2021\/10\/986539.jpg",640,480,false],"1536x1536":["https:\/\/arantv.az\/wp-content\/uploads\/2021\/10\/986539.jpg",800,600,false],"2048x2048":["https:\/\/arantv.az\/wp-content\/uploads\/2021\/10\/986539.jpg",800,600,false],"post-thumbnail":["https:\/\/arantv.az\/wp-content\/uploads\/2021\/10\/986539-240x172.jpg",240,172,true],"advps-thumb-one":["https:\/\/arantv.az\/wp-content\/uploads\/2021\/10\/986539.jpg",800,600,false]},"rttpg_author":{"display_name":"V\u00fcsal Rafiqo\u011flu","author_link":"https:\/\/arantv.az\/?author=2"},"rttpg_comment":0,"rttpg_category":"<a href=\"https:\/\/arantv.az\/?cat=26\" rel=\"category\">Sosial<\/a>","rttpg_excerpt":"\u015e\u0259hid \u0130lyas \u015eahv\u0259l\u0259dovun an\u0131m g\u00fcn\u00fcd\u00fcr V\u0259t\u0259n m\u00fcharib\u0259sinin q\u0259hr\u0259man \u00f6vladlar\u0131ndan biri d\u0259 La\u00e7\u0131n rayonundan m\u0259cburi k\u00f6\u00e7k\u00fcn \u0130lyas \u015eahv\u0259l\u0259dovdu. ARANTV.AZ\u00a0 Real TV-y\u0259 istinad\u0259n bildirir ki, bu g\u00fcn V\u0259t\u0259n m\u00fcharib\u0259sin q\u0259hr\u0259man o\u011fullar\u0131ndan biri ola \u0130lyas N\u0259riman o\u011flu \u015eahv\u0259l\u0259dovun \u015f\u0259hid olmas\u0131n\u0131n bir ili tamam olur. \u015e\u0259hidin an\u0131m m\u0259rasimind\u0259 ail\u0259 \u00fczvl\u0259ri, \u015f\u0259hid ail\u0259l\u0259ri, m\u00fcharib\u0259 veteranlar\u0131 v\u0259 qohumlar\u0131 i\u015ftirak edibl\u0259r. \u015e\u0259hidin&hellip;","_links":{"self":[{"href":"https:\/\/arantv.az\/index.php?rest_route=\/wp\/v2\/posts\/389052"}],"collection":[{"href":"https:\/\/arantv.az\/index.php?rest_route=\/wp\/v2\/posts"}],"about":[{"href":"https:\/\/arantv.az\/index.php?rest_route=\/wp\/v2\/types\/post"}],"author":[{"embeddable":true,"href":"https:\/\/arantv.az\/index.php?rest_route=\/wp\/v2\/users\/2"}],"replies":[{"embeddable":true,"href":"https:\/\/arantv.az\/index.php?rest_route=%2Fwp%2Fv2%2Fcomments&post=389052"}],"version-history":[{"count":0,"href":"https:\/\/arantv.az\/index.php?rest_route=\/wp\/v2\/posts\/389052\/revisions"}],"wp:featuredmedia":[{"embeddable":true,"href":"https:\/\/arantv.az\/index.php?rest_route=\/wp\/v2\/media\/389053"}],"wp:attachment":[{"href":"https:\/\/arantv.az\/index.php?rest_route=%2Fwp%2Fv2%2Fmedia&parent=389052"}],"wp:term":[{"taxonomy":"category","embeddable":true,"href":"https:\/\/arantv.az\/index.php?rest_route=%2Fwp%2Fv2%2Fcategories&post=389052"},{"taxonomy":"post_tag","embeddable":true,"href":"https:\/\/arantv.az\/index.php?rest_route=%2Fwp%2Fv2%2Ftags&post=389052"}],"curies":[{"name":"wp","href":"https:\/\/api.w.org\/{rel}","templated":true}]}}