{"id":389059,"date":"2021-10-11T15:29:56","date_gmt":"2021-10-11T12:29:56","guid":{"rendered":"http:\/\/arantv.az\/?p=389059"},"modified":"2021-10-11T15:29:56","modified_gmt":"2021-10-11T12:29:56","slug":"%c9%99r%c9%99b-m%c9%99tbuatinda-dahi-az%c9%99rbaycan-sairi-n%c9%99simiy%c9%99-h%c9%99sr-olunmus-m%c9%99qal%c9%99-d%c9%99rc-olunub","status":"publish","type":"post","link":"https:\/\/arantv.az\/?p=389059","title":{"rendered":"\u018fr\u0259b m\u0259tbuat\u0131nda dahi Az\u0259rbaycan \u015fairi N\u0259simiy\u0259 h\u0259sr olunmu\u015f m\u0259qal\u0259 d\u0259rc olunub"},"content":{"rendered":"<p>\u018fr\u0259b \u00f6lk\u0259l\u0259rinin K\u0130V-l\u0259ri dahi Az\u0259rbaycan \u015fairi \u0130mad\u0259ddin N\u0259simiy\u0259 h\u0259sr olunmu\u015f geni\u015f m\u0259qal\u0259 d\u0259rc edibl\u0259r.<\/p>\n<p><b>ARANTV.AZ <\/b>x\u0259b\u0259r verir ki, \u015f\u0259rq\u015f\u00fcnas H\u0259\u015fim M\u0259mm\u0259dov v\u0259 jurnalist \u018fli Z\u00fclf\u00fcqaro\u011flunun m\u00fc\u0259llifi olduqlar\u0131 \u201c\u0130mad\u0259ddin N\u0259simi. B\u0259\u015f\u0259riyy\u0259t\u0259 nur sa\u00e7an g\u00fcn\u0259\u015f\u201d s\u0259rl\u00f6vh\u0259li m\u0259qal\u0259d\u0259 \u015fairin h\u0259yat v\u0259 yarad\u0131c\u0131l\u0131\u011f\u0131 haqq\u0131nda geni\u015f m\u0259lumat yer al\u0131b.<\/p>\n<p>Misirin \u201cNile1\u201d, \u0130ordaniyan\u0131n \u201cNayrouz\u201d, \u0130raq\u0131n \u201c\u018ffkarh\u00fcr\u0259\u201d, \u0130raq\u0131n \u201cBobiannews\u201d v\u0259 \u201cQ8-press\u201d portallar\u0131nda d\u0259rc olunmu\u015f yaz\u0131da \u0259r\u0259bdilli oxucular\u0131n diqq\u0259tin\u0259 \u00e7atd\u0131r\u0131l\u0131r ki, N\u0259simi irsi t\u0259kc\u0259 Az\u0259rbaycan\u0131n deyil, b\u00fct\u00fcn \u0130slam d\u00fcnyas\u0131n\u0131n m\u0259n\u0259vi s\u0259rv\u0259tidir. Az\u0259rbaycan Prezidenti \u0130lham \u018fliyev 15 noyabr 2018-ci il tarixli S\u0259r\u0259ncam\u0131 il\u0259 2019-cu ili \u201cN\u0259simi ili\u201d elan edib v\u0259 dahi \u015fairin 650 illik yubileyi d\u00f6vl\u0259t s\u0259viyy\u0259sind\u0259 qeyd edilib.<\/p>\n<div id=\"AdviadNativeVideo0\" class=\"AdviadNativeVideo\"><\/div>\n<p>M\u0259qal\u0259d\u0259 Az\u0259rbaycan xalq\u0131n\u0131n \u00fcmummilli lideri Heyd\u0259r \u018fliyevin N\u0259simi haqq\u0131nda s\u00f6zl\u0259ri sitat g\u0259tirilib:<\/p>\n<p>\u201cTariximiz \u00e7ox z\u0259ngindir v\u0259 biz bunu vaxta\u015f\u0131r\u0131 xalqa \u00e7atd\u0131rmal\u0131y\u0131q. Xatirinizd\u0259dirmi, N\u0259siminin 600 illik yubileyini qeyd etdiyimiz zaman bu, d\u00fcnyada n\u0259 q\u0259d\u0259r \u0259ks-s\u0259da do\u011furdu, Az\u0259rbaycan\u0131 n\u0259 q\u0259d\u0259r tan\u0131td\u0131! N\u0259hay\u0259t, 600 ild\u0259n sonra biz N\u0259siminin H\u0259l\u0259b \u015f\u0259h\u0259rind\u0259ki m\u0259zar\u0131n\u0131 tapd\u0131q. \u0130ndi onun m\u0259zar\u0131 oraya ged\u0259n adamlar \u00fc\u00e7\u00fcn bir ziyar\u0259tgahd\u0131r. M\u0259hz Az\u0259rbaycan xalq\u0131na m\u0259nsub olan N\u0259simi kimi nadir bir \u015f\u0259xsiyy\u0259ti d\u00fcnya ictimaiyy\u0259tin\u0259, elmin\u0259, d\u00fcnya m\u0259d\u0259niyy\u0259tin\u0259 tan\u0131tmaq, \u015f\u00fcbh\u0259siz ki, xalq\u0131m\u0131z\u0131n h\u00f6rm\u0259tini qald\u0131rmaq dem\u0259kdir. M\u0259n t\u0259kc\u0259 \u015fairl\u0259r haqda dan\u0131\u015fmaq ist\u0259mir\u0259m. N\u0259simi d\u0259 yaln\u0131z \u015fair deyil, h\u0259m d\u0259 alim, filosofdur\u201d.<\/p>\n<p>M\u00fc\u0259llifl\u0259r qeyd edibl\u0259r ki, yarad\u0131c\u0131l\u0131\u011f\u0131n\u0131n ilk d\u00f6vrl\u0259rind\u0259 N\u0259simi d\u0259 ustad\u0131 N\u0259imi kimi sufizm m\u00f6vqeyind\u0259 dayan\u0131b v\u0259 tan\u0131nm\u0131\u015f sufi \u015feyxi \u015eiblinin t\u0259limini davam etdirib.<\/p>\n<p>Bu m\u0259rh\u0259l\u0259d\u0259 \u015fair \u00f6z \u0259s\u0259rl\u0259rini \u201cH\u00fcseyni\u201d, \u201cSeyid H\u00fcseyni\u201d, \u201cSeyid\u201d\u00a0t\u0259x\u0259ll\u00fcsl\u0259ri il\u0259 yaz\u0131b.<\/p>\n<p>M\u0259qal\u0259d\u0259, h\u0259m\u00e7inin Az\u0259rbaycan\u0131n v\u0259 d\u00fcnyan\u0131n tan\u0131nm\u0131\u015f aliml\u0259ri, \u015f\u0259rq\u015f\u00fcnaslar\u0131n\u0131n N\u0259simi irsi haqq\u0131nda fikirl\u0259ri, dahi \u015fairin \u015feirl\u0259rind\u0259n par\u00e7alar yer al\u0131b.<\/p>\n","protected":false},"excerpt":{"rendered":"<p>\u018fr\u0259b \u00f6lk\u0259l\u0259rinin K\u0130V-l\u0259ri dahi Az\u0259rbaycan \u015fairi \u0130mad\u0259ddin N\u0259simiy\u0259 h\u0259sr olunmu\u015f geni\u015f m\u0259qal\u0259 d\u0259rc edibl\u0259r. ARANTV.AZ x\u0259b\u0259r verir ki, \u015f\u0259rq\u015f\u00fcnas H\u0259\u015fim M\u0259mm\u0259dov v\u0259 jurnalist \u018fli Z\u00fclf\u00fcqaro\u011flunun m\u00fc\u0259llifi olduqlar\u0131 \u201c\u0130mad\u0259ddin N\u0259simi. B\u0259\u015f\u0259riyy\u0259t\u0259 nur sa\u00e7an g\u00fcn\u0259\u015f\u201d s\u0259rl\u00f6vh\u0259li m\u0259qal\u0259d\u0259 \u015fairin h\u0259yat v\u0259 yarad\u0131c\u0131l\u0131\u011f\u0131 haqq\u0131nda geni\u015f m\u0259lumat yer al\u0131b. Misirin \u201cNile1\u201d, \u0130ordaniyan\u0131n \u201cNayrouz\u201d, \u0130raq\u0131n \u201c\u018ffkarh\u00fcr\u0259\u201d, \u0130raq\u0131n \u201cBobiannews\u201d v\u0259 \u201cQ8-press\u201d portallar\u0131nda d\u0259rc olunmu\u015f yaz\u0131da \u0259r\u0259bdilli oxucular\u0131n diqq\u0259tin\u0259 \u00e7atd\u0131r\u0131l\u0131r ki, N\u0259simi irsi t\u0259kc\u0259 Az\u0259rbaycan\u0131n deyil, b\u00fct\u00fcn \u0130slam d\u00fcnyas\u0131n\u0131n m\u0259n\u0259vi s\u0259rv\u0259tidir. Az\u0259rbaycan Prezidenti \u0130lham \u018fliyev 15 noyabr 2018-ci il tarixli S\u0259r\u0259ncam\u0131 il\u0259 2019-cu ili \u201cN\u0259simi ili\u201d elan edib&hellip;<\/p>\n","protected":false},"author":2,"featured_media":389060,"comment_status":"closed","ping_status":"closed","sticky":false,"template":"","format":"standard","meta":{"om_disable_all_campaigns":false,"_monsterinsights_skip_tracking":false,"_monsterinsights_sitenote_active":false,"_monsterinsights_sitenote_note":"","_monsterinsights_sitenote_category":0},"categories":[26],"tags":[],"aioseo_notices":[],"gutentor_comment":0,"rttpg_featured_image_url":{"full":["https:\/\/arantv.az\/wp-content\/uploads\/2021\/10\/FotoJet-2021-10-11T150758.621.jpg",620,413,false],"landscape":["https:\/\/arantv.az\/wp-content\/uploads\/2021\/10\/FotoJet-2021-10-11T150758.621.jpg",620,413,false],"portraits":["https:\/\/arantv.az\/wp-content\/uploads\/2021\/10\/FotoJet-2021-10-11T150758.621.jpg",620,413,false],"thumbnail":["https:\/\/arantv.az\/wp-content\/uploads\/2021\/10\/FotoJet-2021-10-11T150758.621-500x280.jpg",500,280,true],"medium":["https:\/\/arantv.az\/wp-content\/uploads\/2021\/10\/FotoJet-2021-10-11T150758.621-548x365.jpg",548,365,true],"large":["https:\/\/arantv.az\/wp-content\/uploads\/2021\/10\/FotoJet-2021-10-11T150758.621.jpg",620,413,false],"1536x1536":["https:\/\/arantv.az\/wp-content\/uploads\/2021\/10\/FotoJet-2021-10-11T150758.621.jpg",620,413,false],"2048x2048":["https:\/\/arantv.az\/wp-content\/uploads\/2021\/10\/FotoJet-2021-10-11T150758.621.jpg",620,413,false],"post-thumbnail":["https:\/\/arantv.az\/wp-content\/uploads\/2021\/10\/FotoJet-2021-10-11T150758.621-240x172.jpg",240,172,true],"advps-thumb-one":["https:\/\/arantv.az\/wp-content\/uploads\/2021\/10\/FotoJet-2021-10-11T150758.621.jpg",620,413,false]},"rttpg_author":{"display_name":"V\u00fcsal Rafiqo\u011flu","author_link":"https:\/\/arantv.az\/?author=2"},"rttpg_comment":0,"rttpg_category":"<a href=\"https:\/\/arantv.az\/?cat=26\" rel=\"category\">Sosial<\/a>","rttpg_excerpt":"\u018fr\u0259b \u00f6lk\u0259l\u0259rinin K\u0130V-l\u0259ri dahi Az\u0259rbaycan \u015fairi \u0130mad\u0259ddin N\u0259simiy\u0259 h\u0259sr olunmu\u015f geni\u015f m\u0259qal\u0259 d\u0259rc edibl\u0259r. ARANTV.AZ x\u0259b\u0259r verir ki, \u015f\u0259rq\u015f\u00fcnas H\u0259\u015fim M\u0259mm\u0259dov v\u0259 jurnalist \u018fli Z\u00fclf\u00fcqaro\u011flunun m\u00fc\u0259llifi olduqlar\u0131 \u201c\u0130mad\u0259ddin N\u0259simi. B\u0259\u015f\u0259riyy\u0259t\u0259 nur sa\u00e7an g\u00fcn\u0259\u015f\u201d s\u0259rl\u00f6vh\u0259li m\u0259qal\u0259d\u0259 \u015fairin h\u0259yat v\u0259 yarad\u0131c\u0131l\u0131\u011f\u0131 haqq\u0131nda geni\u015f m\u0259lumat yer al\u0131b. Misirin \u201cNile1\u201d, \u0130ordaniyan\u0131n \u201cNayrouz\u201d, \u0130raq\u0131n \u201c\u018ffkarh\u00fcr\u0259\u201d, \u0130raq\u0131n \u201cBobiannews\u201d v\u0259 \u201cQ8-press\u201d portallar\u0131nda&hellip;","_links":{"self":[{"href":"https:\/\/arantv.az\/index.php?rest_route=\/wp\/v2\/posts\/389059"}],"collection":[{"href":"https:\/\/arantv.az\/index.php?rest_route=\/wp\/v2\/posts"}],"about":[{"href":"https:\/\/arantv.az\/index.php?rest_route=\/wp\/v2\/types\/post"}],"author":[{"embeddable":true,"href":"https:\/\/arantv.az\/index.php?rest_route=\/wp\/v2\/users\/2"}],"replies":[{"embeddable":true,"href":"https:\/\/arantv.az\/index.php?rest_route=%2Fwp%2Fv2%2Fcomments&post=389059"}],"version-history":[{"count":0,"href":"https:\/\/arantv.az\/index.php?rest_route=\/wp\/v2\/posts\/389059\/revisions"}],"wp:featuredmedia":[{"embeddable":true,"href":"https:\/\/arantv.az\/index.php?rest_route=\/wp\/v2\/media\/389060"}],"wp:attachment":[{"href":"https:\/\/arantv.az\/index.php?rest_route=%2Fwp%2Fv2%2Fmedia&parent=389059"}],"wp:term":[{"taxonomy":"category","embeddable":true,"href":"https:\/\/arantv.az\/index.php?rest_route=%2Fwp%2Fv2%2Fcategories&post=389059"},{"taxonomy":"post_tag","embeddable":true,"href":"https:\/\/arantv.az\/index.php?rest_route=%2Fwp%2Fv2%2Ftags&post=389059"}],"curies":[{"name":"wp","href":"https:\/\/api.w.org\/{rel}","templated":true}]}}