{"id":389086,"date":"2021-10-11T15:48:52","date_gmt":"2021-10-11T12:48:52","guid":{"rendered":"http:\/\/arantv.az\/?p=389086"},"modified":"2021-10-11T15:48:52","modified_gmt":"2021-10-11T12:48:52","slug":"s%c9%99hid-elvin-islamovun-anim-gunu-idi-video","status":"publish","type":"post","link":"https:\/\/arantv.az\/?p=389086","title":{"rendered":"\u015e\u0259hid Elvin \u0130slamovun an\u0131m g\u00fcn\u00fc idi &#8211; V\u0130DEO"},"content":{"rendered":"<div class=\"article_text\">\n<p><strong>O, F\u00fczuli istiqam\u0259tind\u0259 ged\u0259n d\u00f6y\u00fc\u015fl\u0259rd\u0259 \u015f\u0259hid olub<\/strong><\/p>\n<p><strong>ARANTV.AZ<\/strong>\u00a0 Real TV-y\u0259 istinad\u0259n bildirir ki, V\u0259t\u0259n m\u00fcharib\u0259sinin \u015f\u0259hidi \u0130slamov Elvinin an\u0131m g\u00fcn\u00fcd\u00fcr. \u018fsl\u0259n X\u0131z\u0131dan olan Elvin 1995-ci ild\u0259 Bak\u0131 \u015f\u0259h\u0259rind\u0259 anadan olub. \u015e\u0259hidin \u0259ziz xatir\u0259si onun do\u011fmalar\u0131, yax\u0131nlar\u0131 t\u0259r\u0259find\u0259n yad edildi.<\/p>\n<p>\u015e\u0259hid Elvin \u0130slamov 2013-2014-c\u00fc ill\u0259rd\u0259 Xocav\u0259nd rayonunda xidm\u0259t edib. Onun v\u0259t\u0259n sevgisi b\u00fct\u00fcn sevgil\u0259rd\u0259n \u00fcst\u00fcn olub. Az\u0259rbaycan\u0131n \u0259razi b\u00fct\u00f6vl\u00fcy\u00fc u\u011frunda 2020-ci ilin sentyabr\u0131n 27-d\u0259 ba\u015flayan 44 g\u00fcnl\u00fck V\u0259t\u0259n m\u00fcharib\u0259sind\u0259 i\u015ftirak edib. C\u0259bray\u0131l istiqam\u0259tind\u0259 ged\u0259n d\u00f6y\u00fc\u015fl\u0259rd\u0259 i\u015ftirak edib.<\/p>\n<p>Elvin \u0130slamov F\u00fczuli istiqam\u0259tind\u0259 ged\u0259n d\u00f6y\u00fc\u015fl\u0259rd\u0259 ald\u0131\u011f\u0131 q\u0259lp\u0259 yaras\u0131 n\u0259tic\u0259sind\u0259 \u015f\u0259hidlik zirv\u0259sin\u0259 ucal\u0131b. Prezidentin S\u0259r\u0259ncam\u0131na \u0259sas\u0259n, \u00f6l\u00fcm\u00fcnd\u0259n sonra &#8220;V\u0259t\u0259n u\u011frunda&#8221; , &#8220;Xocav\u0259ndin azad olunmas\u0131na g\u00f6r\u0259&#8221;, &#8220;F\u00fczulinin azad olunmas\u0131na g\u00f6r\u0259&#8221;, &#8221; C\u0259bray\u0131l\u0131n azad olunmas\u0131na g\u00f6r\u0259&#8221; medalalr\u0131 il\u0259 t\u0259ltif edilib.<\/p>\n<p>Qeyd ed\u0259k ki, Yasamalda onun ad\u0131na &#8220;\u015f\u0259hid bula\u011f\u0131&#8221; da tikilib.<\/p>\n<p>&nbsp;<\/p>\n<p><iframe loading=\"lazy\" src=\"https:\/\/daytube.az\/az\/embed\/116248\" width=\"670\" height=\"400\" frameborder=\"0\" allowfullscreen=\"allowfullscreen\"><\/iframe><\/p>\n<\/div>\n<div class=\"social-banner\"><\/div>\n","protected":false},"excerpt":{"rendered":"<p>O, F\u00fczuli istiqam\u0259tind\u0259 ged\u0259n d\u00f6y\u00fc\u015fl\u0259rd\u0259 \u015f\u0259hid olub ARANTV.AZ\u00a0 Real TV-y\u0259 istinad\u0259n bildirir ki, V\u0259t\u0259n m\u00fcharib\u0259sinin \u015f\u0259hidi \u0130slamov Elvinin an\u0131m g\u00fcn\u00fcd\u00fcr. \u018fsl\u0259n X\u0131z\u0131dan olan Elvin 1995-ci ild\u0259 Bak\u0131 \u015f\u0259h\u0259rind\u0259 anadan olub. \u015e\u0259hidin \u0259ziz xatir\u0259si onun do\u011fmalar\u0131, yax\u0131nlar\u0131 t\u0259r\u0259find\u0259n yad edildi. \u015e\u0259hid Elvin \u0130slamov 2013-2014-c\u00fc ill\u0259rd\u0259 Xocav\u0259nd rayonunda xidm\u0259t edib. Onun v\u0259t\u0259n sevgisi b\u00fct\u00fcn sevgil\u0259rd\u0259n \u00fcst\u00fcn olub. Az\u0259rbaycan\u0131n \u0259razi b\u00fct\u00f6vl\u00fcy\u00fc u\u011frunda 2020-ci ilin sentyabr\u0131n 27-d\u0259 ba\u015flayan 44 g\u00fcnl\u00fck V\u0259t\u0259n m\u00fcharib\u0259sind\u0259 i\u015ftirak edib. C\u0259bray\u0131l istiqam\u0259tind\u0259 ged\u0259n d\u00f6y\u00fc\u015fl\u0259rd\u0259 i\u015ftirak edib. Elvin \u0130slamov F\u00fczuli istiqam\u0259tind\u0259 ged\u0259n d\u00f6y\u00fc\u015fl\u0259rd\u0259 ald\u0131\u011f\u0131 q\u0259lp\u0259 yaras\u0131 n\u0259tic\u0259sind\u0259 \u015f\u0259hidlik zirv\u0259sin\u0259 ucal\u0131b. Prezidentin&hellip;<\/p>\n","protected":false},"author":2,"featured_media":389087,"comment_status":"closed","ping_status":"closed","sticky":false,"template":"","format":"standard","meta":{"om_disable_all_campaigns":false,"_monsterinsights_skip_tracking":false,"_monsterinsights_sitenote_active":false,"_monsterinsights_sitenote_note":"","_monsterinsights_sitenote_category":0},"categories":[26],"tags":[],"aioseo_notices":[],"gutentor_comment":0,"rttpg_featured_image_url":{"full":["https:\/\/arantv.az\/wp-content\/uploads\/2021\/10\/986541.jpg",800,600,false],"landscape":["https:\/\/arantv.az\/wp-content\/uploads\/2021\/10\/986541.jpg",800,600,false],"portraits":["https:\/\/arantv.az\/wp-content\/uploads\/2021\/10\/986541.jpg",800,600,false],"thumbnail":["https:\/\/arantv.az\/wp-content\/uploads\/2021\/10\/986541-500x280.jpg",500,280,true],"medium":["https:\/\/arantv.az\/wp-content\/uploads\/2021\/10\/986541-487x365.jpg",487,365,true],"large":["https:\/\/arantv.az\/wp-content\/uploads\/2021\/10\/986541.jpg",640,480,false],"1536x1536":["https:\/\/arantv.az\/wp-content\/uploads\/2021\/10\/986541.jpg",800,600,false],"2048x2048":["https:\/\/arantv.az\/wp-content\/uploads\/2021\/10\/986541.jpg",800,600,false],"post-thumbnail":["https:\/\/arantv.az\/wp-content\/uploads\/2021\/10\/986541-240x172.jpg",240,172,true],"advps-thumb-one":["https:\/\/arantv.az\/wp-content\/uploads\/2021\/10\/986541.jpg",800,600,false]},"rttpg_author":{"display_name":"V\u00fcsal Rafiqo\u011flu","author_link":"https:\/\/arantv.az\/?author=2"},"rttpg_comment":0,"rttpg_category":"<a href=\"https:\/\/arantv.az\/?cat=26\" rel=\"category\">Sosial<\/a>","rttpg_excerpt":"O, F\u00fczuli istiqam\u0259tind\u0259 ged\u0259n d\u00f6y\u00fc\u015fl\u0259rd\u0259 \u015f\u0259hid olub ARANTV.AZ\u00a0 Real TV-y\u0259 istinad\u0259n bildirir ki, V\u0259t\u0259n m\u00fcharib\u0259sinin \u015f\u0259hidi \u0130slamov Elvinin an\u0131m g\u00fcn\u00fcd\u00fcr. \u018fsl\u0259n X\u0131z\u0131dan olan Elvin 1995-ci ild\u0259 Bak\u0131 \u015f\u0259h\u0259rind\u0259 anadan olub. \u015e\u0259hidin \u0259ziz xatir\u0259si onun do\u011fmalar\u0131, yax\u0131nlar\u0131 t\u0259r\u0259find\u0259n yad edildi. \u015e\u0259hid Elvin \u0130slamov 2013-2014-c\u00fc ill\u0259rd\u0259 Xocav\u0259nd rayonunda xidm\u0259t edib. Onun v\u0259t\u0259n sevgisi b\u00fct\u00fcn sevgil\u0259rd\u0259n \u00fcst\u00fcn olub.&hellip;","_links":{"self":[{"href":"https:\/\/arantv.az\/index.php?rest_route=\/wp\/v2\/posts\/389086"}],"collection":[{"href":"https:\/\/arantv.az\/index.php?rest_route=\/wp\/v2\/posts"}],"about":[{"href":"https:\/\/arantv.az\/index.php?rest_route=\/wp\/v2\/types\/post"}],"author":[{"embeddable":true,"href":"https:\/\/arantv.az\/index.php?rest_route=\/wp\/v2\/users\/2"}],"replies":[{"embeddable":true,"href":"https:\/\/arantv.az\/index.php?rest_route=%2Fwp%2Fv2%2Fcomments&post=389086"}],"version-history":[{"count":0,"href":"https:\/\/arantv.az\/index.php?rest_route=\/wp\/v2\/posts\/389086\/revisions"}],"wp:featuredmedia":[{"embeddable":true,"href":"https:\/\/arantv.az\/index.php?rest_route=\/wp\/v2\/media\/389087"}],"wp:attachment":[{"href":"https:\/\/arantv.az\/index.php?rest_route=%2Fwp%2Fv2%2Fmedia&parent=389086"}],"wp:term":[{"taxonomy":"category","embeddable":true,"href":"https:\/\/arantv.az\/index.php?rest_route=%2Fwp%2Fv2%2Fcategories&post=389086"},{"taxonomy":"post_tag","embeddable":true,"href":"https:\/\/arantv.az\/index.php?rest_route=%2Fwp%2Fv2%2Ftags&post=389086"}],"curies":[{"name":"wp","href":"https:\/\/api.w.org\/{rel}","templated":true}]}}