{"id":389089,"date":"2021-10-11T15:51:43","date_gmt":"2021-10-11T12:51:43","guid":{"rendered":"http:\/\/arantv.az\/?p=389089"},"modified":"2021-10-11T15:51:43","modified_gmt":"2021-10-11T12:51:43","slug":"daha-bir-deputat-18-oktyabrin-qeyri-is-gunu-olmasini-t%c9%99klif-edib","status":"publish","type":"post","link":"https:\/\/arantv.az\/?p=389089","title":{"rendered":"Daha bir deputat 18 oktyabr\u0131n qeyri-i\u015f g\u00fcn\u00fc olmas\u0131n\u0131 t\u0259klif edib"},"content":{"rendered":"<p><em>\u201c\u00dcmid edir\u0259m ki, Nazirl\u0259r Kabineti 28 May &#8211; M\u00fcst\u0259qillik G\u00fcn\u00fc v\u0259 18 Oktyabr &#8211; M\u00fcst\u0259qilliyin B\u0259rpas\u0131 G\u00fcn\u00fc qeyri-i\u015f g\u00fcn\u00fc olmas\u0131 bar\u0259d\u0259 q\u0259rar q\u0259bul ed\u0259c\u0259k\u201d.<\/em><\/p>\n<p><strong>ARANTV.AZ x\u0259b\u0259r verir ki,<\/strong>\u00a0bunu Milli M\u0259clisin deputat\u0131\u00a0<strong>Tahir K\u0259rimli<\/strong>\u00a0parlamentin bu g\u00fcn ke\u00e7iril\u0259n plenar iclas\u0131nda \u201cM\u00fcst\u0259qlillik G\u00fcn\u00fc haqq\u0131nda\u201d qanun layih\u0259sinin I oxunu\u015fda m\u00fczakir\u0259si zaman\u0131 deyib.<\/p>\n<p>Deputat xat\u0131rlad\u0131b ki, 1991-ci ilin 18 oktyabr\u0131nda &#8220;Az\u0259rbaycan\u0131n D\u00f6vl\u0259t M\u00fcst\u0259qilliyi haqq\u0131nda Konstitusiya Akt\u0131&#8221;n\u0131n q\u0259bul olunmas\u0131 \u0259slind\u0259 d\u00f6vl\u0259t m\u00fcst\u0259qilliyinin b\u0259rpas\u0131d\u0131r:\u00a0<em>&#8220;O vaxt haz\u0131rlanma prosesind\u0259 t\u0259l\u0259sk\u0259nlik oldu\u011fundan ad d\u00fczg\u00fcn ifad\u0259 olunmay\u0131b. \u018fslind\u0259, 30 avqust tarixind\u0259 biz &#8220;Az\u0259rbaycan D\u00f6vl\u0259t M\u00fcst\u0259qilliyinin B\u0259rpas\u0131 haqq\u0131nda B\u0259yannam\u0259&#8221; q\u0259bul etmi\u015fdik. Y\u0259ni, M\u00fcst\u0259qilliyin B\u0259rpas\u0131 G\u00fcn\u00fc h\u0259l\u0259 1991-ci ild\u0259 q\u0259bul olunmu\u015f b\u0259yannam\u0259dir\u201d.<\/em><\/p>\n","protected":false},"excerpt":{"rendered":"<p>\u201c\u00dcmid edir\u0259m ki, Nazirl\u0259r Kabineti 28 May &#8211; M\u00fcst\u0259qillik G\u00fcn\u00fc v\u0259 18 Oktyabr &#8211; M\u00fcst\u0259qilliyin B\u0259rpas\u0131 G\u00fcn\u00fc qeyri-i\u015f g\u00fcn\u00fc olmas\u0131 bar\u0259d\u0259 q\u0259rar q\u0259bul ed\u0259c\u0259k\u201d. ARANTV.AZ x\u0259b\u0259r verir ki,\u00a0bunu Milli M\u0259clisin deputat\u0131\u00a0Tahir K\u0259rimli\u00a0parlamentin bu g\u00fcn ke\u00e7iril\u0259n plenar iclas\u0131nda \u201cM\u00fcst\u0259qlillik G\u00fcn\u00fc haqq\u0131nda\u201d qanun layih\u0259sinin I oxunu\u015fda m\u00fczakir\u0259si zaman\u0131 deyib. Deputat xat\u0131rlad\u0131b ki, 1991-ci ilin 18 oktyabr\u0131nda &#8220;Az\u0259rbaycan\u0131n D\u00f6vl\u0259t M\u00fcst\u0259qilliyi haqq\u0131nda Konstitusiya Akt\u0131&#8221;n\u0131n q\u0259bul olunmas\u0131 \u0259slind\u0259 d\u00f6vl\u0259t m\u00fcst\u0259qilliyinin b\u0259rpas\u0131d\u0131r:\u00a0&#8220;O vaxt haz\u0131rlanma prosesind\u0259 t\u0259l\u0259sk\u0259nlik oldu\u011fundan ad d\u00fczg\u00fcn ifad\u0259 olunmay\u0131b. \u018fslind\u0259, 30 avqust tarixind\u0259 biz &#8220;Az\u0259rbaycan D\u00f6vl\u0259t M\u00fcst\u0259qilliyinin B\u0259rpas\u0131 haqq\u0131nda B\u0259yannam\u0259&#8221; q\u0259bul etmi\u015fdik. Y\u0259ni, M\u00fcst\u0259qilliyin&hellip;<\/p>\n","protected":false},"author":2,"featured_media":389090,"comment_status":"closed","ping_status":"closed","sticky":false,"template":"","format":"standard","meta":{"om_disable_all_campaigns":false,"_monsterinsights_skip_tracking":false,"_monsterinsights_sitenote_active":false,"_monsterinsights_sitenote_note":"","_monsterinsights_sitenote_category":0},"categories":[4],"tags":[],"aioseo_notices":[],"gutentor_comment":0,"rttpg_featured_image_url":{"full":["https:\/\/arantv.az\/wp-content\/uploads\/2021\/10\/69f62956163395621520635937210409549.jpg",975,540,false],"landscape":["https:\/\/arantv.az\/wp-content\/uploads\/2021\/10\/69f62956163395621520635937210409549.jpg",975,540,false],"portraits":["https:\/\/arantv.az\/wp-content\/uploads\/2021\/10\/69f62956163395621520635937210409549.jpg",975,540,false],"thumbnail":["https:\/\/arantv.az\/wp-content\/uploads\/2021\/10\/69f62956163395621520635937210409549-500x280.jpg",500,280,true],"medium":["https:\/\/arantv.az\/wp-content\/uploads\/2021\/10\/69f62956163395621520635937210409549-660x365.jpg",660,365,true],"large":["https:\/\/arantv.az\/wp-content\/uploads\/2021\/10\/69f62956163395621520635937210409549-840x465.jpg",640,354,true],"1536x1536":["https:\/\/arantv.az\/wp-content\/uploads\/2021\/10\/69f62956163395621520635937210409549.jpg",975,540,false],"2048x2048":["https:\/\/arantv.az\/wp-content\/uploads\/2021\/10\/69f62956163395621520635937210409549.jpg",975,540,false],"post-thumbnail":["https:\/\/arantv.az\/wp-content\/uploads\/2021\/10\/69f62956163395621520635937210409549-240x172.jpg",240,172,true],"advps-thumb-one":["https:\/\/arantv.az\/wp-content\/uploads\/2021\/10\/69f62956163395621520635937210409549.jpg",975,540,false]},"rttpg_author":{"display_name":"V\u00fcsal Rafiqo\u011flu","author_link":"https:\/\/arantv.az\/?author=2"},"rttpg_comment":0,"rttpg_category":"<a href=\"https:\/\/arantv.az\/?cat=4\" rel=\"category\">Siyas\u0259t<\/a>","rttpg_excerpt":"\u201c\u00dcmid edir\u0259m ki, Nazirl\u0259r Kabineti 28 May &#8211; M\u00fcst\u0259qillik G\u00fcn\u00fc v\u0259 18 Oktyabr &#8211; M\u00fcst\u0259qilliyin B\u0259rpas\u0131 G\u00fcn\u00fc qeyri-i\u015f g\u00fcn\u00fc olmas\u0131 bar\u0259d\u0259 q\u0259rar q\u0259bul ed\u0259c\u0259k\u201d. ARANTV.AZ x\u0259b\u0259r verir ki,\u00a0bunu Milli M\u0259clisin deputat\u0131\u00a0Tahir K\u0259rimli\u00a0parlamentin bu g\u00fcn ke\u00e7iril\u0259n plenar iclas\u0131nda \u201cM\u00fcst\u0259qlillik G\u00fcn\u00fc haqq\u0131nda\u201d qanun layih\u0259sinin I oxunu\u015fda m\u00fczakir\u0259si zaman\u0131 deyib. Deputat xat\u0131rlad\u0131b ki, 1991-ci ilin 18 oktyabr\u0131nda &#8220;Az\u0259rbaycan\u0131n&hellip;","_links":{"self":[{"href":"https:\/\/arantv.az\/index.php?rest_route=\/wp\/v2\/posts\/389089"}],"collection":[{"href":"https:\/\/arantv.az\/index.php?rest_route=\/wp\/v2\/posts"}],"about":[{"href":"https:\/\/arantv.az\/index.php?rest_route=\/wp\/v2\/types\/post"}],"author":[{"embeddable":true,"href":"https:\/\/arantv.az\/index.php?rest_route=\/wp\/v2\/users\/2"}],"replies":[{"embeddable":true,"href":"https:\/\/arantv.az\/index.php?rest_route=%2Fwp%2Fv2%2Fcomments&post=389089"}],"version-history":[{"count":0,"href":"https:\/\/arantv.az\/index.php?rest_route=\/wp\/v2\/posts\/389089\/revisions"}],"wp:featuredmedia":[{"embeddable":true,"href":"https:\/\/arantv.az\/index.php?rest_route=\/wp\/v2\/media\/389090"}],"wp:attachment":[{"href":"https:\/\/arantv.az\/index.php?rest_route=%2Fwp%2Fv2%2Fmedia&parent=389089"}],"wp:term":[{"taxonomy":"category","embeddable":true,"href":"https:\/\/arantv.az\/index.php?rest_route=%2Fwp%2Fv2%2Fcategories&post=389089"},{"taxonomy":"post_tag","embeddable":true,"href":"https:\/\/arantv.az\/index.php?rest_route=%2Fwp%2Fv2%2Ftags&post=389089"}],"curies":[{"name":"wp","href":"https:\/\/api.w.org\/{rel}","templated":true}]}}