{"id":389092,"date":"2021-10-11T15:53:10","date_gmt":"2021-10-11T12:53:10","guid":{"rendered":"http:\/\/arantv.az\/?p=389092"},"modified":"2021-10-11T15:53:10","modified_gmt":"2021-10-11T12:53:10","slug":"xarici-diplomatlar-susada-cor%c9%99k-bisiribl%c9%99r","status":"publish","type":"post","link":"https:\/\/arantv.az\/?p=389092","title":{"rendered":"Xarici diplomatlar \u015eu\u015fada \u00e7\u00f6r\u0259k bi\u015firibl\u0259r"},"content":{"rendered":"<p>Az\u0259rbaycan X\u0130N-in sosial \u015f\u0259b\u0259k\u0259 hesablar\u0131nda \u00f6lk\u0259mizd\u0259 f\u0259aliyy\u0259t g\u00f6st\u0259r\u0259n diplomatik korpusun n\u00fcmay\u0259nd\u0259l\u0259ri v\u0259 xarici jurnalistl\u0259rin oktyabr\u0131n 9-u \u015eu\u015fa \u015f\u0259h\u0259rin\u0259 s\u0259f\u0259rind\u0259n maraql\u0131 fotolar payla\u015f\u0131l\u0131b.<\/p>\n<p><strong>ARANTV.AZ\u00a0 x\u0259b\u0259r verir ki,<\/strong>\u00a0\u00a0fotolardan xarici diplomat v\u0259 jurnalistl\u0259rin \u015eu\u015fada \u00e7\u00f6r\u0259k sexin\u0259 ba\u015f \u00e7\u0259kdikl\u0259rini g\u00f6rm\u0259k m\u00fcmk\u00fcnd\u00fcr.<\/p>\n<p>Qonaqlar ziyar\u0259t zaman\u0131 birlikd\u0259 \u015eu\u015fan\u0131n m\u0259\u015fhur Qala \u00e7\u00f6r\u0259yini bi\u015firib, daha sonradan dad\u0131na bax\u0131blar.<\/p>\n<p><img src=\"https:\/\/ikisahil.az\/upload\/\/2021\/10\/11\/\/-7bb06076163395614560711813210447346.jpg\" alt=\"\" \/><\/p>\n","protected":false},"excerpt":{"rendered":"<p>Az\u0259rbaycan X\u0130N-in sosial \u015f\u0259b\u0259k\u0259 hesablar\u0131nda \u00f6lk\u0259mizd\u0259 f\u0259aliyy\u0259t g\u00f6st\u0259r\u0259n diplomatik korpusun n\u00fcmay\u0259nd\u0259l\u0259ri v\u0259 xarici jurnalistl\u0259rin oktyabr\u0131n 9-u \u015eu\u015fa \u015f\u0259h\u0259rin\u0259 s\u0259f\u0259rind\u0259n maraql\u0131 fotolar payla\u015f\u0131l\u0131b. ARANTV.AZ\u00a0 x\u0259b\u0259r verir ki,\u00a0\u00a0fotolardan xarici diplomat v\u0259 jurnalistl\u0259rin \u015eu\u015fada \u00e7\u00f6r\u0259k sexin\u0259 ba\u015f \u00e7\u0259kdikl\u0259rini g\u00f6rm\u0259k m\u00fcmk\u00fcnd\u00fcr. Qonaqlar ziyar\u0259t zaman\u0131 birlikd\u0259 \u015eu\u015fan\u0131n m\u0259\u015fhur Qala \u00e7\u00f6r\u0259yini bi\u015firib, daha sonradan dad\u0131na bax\u0131blar.<\/p>\n","protected":false},"author":2,"featured_media":389093,"comment_status":"closed","ping_status":"closed","sticky":false,"template":"","format":"standard","meta":{"om_disable_all_campaigns":false,"_monsterinsights_skip_tracking":false,"_monsterinsights_sitenote_active":false,"_monsterinsights_sitenote_note":"","_monsterinsights_sitenote_category":0},"categories":[26],"tags":[],"aioseo_notices":[],"gutentor_comment":0,"rttpg_featured_image_url":{"full":["https:\/\/arantv.az\/wp-content\/uploads\/2021\/10\/5c5a93a0163395613389848025910252277.jpg",975,540,false],"landscape":["https:\/\/arantv.az\/wp-content\/uploads\/2021\/10\/5c5a93a0163395613389848025910252277.jpg",975,540,false],"portraits":["https:\/\/arantv.az\/wp-content\/uploads\/2021\/10\/5c5a93a0163395613389848025910252277.jpg",975,540,false],"thumbnail":["https:\/\/arantv.az\/wp-content\/uploads\/2021\/10\/5c5a93a0163395613389848025910252277-500x280.jpg",500,280,true],"medium":["https:\/\/arantv.az\/wp-content\/uploads\/2021\/10\/5c5a93a0163395613389848025910252277-660x365.jpg",660,365,true],"large":["https:\/\/arantv.az\/wp-content\/uploads\/2021\/10\/5c5a93a0163395613389848025910252277-840x465.jpg",640,354,true],"1536x1536":["https:\/\/arantv.az\/wp-content\/uploads\/2021\/10\/5c5a93a0163395613389848025910252277.jpg",975,540,false],"2048x2048":["https:\/\/arantv.az\/wp-content\/uploads\/2021\/10\/5c5a93a0163395613389848025910252277.jpg",975,540,false],"post-thumbnail":["https:\/\/arantv.az\/wp-content\/uploads\/2021\/10\/5c5a93a0163395613389848025910252277-240x172.jpg",240,172,true],"advps-thumb-one":["https:\/\/arantv.az\/wp-content\/uploads\/2021\/10\/5c5a93a0163395613389848025910252277.jpg",975,540,false]},"rttpg_author":{"display_name":"V\u00fcsal Rafiqo\u011flu","author_link":"https:\/\/arantv.az\/?author=2"},"rttpg_comment":0,"rttpg_category":"<a href=\"https:\/\/arantv.az\/?cat=26\" rel=\"category\">Sosial<\/a>","rttpg_excerpt":"Az\u0259rbaycan X\u0130N-in sosial \u015f\u0259b\u0259k\u0259 hesablar\u0131nda \u00f6lk\u0259mizd\u0259 f\u0259aliyy\u0259t g\u00f6st\u0259r\u0259n diplomatik korpusun n\u00fcmay\u0259nd\u0259l\u0259ri v\u0259 xarici jurnalistl\u0259rin oktyabr\u0131n 9-u \u015eu\u015fa \u015f\u0259h\u0259rin\u0259 s\u0259f\u0259rind\u0259n maraql\u0131 fotolar payla\u015f\u0131l\u0131b. ARANTV.AZ\u00a0 x\u0259b\u0259r verir ki,\u00a0\u00a0fotolardan xarici diplomat v\u0259 jurnalistl\u0259rin \u015eu\u015fada \u00e7\u00f6r\u0259k sexin\u0259 ba\u015f \u00e7\u0259kdikl\u0259rini g\u00f6rm\u0259k m\u00fcmk\u00fcnd\u00fcr. Qonaqlar ziyar\u0259t zaman\u0131 birlikd\u0259 \u015eu\u015fan\u0131n m\u0259\u015fhur Qala \u00e7\u00f6r\u0259yini bi\u015firib, daha sonradan dad\u0131na bax\u0131blar.","_links":{"self":[{"href":"https:\/\/arantv.az\/index.php?rest_route=\/wp\/v2\/posts\/389092"}],"collection":[{"href":"https:\/\/arantv.az\/index.php?rest_route=\/wp\/v2\/posts"}],"about":[{"href":"https:\/\/arantv.az\/index.php?rest_route=\/wp\/v2\/types\/post"}],"author":[{"embeddable":true,"href":"https:\/\/arantv.az\/index.php?rest_route=\/wp\/v2\/users\/2"}],"replies":[{"embeddable":true,"href":"https:\/\/arantv.az\/index.php?rest_route=%2Fwp%2Fv2%2Fcomments&post=389092"}],"version-history":[{"count":0,"href":"https:\/\/arantv.az\/index.php?rest_route=\/wp\/v2\/posts\/389092\/revisions"}],"wp:featuredmedia":[{"embeddable":true,"href":"https:\/\/arantv.az\/index.php?rest_route=\/wp\/v2\/media\/389093"}],"wp:attachment":[{"href":"https:\/\/arantv.az\/index.php?rest_route=%2Fwp%2Fv2%2Fmedia&parent=389092"}],"wp:term":[{"taxonomy":"category","embeddable":true,"href":"https:\/\/arantv.az\/index.php?rest_route=%2Fwp%2Fv2%2Fcategories&post=389092"},{"taxonomy":"post_tag","embeddable":true,"href":"https:\/\/arantv.az\/index.php?rest_route=%2Fwp%2Fv2%2Ftags&post=389092"}],"curies":[{"name":"wp","href":"https:\/\/api.w.org\/{rel}","templated":true}]}}