{"id":389095,"date":"2021-10-11T15:55:48","date_gmt":"2021-10-11T12:55:48","guid":{"rendered":"http:\/\/arantv.az\/?p=389095"},"modified":"2021-10-11T15:55:48","modified_gmt":"2021-10-11T12:55:48","slug":"emin-%c9%99mrullayev-qizlar-m%c9%99kt%c9%99binin-yubileyin%c9%99-h%c9%99sr-olunmus-t%c9%99dbird%c9%99-istirak-edib-foto","status":"publish","type":"post","link":"https:\/\/arantv.az\/?p=389095","title":{"rendered":"Emin \u018fmrullayev Q\u0131zlar M\u0259kt\u0259binin yubileyin\u0259 h\u0259sr olunmu\u015f t\u0259dbird\u0259 i\u015ftirak edib &#8211; FOTO"},"content":{"rendered":"<p>T\u0259hsil naziri Emin \u018fmrullayev\u00a0120 il \u0259vv\u0259l \u0259sas\u0131 Hac\u0131 Zeynalabdin Ta\u011f\u0131yev t\u0259r\u0259find\u0259n qoyulmu\u015f Q\u0131zlar M\u0259kt\u0259binin yubileyin\u0259 h\u0259sr olunmu\u015f t\u0259dbird\u0259 i\u015ftirak edib.<\/p>\n<p>Bu bar\u0259d\u0259 nazir \u00f6z\u00fcn\u00fcn \u201cFacebook\u201d hesab\u0131nda m\u0259lumat yay\u0131b:<\/p>\n<p>\u201cBu t\u0259hsil oca\u011f\u0131 Az\u0259rbaycanda q\u0131zlar\u0131n d\u00fcny\u0259vi t\u0259hsilinin \u0259sas\u0131n\u0131 qoymu\u015f, b\u00fct\u00fcn m\u00fcs\u0259lman \u015e\u0259rqind\u0259 t\u0259hsil sah\u0259sind\u0259 inqilabi hadis\u0259y\u0259 \u00e7evrilmi\u015fdir.<\/p>\n<div id=\"AdviadNativeVideo0\" class=\"AdviadNativeVideo\"><\/div>\n<p>Q\u0131zlar\u0131n t\u0259hsili c\u0259miyy\u0259timizin inki\u015faf\u0131 v\u0259 g\u0259l\u0259c\u0259k n\u0259slin t\u0259r\u0259qqisi bax\u0131m\u0131ndan h\u0259lledici rola malikdir.<\/p>\n<p>Haz\u0131rk\u0131 d\u00f6vrd\u0259 \u00f6lk\u0259mizin t\u0259hsil sah\u0259sind\u0259 qad\u0131nlar apar\u0131c\u0131 q\u00fcvv\u0259dir.\u00a0B\u0259zi hallarda ictimai r\u0259yd\u0259 ki\u015fi m\u00fc\u0259lliml\u0259rin sayca azl\u0131q t\u0259\u015fkil etdiyi x\u00fcsusi olaraq vur\u011fulan\u0131r. Q\u0131zlar\u0131n t\u0259hsild\u0259n k\u0259narda qalmamas\u0131, ali t\u0259hsilli xan\u0131mlar\u0131m\u0131z\u0131n \u00e7oxalmas\u0131, texniki v\u0259 fundamental elm sah\u0259l\u0259rind\u0259 qad\u0131n m\u00fct\u0259x\u0259ssisl\u0259rin haz\u0131rlanmas\u0131, q\u0131z \u015fagirdl\u0259rin olimpiadalarda i\u015ftirak\u0131, STEAM v\u0259 proqramla\u015fd\u0131rma t\u0259drisin\u0259 c\u0259lb edilm\u0259si T\u0259hsil Nazirliyinin \u0259sas prioritetl\u0259rind\u0259ndir.<\/p>\n<p>Bu g\u00fcn qeyd olunan Beyn\u0259lxalq Q\u0131zlar G\u00fcn\u00fc m\u00fcnasib\u0259til\u0259 b\u00fct\u00fcn q\u0131zlar\u0131m\u0131z\u0131 t\u0259brik edir, onlara \u00f6lk\u0259mizin inki\u015faf\u0131nda faydal\u0131 v\u0259t\u0259nda\u015f olma\u011f\u0131 arzulay\u0131ram\u201d.<\/p>\n<p>&nbsp;<\/p>\n<div class=\"gallery\">\n<div class=\"gallery-i\"><img src=\"https:\/\/cdn.oxu.az\/uploads\/W1siZiIsIjIwMjEvMTAvMTEvMTYvMTAvMTMvYmI3ZGEyNjktZWJiZS00ZTlkLWE2MzktYTM4MWQyMTcxNDdlLzI0NDg2NzE0OF8zOTg0MjM3MDE5NTgxMDVfMjc3MjkzMzIzMDc5Mzg5NjgxM19uLmpwZyJdLFsicCIsImVuY29kZSIsImpwZyIsIi1xdWFsaXR5IDgwIl0sWyJwIiwidGh1bWIiLCI1OTB4NTkwXHUwMDNlIl1d?sha=0a71ef9d3dc580d5\" alt=\"\" \/><\/p>\n<div class=\"gallery-i-caption\"><\/div>\n<\/div>\n<div class=\"gallery-i\"><img src=\"https:\/\/cdn.oxu.az\/uploads\/W1siZiIsIjIwMjEvMTAvMTEvMTYvMTAvMTMvMjU2M2MxZDItMDVlYS00Y2U0LWFiYzAtN2JhOWJlY2I1NzlkLzI0NDc4Mzc1OF8zOTg0MjM3Nzg2MjQ3NjRfMTE0MTA2Mjk0MDU1MzU1MTc1OF9uLmpwZyJdLFsicCIsImVuY29kZSIsImpwZyIsIi1xdWFsaXR5IDgwIl0sWyJwIiwidGh1bWIiLCI1OTB4NTkwXHUwMDNlIl1d?sha=91f40dc9b85dee51\" alt=\"\" \/><\/p>\n<div class=\"gallery-i-caption\"><\/div>\n<\/div>\n<div class=\"gallery-i\"><img src=\"https:\/\/cdn.oxu.az\/uploads\/W1siZiIsIjIwMjEvMTAvMTEvMTYvMTAvMTMvNTlkYjExNzEtMDhkOC00OTQyLTk5YWEtN2JiZjVkODI0YjdkLzI0NTIxNzQ1Nl8zOTg0MjM3NzE5NTgwOThfMjI0NTk4NzQ1MjAwODU2MDM3Ml9uLmpwZyJdLFsicCIsImVuY29kZSIsImpwZyIsIi1xdWFsaXR5IDgwIl0sWyJwIiwidGh1bWIiLCI1OTB4NTkwXHUwMDNlIl1d?sha=6afc3f9b63a0849b\" alt=\"\" \/><\/p>\n<div class=\"gallery-i-caption\"><\/div>\n<\/div>\n<div class=\"gallery-i\"><img src=\"https:\/\/cdn.oxu.az\/uploads\/W1siZiIsIjIwMjEvMTAvMTEvMTYvMTAvMTMvOTg4NzAxMDEtNmEyYy00OGEwLWE1MDUtMjkxN2EyNThlNmIxLzI0NDk4OTAxOV8zOTg0MjM2MTUyOTE0NDdfNDE3MDk5Njc5NDgzMjg4OTgzNV9uLmpwZyJdLFsicCIsImVuY29kZSIsImpwZyIsIi1xdWFsaXR5IDgwIl0sWyJwIiwidGh1bWIiLCI1OTB4NTkwXHUwMDNlIl1d?sha=0436a256c9295a75\" alt=\"\" \/><\/p>\n<div class=\"gallery-i-caption\"><\/div>\n<\/div>\n<div class=\"gallery-i\"><img src=\"https:\/\/cdn.oxu.az\/uploads\/W1siZiIsIjIwMjEvMTAvMTEvMTYvMTAvMTMvZDYyZTY4M2EtZTZlOS00YmQyLThjMmQtNDhjMzUzOTgxODhjLzI0NDgxNjIzNV8zOTg0MjM2Mjg2MjQ3NzlfMTgxMTczMzUzMzkyMjE4Mzk5X24uanBnIl0sWyJwIiwiZW5jb2RlIiwianBnIiwiLXF1YWxpdHkgODAiXSxbInAiLCJ0aHVtYiIsIjU5MHg1OTBcdTAwM2UiXV0?sha=14b022e5ad5caab9\" alt=\"\" \/><\/p>\n<div class=\"gallery-i-caption\"><\/div>\n<\/div>\n<div class=\"gallery-i\"><img src=\"https:\/\/cdn.oxu.az\/uploads\/W1siZiIsIjIwMjEvMTAvMTEvMTYvMTAvMTQvMGMwYzcyZjMtM2VkMy00MTZiLTg3YTgtMjExYTMzOWQ3MDM1LzI0NDgwNDY5N18zOTg0MjM0OTE5NTgxMjZfODE3NzI5MDA3NjY4MjUyOTM2MV9uLmpwZyJdLFsicCIsImVuY29kZSIsImpwZyIsIi1xdWFsaXR5IDgwIl0sWyJwIiwidGh1bWIiLCI1OTB4NTkwXHUwMDNlIl1d?sha=bc95718f1a2defd7\" alt=\"\" \/><\/div>\n<\/div>\n","protected":false},"excerpt":{"rendered":"<p>T\u0259hsil naziri Emin \u018fmrullayev\u00a0120 il \u0259vv\u0259l \u0259sas\u0131 Hac\u0131 Zeynalabdin Ta\u011f\u0131yev t\u0259r\u0259find\u0259n qoyulmu\u015f Q\u0131zlar M\u0259kt\u0259binin yubileyin\u0259 h\u0259sr olunmu\u015f t\u0259dbird\u0259 i\u015ftirak edib. Bu bar\u0259d\u0259 nazir \u00f6z\u00fcn\u00fcn \u201cFacebook\u201d hesab\u0131nda m\u0259lumat yay\u0131b: \u201cBu t\u0259hsil oca\u011f\u0131 Az\u0259rbaycanda q\u0131zlar\u0131n d\u00fcny\u0259vi t\u0259hsilinin \u0259sas\u0131n\u0131 qoymu\u015f, b\u00fct\u00fcn m\u00fcs\u0259lman \u015e\u0259rqind\u0259 t\u0259hsil sah\u0259sind\u0259 inqilabi hadis\u0259y\u0259 \u00e7evrilmi\u015fdir. Q\u0131zlar\u0131n t\u0259hsili c\u0259miyy\u0259timizin inki\u015faf\u0131 v\u0259 g\u0259l\u0259c\u0259k n\u0259slin t\u0259r\u0259qqisi bax\u0131m\u0131ndan h\u0259lledici rola malikdir. Haz\u0131rk\u0131 d\u00f6vrd\u0259 \u00f6lk\u0259mizin t\u0259hsil sah\u0259sind\u0259 qad\u0131nlar apar\u0131c\u0131 q\u00fcvv\u0259dir.\u00a0B\u0259zi hallarda ictimai r\u0259yd\u0259 ki\u015fi m\u00fc\u0259lliml\u0259rin sayca azl\u0131q t\u0259\u015fkil etdiyi x\u00fcsusi olaraq vur\u011fulan\u0131r. Q\u0131zlar\u0131n t\u0259hsild\u0259n k\u0259narda qalmamas\u0131, ali t\u0259hsilli xan\u0131mlar\u0131m\u0131z\u0131n \u00e7oxalmas\u0131, texniki v\u0259 fundamental elm sah\u0259l\u0259rind\u0259&hellip;<\/p>\n","protected":false},"author":2,"featured_media":389096,"comment_status":"closed","ping_status":"closed","sticky":false,"template":"","format":"standard","meta":{"om_disable_all_campaigns":false,"_monsterinsights_skip_tracking":false,"_monsterinsights_sitenote_active":false,"_monsterinsights_sitenote_note":"","_monsterinsights_sitenote_category":0},"categories":[26],"tags":[],"aioseo_notices":[],"gutentor_comment":0,"rttpg_featured_image_url":{"full":["https:\/\/arantv.az\/wp-content\/uploads\/2021\/10\/4b8af03c-9ab2-4399-8dc1-85d353cc21a6.jpg",620,413,false],"landscape":["https:\/\/arantv.az\/wp-content\/uploads\/2021\/10\/4b8af03c-9ab2-4399-8dc1-85d353cc21a6.jpg",620,413,false],"portraits":["https:\/\/arantv.az\/wp-content\/uploads\/2021\/10\/4b8af03c-9ab2-4399-8dc1-85d353cc21a6.jpg",620,413,false],"thumbnail":["https:\/\/arantv.az\/wp-content\/uploads\/2021\/10\/4b8af03c-9ab2-4399-8dc1-85d353cc21a6-500x280.jpg",500,280,true],"medium":["https:\/\/arantv.az\/wp-content\/uploads\/2021\/10\/4b8af03c-9ab2-4399-8dc1-85d353cc21a6-548x365.jpg",548,365,true],"large":["https:\/\/arantv.az\/wp-content\/uploads\/2021\/10\/4b8af03c-9ab2-4399-8dc1-85d353cc21a6.jpg",620,413,false],"1536x1536":["https:\/\/arantv.az\/wp-content\/uploads\/2021\/10\/4b8af03c-9ab2-4399-8dc1-85d353cc21a6.jpg",620,413,false],"2048x2048":["https:\/\/arantv.az\/wp-content\/uploads\/2021\/10\/4b8af03c-9ab2-4399-8dc1-85d353cc21a6.jpg",620,413,false],"post-thumbnail":["https:\/\/arantv.az\/wp-content\/uploads\/2021\/10\/4b8af03c-9ab2-4399-8dc1-85d353cc21a6-240x172.jpg",240,172,true],"advps-thumb-one":["https:\/\/arantv.az\/wp-content\/uploads\/2021\/10\/4b8af03c-9ab2-4399-8dc1-85d353cc21a6.jpg",620,413,false]},"rttpg_author":{"display_name":"V\u00fcsal Rafiqo\u011flu","author_link":"https:\/\/arantv.az\/?author=2"},"rttpg_comment":0,"rttpg_category":"<a href=\"https:\/\/arantv.az\/?cat=26\" rel=\"category\">Sosial<\/a>","rttpg_excerpt":"T\u0259hsil naziri Emin \u018fmrullayev\u00a0120 il \u0259vv\u0259l \u0259sas\u0131 Hac\u0131 Zeynalabdin Ta\u011f\u0131yev t\u0259r\u0259find\u0259n qoyulmu\u015f Q\u0131zlar M\u0259kt\u0259binin yubileyin\u0259 h\u0259sr olunmu\u015f t\u0259dbird\u0259 i\u015ftirak edib. Bu bar\u0259d\u0259 nazir \u00f6z\u00fcn\u00fcn \u201cFacebook\u201d hesab\u0131nda m\u0259lumat yay\u0131b: \u201cBu t\u0259hsil oca\u011f\u0131 Az\u0259rbaycanda q\u0131zlar\u0131n d\u00fcny\u0259vi t\u0259hsilinin \u0259sas\u0131n\u0131 qoymu\u015f, b\u00fct\u00fcn m\u00fcs\u0259lman \u015e\u0259rqind\u0259 t\u0259hsil sah\u0259sind\u0259 inqilabi hadis\u0259y\u0259 \u00e7evrilmi\u015fdir. Q\u0131zlar\u0131n t\u0259hsili c\u0259miyy\u0259timizin inki\u015faf\u0131 v\u0259 g\u0259l\u0259c\u0259k n\u0259slin t\u0259r\u0259qqisi bax\u0131m\u0131ndan h\u0259lledici&hellip;","_links":{"self":[{"href":"https:\/\/arantv.az\/index.php?rest_route=\/wp\/v2\/posts\/389095"}],"collection":[{"href":"https:\/\/arantv.az\/index.php?rest_route=\/wp\/v2\/posts"}],"about":[{"href":"https:\/\/arantv.az\/index.php?rest_route=\/wp\/v2\/types\/post"}],"author":[{"embeddable":true,"href":"https:\/\/arantv.az\/index.php?rest_route=\/wp\/v2\/users\/2"}],"replies":[{"embeddable":true,"href":"https:\/\/arantv.az\/index.php?rest_route=%2Fwp%2Fv2%2Fcomments&post=389095"}],"version-history":[{"count":0,"href":"https:\/\/arantv.az\/index.php?rest_route=\/wp\/v2\/posts\/389095\/revisions"}],"wp:featuredmedia":[{"embeddable":true,"href":"https:\/\/arantv.az\/index.php?rest_route=\/wp\/v2\/media\/389096"}],"wp:attachment":[{"href":"https:\/\/arantv.az\/index.php?rest_route=%2Fwp%2Fv2%2Fmedia&parent=389095"}],"wp:term":[{"taxonomy":"category","embeddable":true,"href":"https:\/\/arantv.az\/index.php?rest_route=%2Fwp%2Fv2%2Fcategories&post=389095"},{"taxonomy":"post_tag","embeddable":true,"href":"https:\/\/arantv.az\/index.php?rest_route=%2Fwp%2Fv2%2Ftags&post=389095"}],"curies":[{"name":"wp","href":"https:\/\/api.w.org\/{rel}","templated":true}]}}