{"id":389105,"date":"2021-10-11T16:07:57","date_gmt":"2021-10-11T13:07:57","guid":{"rendered":"http:\/\/arantv.az\/?p=389105"},"modified":"2021-10-11T16:07:57","modified_gmt":"2021-10-11T13:07:57","slug":"must%c9%99qillik-gunu-haqqinda-qanun-layih%c9%99si-birinci-oxunusda-q%c9%99bul-edildi","status":"publish","type":"post","link":"https:\/\/arantv.az\/?p=389105","title":{"rendered":"\u201cM\u00fcst\u0259qillik G\u00fcn\u00fc haqq\u0131nda\u201d qanun layih\u0259si birinci oxunu\u015fda q\u0259bul edildi"},"content":{"rendered":"<p>\u201cM\u00fcst\u0259qillik G\u00fcn\u00fc haqq\u0131nda\u201d qanun layih\u0259si birinci oxunu\u015fda q\u0259bul edilib.<\/p>\n<p><strong>ARANTV.AZ\u00a0 x\u0259b\u0259r verir ki,<\/strong>\u00a0qanun layih\u0259si parlamentin bu g\u00fcn ke\u00e7iril\u0259n iclas\u0131nda m\u00fczakir\u0259y\u0259 \u00e7\u0131xar\u0131l\u0131b.<\/p>\n<p>Qanun layih\u0259sin\u0259 \u0259sas\u0259n, Az\u0259rbaycanda 28 May &#8211; &#8220;M\u00fcst\u0259qillik G\u00fcn\u00fc&#8221; v\u0259 18 Oktyabr &#8211; &#8220;M\u00fcst\u0259qilliyin B\u0259rpas\u0131 G\u00fcn\u00fc&#8221; adland\u0131r\u0131lmas\u0131 t\u0259klif edilir.<\/p>\n<p>\u0130ndiy\u0259 q\u0259d\u0259r Az\u0259rbaycanda 28 May Respublika G\u00fcn\u00fc kimi qeyd edilir v\u0259 qeyri-i\u015f g\u00fcn\u00fcd\u00fcr. Yeni qanun layih\u0259sin\u0259 \u0259sas\u0259n, 28 May Respublika G\u00fcn\u00fcn\u00fcn ad\u0131 d\u0259yi\u015fdirilib v\u0259 bundan sonra M\u00fcst\u0259qillik G\u00fcn\u00fc kimi qeyd edil\u0259c\u0259k.<\/p>\n<p>18 Oktyabr is\u0259 D\u00f6vl\u0259t M\u00fcst\u0259qilliyi G\u00fcn\u00fc kimi qeyd olunur v\u0259 bu g\u00fcn r\u0259smi i\u015f g\u00fcn\u00fc hesab olunur. D\u0259yi\u015fiklikd\u0259n sonra 18 Oktyabr &#8211; M\u00fcst\u0259qilliyin B\u0259rpas\u0131 G\u00fcn\u00fc adland\u0131r\u0131lacaq.<\/p>\n<p>Qeyd ed\u0259k ki, 2021-ci il oktyabr\u0131n 18-d\u0259 Azarbaycan Respublikasinin m\u00fcst\u0259qilliyinin b\u0259rpa edilm\u0259sinin 30 ili tamam olur. Az\u0259rbaycan xalq\u0131 1991-ci ildan sonra ilk d\u0259f\u0259 bu bayram\u0131 tam f\u0259rqli olaraq, \u00f6z \u0259razi b\u00fct\u00f6vl\u00fcy\u00fcn\u00fc b\u0259rpa etmi\u015f qalib xalq kimi qeyd edir. Bu bax\u0131mdan, d\u00f6vl\u0259t\u00e7ilik tariximizd\u0259 m\u00fcst\u0259sna \u0259h\u0259miyy\u0259tli m\u0259rh\u0259l\u0259l\u0259rin x\u00fcsus\u0259n m\u00fcst\u0259qilliyin \u0259ld\u0259 edilm\u0259si va b\u0259rpas\u0131 kimi tarixi g\u00fcnl\u0259rin onlar\u0131n mahiyy\u0259ti v\u0259 m\u0259zmununa uy\u011fun daha d\u0259qiq ifad\u0259 olunmas\u0131 b\u00f6yuk \u00f6n\u0259m kasb edir.<\/p>\n<p>D\u0259yi\u015fiklikl\u0259r m\u00fczakir\u0259l\u0259rd\u0259n sonra s\u0259sverm\u0259y\u0259 qoyularaq q\u0259bul edilib.<\/p>\n","protected":false},"excerpt":{"rendered":"<p>\u201cM\u00fcst\u0259qillik G\u00fcn\u00fc haqq\u0131nda\u201d qanun layih\u0259si birinci oxunu\u015fda q\u0259bul edilib. ARANTV.AZ\u00a0 x\u0259b\u0259r verir ki,\u00a0qanun layih\u0259si parlamentin bu g\u00fcn ke\u00e7iril\u0259n iclas\u0131nda m\u00fczakir\u0259y\u0259 \u00e7\u0131xar\u0131l\u0131b. Qanun layih\u0259sin\u0259 \u0259sas\u0259n, Az\u0259rbaycanda 28 May &#8211; &#8220;M\u00fcst\u0259qillik G\u00fcn\u00fc&#8221; v\u0259 18 Oktyabr &#8211; &#8220;M\u00fcst\u0259qilliyin B\u0259rpas\u0131 G\u00fcn\u00fc&#8221; adland\u0131r\u0131lmas\u0131 t\u0259klif edilir. \u0130ndiy\u0259 q\u0259d\u0259r Az\u0259rbaycanda 28 May Respublika G\u00fcn\u00fc kimi qeyd edilir v\u0259 qeyri-i\u015f g\u00fcn\u00fcd\u00fcr. Yeni qanun layih\u0259sin\u0259 \u0259sas\u0259n, 28 May Respublika G\u00fcn\u00fcn\u00fcn ad\u0131 d\u0259yi\u015fdirilib v\u0259 bundan sonra M\u00fcst\u0259qillik G\u00fcn\u00fc kimi qeyd edil\u0259c\u0259k. 18 Oktyabr is\u0259 D\u00f6vl\u0259t M\u00fcst\u0259qilliyi G\u00fcn\u00fc kimi qeyd olunur v\u0259 bu g\u00fcn r\u0259smi i\u015f g\u00fcn\u00fc hesab olunur. D\u0259yi\u015fiklikd\u0259n sonra&hellip;<\/p>\n","protected":false},"author":2,"featured_media":389106,"comment_status":"closed","ping_status":"closed","sticky":false,"template":"","format":"standard","meta":{"om_disable_all_campaigns":false,"_monsterinsights_skip_tracking":false,"_monsterinsights_sitenote_active":false,"_monsterinsights_sitenote_note":"","_monsterinsights_sitenote_category":0},"categories":[4],"tags":[],"aioseo_notices":[],"gutentor_comment":0,"rttpg_featured_image_url":{"full":["https:\/\/arantv.az\/wp-content\/uploads\/2021\/10\/90fd4f88159196318643527151510641179.jpg",975,540,false],"landscape":["https:\/\/arantv.az\/wp-content\/uploads\/2021\/10\/90fd4f88159196318643527151510641179.jpg",975,540,false],"portraits":["https:\/\/arantv.az\/wp-content\/uploads\/2021\/10\/90fd4f88159196318643527151510641179.jpg",975,540,false],"thumbnail":["https:\/\/arantv.az\/wp-content\/uploads\/2021\/10\/90fd4f88159196318643527151510641179-500x280.jpg",500,280,true],"medium":["https:\/\/arantv.az\/wp-content\/uploads\/2021\/10\/90fd4f88159196318643527151510641179-660x365.jpg",660,365,true],"large":["https:\/\/arantv.az\/wp-content\/uploads\/2021\/10\/90fd4f88159196318643527151510641179-840x465.jpg",640,354,true],"1536x1536":["https:\/\/arantv.az\/wp-content\/uploads\/2021\/10\/90fd4f88159196318643527151510641179.jpg",975,540,false],"2048x2048":["https:\/\/arantv.az\/wp-content\/uploads\/2021\/10\/90fd4f88159196318643527151510641179.jpg",975,540,false],"post-thumbnail":["https:\/\/arantv.az\/wp-content\/uploads\/2021\/10\/90fd4f88159196318643527151510641179-240x172.jpg",240,172,true],"advps-thumb-one":["https:\/\/arantv.az\/wp-content\/uploads\/2021\/10\/90fd4f88159196318643527151510641179.jpg",975,540,false]},"rttpg_author":{"display_name":"V\u00fcsal Rafiqo\u011flu","author_link":"https:\/\/arantv.az\/?author=2"},"rttpg_comment":0,"rttpg_category":"<a href=\"https:\/\/arantv.az\/?cat=4\" rel=\"category\">Siyas\u0259t<\/a>","rttpg_excerpt":"\u201cM\u00fcst\u0259qillik G\u00fcn\u00fc haqq\u0131nda\u201d qanun layih\u0259si birinci oxunu\u015fda q\u0259bul edilib. ARANTV.AZ\u00a0 x\u0259b\u0259r verir ki,\u00a0qanun layih\u0259si parlamentin bu g\u00fcn ke\u00e7iril\u0259n iclas\u0131nda m\u00fczakir\u0259y\u0259 \u00e7\u0131xar\u0131l\u0131b. Qanun layih\u0259sin\u0259 \u0259sas\u0259n, Az\u0259rbaycanda 28 May &#8211; &#8220;M\u00fcst\u0259qillik G\u00fcn\u00fc&#8221; v\u0259 18 Oktyabr &#8211; &#8220;M\u00fcst\u0259qilliyin B\u0259rpas\u0131 G\u00fcn\u00fc&#8221; adland\u0131r\u0131lmas\u0131 t\u0259klif edilir. \u0130ndiy\u0259 q\u0259d\u0259r Az\u0259rbaycanda 28 May Respublika G\u00fcn\u00fc kimi qeyd edilir v\u0259 qeyri-i\u015f g\u00fcn\u00fcd\u00fcr. Yeni qanun&hellip;","_links":{"self":[{"href":"https:\/\/arantv.az\/index.php?rest_route=\/wp\/v2\/posts\/389105"}],"collection":[{"href":"https:\/\/arantv.az\/index.php?rest_route=\/wp\/v2\/posts"}],"about":[{"href":"https:\/\/arantv.az\/index.php?rest_route=\/wp\/v2\/types\/post"}],"author":[{"embeddable":true,"href":"https:\/\/arantv.az\/index.php?rest_route=\/wp\/v2\/users\/2"}],"replies":[{"embeddable":true,"href":"https:\/\/arantv.az\/index.php?rest_route=%2Fwp%2Fv2%2Fcomments&post=389105"}],"version-history":[{"count":0,"href":"https:\/\/arantv.az\/index.php?rest_route=\/wp\/v2\/posts\/389105\/revisions"}],"wp:featuredmedia":[{"embeddable":true,"href":"https:\/\/arantv.az\/index.php?rest_route=\/wp\/v2\/media\/389106"}],"wp:attachment":[{"href":"https:\/\/arantv.az\/index.php?rest_route=%2Fwp%2Fv2%2Fmedia&parent=389105"}],"wp:term":[{"taxonomy":"category","embeddable":true,"href":"https:\/\/arantv.az\/index.php?rest_route=%2Fwp%2Fv2%2Fcategories&post=389105"},{"taxonomy":"post_tag","embeddable":true,"href":"https:\/\/arantv.az\/index.php?rest_route=%2Fwp%2Fv2%2Ftags&post=389105"}],"curies":[{"name":"wp","href":"https:\/\/api.w.org\/{rel}","templated":true}]}}