{"id":389108,"date":"2021-10-11T16:08:56","date_gmt":"2021-10-11T13:08:56","guid":{"rendered":"http:\/\/arantv.az\/?p=389108"},"modified":"2021-10-11T16:08:56","modified_gmt":"2021-10-11T13:08:56","slug":"s%c9%99hid-ail%c9%99l%c9%99ri-v%c9%99-muharib%c9%99-%c9%99lill%c9%99ri-ucun-yeni-yasayis-kompleksinin-acilisi-oldu-foto","status":"publish","type":"post","link":"https:\/\/arantv.az\/?p=389108","title":{"rendered":"\u015e\u0259hid ail\u0259l\u0259ri v\u0259 m\u00fcharib\u0259 \u0259lill\u0259ri \u00fc\u00e7\u00fcn yeni ya\u015fay\u0131\u015f kompleksinin a\u00e7\u0131l\u0131\u015f\u0131 oldu &#8211; FOTO"},"content":{"rendered":"<p>\u018fm\u0259k v\u0259 \u018fhalinin Sosial M\u00fcdafi\u0259si Nazirliyi t\u0259r\u0259find\u0259n Samux rayonundak\u0131 yeni \u00e7oxm\u0259nzilli ya\u015fay\u0131\u015f kompleksind\u0259n \u015f\u0259hid ail\u0259l\u0259ri v\u0259 m\u00fcharib\u0259 \u0259lill\u0259rin\u0259 m\u0259nzill\u0259rin verilm\u0259sin\u0259 ba\u015flan\u0131l\u0131b.<\/p>\n<p>Nazirlikd\u0259n veril\u0259n m\u0259lumata g\u00f6r\u0259, 50 m\u0259nzil Samux v\u0259 \u015e\u0259mkir rayonlar\u0131n\u0131n qeyd olunan\u00a0kateqoriyalardan olan sakinl\u0259rin\u0259 t\u0259qdim edilib.<\/p>\n<p>M\u0259nzill\u0259rin t\u0259qdim edilm\u0259si t\u0259dbirind\u0259 \u0259m\u0259k v\u0259 \u0259halinin sosial m\u00fcdafi\u0259si naziri Sahil Babayev\u00a0vur\u011fulay\u0131b ki,\u00a0postm\u00fcharib\u0259 d\u00f6vr\u00fcnd\u0259 \u015f\u0259hid ail\u0259l\u0259rinin \u00fczvl\u0259ri, qazil\u0259r, erm\u0259ni terrorundan z\u0259r\u0259r \u00e7\u0259k\u0259nl\u0259rd\u0259n ibar\u0259t 31 min insan sosial d\u0259st\u0259k paketi il\u0259 \u0259hat\u0259 olunub, onlara 39 min\u0259d\u0259k xidm\u0259t\u00a0g\u00f6st\u0259rilib.<\/p>\n<div id=\"AdviadNativeVideo0\" class=\"AdviadNativeVideo\"><\/div>\n<p>Bildirib ki, Prezident \u0130lham \u018fliyevin x\u00fcsusi diqq\u0259t v\u0259 qay\u011f\u0131s\u0131 n\u0259tic\u0259sind\u0259 \u015f\u0259hid ail\u0259l\u0259ri v\u0259 m\u00fcharib\u0259 \u0259lill\u0259rinin m\u0259nzil v\u0259 f\u0259rdi evl\u0259 t\u0259minat\u0131 proqram\u0131 \u00fc\u00e7 il \u0259vv\u0259l\u0259 nisb\u0259t\u0259n bu il be\u015f\u00a0d\u0259f\u0259 geni\u015fl\u0259nib v\u0259 2021-ci ild\u0259 3 min m\u0259nzil v\u0259 f\u0259rdi evin t\u0259qdim edilm\u0259si i\u015fl\u0259ri apar\u0131l\u0131r.<\/p>\n<p>Onlardan art\u0131q 1 700 m\u0259nzil t\u0259qdim edilib. Bu g\u00fcn\u0259 q\u0259d\u0259r is\u0259 11 min\u0259 yax\u0131n m\u0259nzil v\u0259 f\u0259rdi ev bu kateqoriyalardan olan v\u0259t\u0259nda\u015flara verilib.<\/p>\n<p>Samux rayonundak\u0131 yeni \u00e7oxm\u0259nzilli ya\u015fay\u0131\u015f kompleksi doqquz\u00a0binadan ibar\u0259t olmaqla 200 m\u0259nzillidir. M\u00fcasir t\u0259l\u0259bl\u0259r\u0259 uy\u011fun infrastrukturun yarad\u0131ld\u0131\u011f\u0131 ya\u015fay\u0131\u015f kompleksind\u0259 144 \u015fagirdlik m\u0259kt\u0259b, 50 yerlik ba\u011f\u00e7a, klub icma m\u0259rk\u0259zi, iki\u00a0idman meydan\u00e7as\u0131\u00a0var.<\/p>\n<p>Yeni m\u0259nzill\u0259 t\u0259min edil\u0259n v\u0259t\u0259nda\u015flar \u00f6t\u0259n il V\u0259t\u0259n m\u00fcharib\u0259sind\u0259 \u00f6lk\u0259mizin \u0259ld\u0259 etdiyi tarixi z\u0259f\u0259rin sonsuz q\u00fcrur hissl\u0259rinin \u0259srl\u0259r boyu xalq\u0131m\u0131z\u0131n q\u0259lbind\u0259 ya\u015fayaca\u011f\u0131n\u0131 vur\u011fulay\u0131blar. Onlar \u015f\u0259hid ail\u0259l\u0259rinin v\u0259 m\u00fcharib\u0259 \u0259lill\u0259rinin sosial d\u0259st\u0259kl\u0259 t\u0259min edilm\u0259l\u0259ri, rifah hal\u0131n\u0131n yax\u015f\u0131la\u015fd\u0131r\u0131lmas\u0131 \u00fc\u00e7\u00fcn apar\u0131lan i\u015fl\u0259rd\u0259n raz\u0131l\u0131qla s\u00f6z a\u00e7\u0131b, g\u00f6st\u0259ril\u0259n diqq\u0259t v\u0259 qay\u011f\u0131ya, bu g\u00fcn m\u00fcasir t\u0259l\u0259bl\u0259r\u0259 cavab ver\u0259n yeni m\u0259nzill\u0259rl\u0259 t\u0259min edildikl\u0259rin\u0259 g\u00f6r\u0259 Prezident \u0130lham \u018fliyev\u0259 minn\u0259tdarl\u0131qlar\u0131n\u0131 ifad\u0259 edibl\u0259r.<\/p>\n<p>&nbsp;<\/p>\n<div class=\"gallery\">\n<div class=\"gallery-i\"><img src=\"https:\/\/cdn.oxu.az\/uploads\/W1siZiIsIjIwMjEvMTAvMTEvMTYvNDkvMzMvZDM4NmFhZmItZTBhYy00NTYwLTgyNGUtM2U2OWNjMjliYjA2LzI0NDgzMDczOF8xMDA5ODcxNjc5ODEzNDM3XzU2MDM0MTA5MTU2NjY3NTAxNl9uLmpwZyJdLFsicCIsImVuY29kZSIsImpwZyIsIi1xdWFsaXR5IDgwIl0sWyJwIiwidGh1bWIiLCI1OTB4NTkwXHUwMDNlIl1d?sha=8107236dfa5ba30b\" alt=\"\" \/><\/p>\n<div class=\"gallery-i-caption\"><\/div>\n<\/div>\n<div class=\"gallery-i\"><img src=\"https:\/\/cdn.oxu.az\/uploads\/W1siZiIsIjIwMjEvMTAvMTEvMTYvNDkvMzMvMTNjYjNhMmItNGM2MC00OWQxLTliNDItNmVmYjllMjc4YTFiLzI0NDk4OTAxNl80NTE2NzU4MTI5Mzg0MTRfNjI2MjI1OTg2MjM2NzYxNTk5MF9uLmpwZyJdLFsicCIsImVuY29kZSIsImpwZyIsIi1xdWFsaXR5IDgwIl0sWyJwIiwidGh1bWIiLCI1OTB4NTkwXHUwMDNlIl1d?sha=bce827767c794390\" alt=\"\" \/><\/p>\n<div class=\"gallery-i-caption\"><\/div>\n<\/div>\n<div class=\"gallery-i\"><img src=\"https:\/\/cdn.oxu.az\/uploads\/W1siZiIsIjIwMjEvMTAvMTEvMTYvNDkvMzMvMDIzOTFjZWQtZDk3YS00MTUzLTk1YzctM2JmNzg2ZWRkZWM1LzI0NTIxMTY5N18zMDI4MjUwMTIwNzQ5Njk0XzUyMjAyNjA4NDcwMzAwMjc3NDBfbi5qcGciXSxbInAiLCJlbmNvZGUiLCJqcGciLCItcXVhbGl0eSA4MCJdLFsicCIsInRodW1iIiwiNTkweDU5MFx1MDAzZSJdXQ?sha=9c8aa152db3a4ecc\" alt=\"\" \/><\/p>\n<div class=\"gallery-i-caption\"><\/div>\n<\/div>\n<div class=\"gallery-i\"><img src=\"https:\/\/cdn.oxu.az\/uploads\/W1siZiIsIjIwMjEvMTAvMTEvMTYvNDkvMzMvNDYzNDUwYjctOGViNy00ZTJkLWJiZTktNmJjNjE3MWMzNjdlLzI0NDgwNDY5MF8zMDQzOTU0NDEyNTU4NzgxXzgwMjc3MTE5ODIzMjQyMDUyMDZfbi5qcGciXSxbInAiLCJlbmNvZGUiLCJqcGciLCItcXVhbGl0eSA4MCJdLFsicCIsInRodW1iIiwiNTkweDU5MFx1MDAzZSJdXQ?sha=1fd4ce63cac53c13\" alt=\"\" \/><\/p>\n<div class=\"gallery-i-caption\"><\/div>\n<\/div>\n<div class=\"gallery-i\"><img src=\"https:\/\/cdn.oxu.az\/uploads\/W1siZiIsIjIwMjEvMTAvMTEvMTYvNDkvMzMvYmFhNzUxOTEtZGQwMy00MTc2LWJhZGMtOWQzOGZiZDQ1YjkwLzI0NTA2OTI4N18xMDcwNDQzNDYzNDk0NDk2XzE0Nzg0MTk0MjY4MTEwODA3Njdfbi5qcGciXSxbInAiLCJlbmNvZGUiLCJqcGciLCItcXVhbGl0eSA4MCJdLFsicCIsInRodW1iIiwiNTkweDU5MFx1MDAzZSJdXQ?sha=19323d454fb66d26\" alt=\"\" \/><\/p>\n<div class=\"gallery-i-caption\"><\/div>\n<\/div>\n<div class=\"gallery-i\"><img src=\"https:\/\/cdn.oxu.az\/uploads\/W1siZiIsIjIwMjEvMTAvMTEvMTYvNDkvMzQvZmEyODA5NjgtMTJhZS00NjEyLWE2NDAtMTM1MjZkYmZiMDQzLzI0NDgwMzY0OF80NDI4MzM0NTEzOTE0NDczXzczMDg1OTY1MTIyNzM5ODUzMDdfbi5qcGciXSxbInAiLCJlbmNvZGUiLCJqcGciLCItcXVhbGl0eSA4MCJdLFsicCIsInRodW1iIiwiNTkweDU5MFx1MDAzZSJdXQ?sha=9a07e95af3982282\" alt=\"\" \/><\/p>\n<div class=\"gallery-i-caption\"><\/div>\n<\/div>\n<div class=\"gallery-i\"><img src=\"https:\/\/cdn.oxu.az\/uploads\/W1siZiIsIjIwMjEvMTAvMTEvMTYvNDkvMzQvZDhlYTU1NTQtMjEzZC00NjFhLWI3ZDEtOTYzYTNmZGU2NWIwLzI0NTIwMjU4OF8xNTMwNDA1NTA3MjkyNDQ3XzQ5ODI4MjU2NDU5OTk5ODgwMDFfbi5qcGciXSxbInAiLCJlbmNvZGUiLCJqcGciLCItcXVhbGl0eSA4MCJdLFsicCIsInRodW1iIiwiNTkweDU5MFx1MDAzZSJdXQ?sha=bbb3eead8f854429\" alt=\"\" \/><\/p>\n<div class=\"gallery-i-caption\"><\/div>\n<\/div>\n<div class=\"gallery-i\"><img src=\"https:\/\/cdn.oxu.az\/uploads\/W1siZiIsIjIwMjEvMTAvMTEvMTYvNDkvMzQvMzc0YTI5NDMtNGZjZS00MzkzLWFiMDItNGI3NDBmODdiYTQxLzI0NDkxMTExNF8zNzczNzE0MTc0MTU0NzJfNTcwOTgzNTAyMjA4NzczNTI1OF9uLmpwZyJdLFsicCIsImVuY29kZSIsImpwZyIsIi1xdWFsaXR5IDgwIl0sWyJwIiwidGh1bWIiLCI1OTB4NTkwXHUwMDNlIl1d?sha=c3398cda1c63caba\" alt=\"\" \/><\/div>\n<\/div>\n","protected":false},"excerpt":{"rendered":"<p>\u018fm\u0259k v\u0259 \u018fhalinin Sosial M\u00fcdafi\u0259si Nazirliyi t\u0259r\u0259find\u0259n Samux rayonundak\u0131 yeni \u00e7oxm\u0259nzilli ya\u015fay\u0131\u015f kompleksind\u0259n \u015f\u0259hid ail\u0259l\u0259ri v\u0259 m\u00fcharib\u0259 \u0259lill\u0259rin\u0259 m\u0259nzill\u0259rin verilm\u0259sin\u0259 ba\u015flan\u0131l\u0131b. Nazirlikd\u0259n veril\u0259n m\u0259lumata g\u00f6r\u0259, 50 m\u0259nzil Samux v\u0259 \u015e\u0259mkir rayonlar\u0131n\u0131n qeyd olunan\u00a0kateqoriyalardan olan sakinl\u0259rin\u0259 t\u0259qdim edilib. M\u0259nzill\u0259rin t\u0259qdim edilm\u0259si t\u0259dbirind\u0259 \u0259m\u0259k v\u0259 \u0259halinin sosial m\u00fcdafi\u0259si naziri Sahil Babayev\u00a0vur\u011fulay\u0131b ki,\u00a0postm\u00fcharib\u0259 d\u00f6vr\u00fcnd\u0259 \u015f\u0259hid ail\u0259l\u0259rinin \u00fczvl\u0259ri, qazil\u0259r, erm\u0259ni terrorundan z\u0259r\u0259r \u00e7\u0259k\u0259nl\u0259rd\u0259n ibar\u0259t 31 min insan sosial d\u0259st\u0259k paketi il\u0259 \u0259hat\u0259 olunub, onlara 39 min\u0259d\u0259k xidm\u0259t\u00a0g\u00f6st\u0259rilib. Bildirib ki, Prezident \u0130lham \u018fliyevin x\u00fcsusi diqq\u0259t v\u0259 qay\u011f\u0131s\u0131 n\u0259tic\u0259sind\u0259 \u015f\u0259hid ail\u0259l\u0259ri v\u0259 m\u00fcharib\u0259 \u0259lill\u0259rinin m\u0259nzil v\u0259&hellip;<\/p>\n","protected":false},"author":2,"featured_media":389109,"comment_status":"closed","ping_status":"closed","sticky":false,"template":"","format":"standard","meta":{"om_disable_all_campaigns":false,"_monsterinsights_skip_tracking":false,"_monsterinsights_sitenote_active":false,"_monsterinsights_sitenote_note":"","_monsterinsights_sitenote_category":0},"categories":[26],"tags":[],"aioseo_notices":[],"gutentor_comment":0,"rttpg_featured_image_url":{"full":["https:\/\/arantv.az\/wp-content\/uploads\/2021\/10\/FotoJet-2021-10-11T164909.294.jpg",620,413,false],"landscape":["https:\/\/arantv.az\/wp-content\/uploads\/2021\/10\/FotoJet-2021-10-11T164909.294.jpg",620,413,false],"portraits":["https:\/\/arantv.az\/wp-content\/uploads\/2021\/10\/FotoJet-2021-10-11T164909.294.jpg",620,413,false],"thumbnail":["https:\/\/arantv.az\/wp-content\/uploads\/2021\/10\/FotoJet-2021-10-11T164909.294-500x280.jpg",500,280,true],"medium":["https:\/\/arantv.az\/wp-content\/uploads\/2021\/10\/FotoJet-2021-10-11T164909.294-548x365.jpg",548,365,true],"large":["https:\/\/arantv.az\/wp-content\/uploads\/2021\/10\/FotoJet-2021-10-11T164909.294.jpg",620,413,false],"1536x1536":["https:\/\/arantv.az\/wp-content\/uploads\/2021\/10\/FotoJet-2021-10-11T164909.294.jpg",620,413,false],"2048x2048":["https:\/\/arantv.az\/wp-content\/uploads\/2021\/10\/FotoJet-2021-10-11T164909.294.jpg",620,413,false],"post-thumbnail":["https:\/\/arantv.az\/wp-content\/uploads\/2021\/10\/FotoJet-2021-10-11T164909.294-240x172.jpg",240,172,true],"advps-thumb-one":["https:\/\/arantv.az\/wp-content\/uploads\/2021\/10\/FotoJet-2021-10-11T164909.294.jpg",620,413,false]},"rttpg_author":{"display_name":"V\u00fcsal Rafiqo\u011flu","author_link":"https:\/\/arantv.az\/?author=2"},"rttpg_comment":0,"rttpg_category":"<a href=\"https:\/\/arantv.az\/?cat=26\" rel=\"category\">Sosial<\/a>","rttpg_excerpt":"\u018fm\u0259k v\u0259 \u018fhalinin Sosial M\u00fcdafi\u0259si Nazirliyi t\u0259r\u0259find\u0259n Samux rayonundak\u0131 yeni \u00e7oxm\u0259nzilli ya\u015fay\u0131\u015f kompleksind\u0259n \u015f\u0259hid ail\u0259l\u0259ri v\u0259 m\u00fcharib\u0259 \u0259lill\u0259rin\u0259 m\u0259nzill\u0259rin verilm\u0259sin\u0259 ba\u015flan\u0131l\u0131b. Nazirlikd\u0259n veril\u0259n m\u0259lumata g\u00f6r\u0259, 50 m\u0259nzil Samux v\u0259 \u015e\u0259mkir rayonlar\u0131n\u0131n qeyd olunan\u00a0kateqoriyalardan olan sakinl\u0259rin\u0259 t\u0259qdim edilib. M\u0259nzill\u0259rin t\u0259qdim edilm\u0259si t\u0259dbirind\u0259 \u0259m\u0259k v\u0259 \u0259halinin sosial m\u00fcdafi\u0259si naziri Sahil Babayev\u00a0vur\u011fulay\u0131b ki,\u00a0postm\u00fcharib\u0259 d\u00f6vr\u00fcnd\u0259 \u015f\u0259hid ail\u0259l\u0259rinin \u00fczvl\u0259ri, qazil\u0259r,&hellip;","_links":{"self":[{"href":"https:\/\/arantv.az\/index.php?rest_route=\/wp\/v2\/posts\/389108"}],"collection":[{"href":"https:\/\/arantv.az\/index.php?rest_route=\/wp\/v2\/posts"}],"about":[{"href":"https:\/\/arantv.az\/index.php?rest_route=\/wp\/v2\/types\/post"}],"author":[{"embeddable":true,"href":"https:\/\/arantv.az\/index.php?rest_route=\/wp\/v2\/users\/2"}],"replies":[{"embeddable":true,"href":"https:\/\/arantv.az\/index.php?rest_route=%2Fwp%2Fv2%2Fcomments&post=389108"}],"version-history":[{"count":0,"href":"https:\/\/arantv.az\/index.php?rest_route=\/wp\/v2\/posts\/389108\/revisions"}],"wp:featuredmedia":[{"embeddable":true,"href":"https:\/\/arantv.az\/index.php?rest_route=\/wp\/v2\/media\/389109"}],"wp:attachment":[{"href":"https:\/\/arantv.az\/index.php?rest_route=%2Fwp%2Fv2%2Fmedia&parent=389108"}],"wp:term":[{"taxonomy":"category","embeddable":true,"href":"https:\/\/arantv.az\/index.php?rest_route=%2Fwp%2Fv2%2Fcategories&post=389108"},{"taxonomy":"post_tag","embeddable":true,"href":"https:\/\/arantv.az\/index.php?rest_route=%2Fwp%2Fv2%2Ftags&post=389108"}],"curies":[{"name":"wp","href":"https:\/\/api.w.org\/{rel}","templated":true}]}}