{"id":389114,"date":"2021-10-11T16:25:47","date_gmt":"2021-10-11T13:25:47","guid":{"rendered":"http:\/\/arantv.az\/?p=389114"},"modified":"2021-10-11T19:57:47","modified_gmt":"2021-10-11T16:57:47","slug":"b%c9%99rd%c9%99-dovl%c9%99t-idraetm%c9%99-v%c9%99-texnologiya-kollecin-drektoru-aqrar-elml%c9%99r-f%c9%99ls%c9%99f%c9%99-doktoru-xosrov-musayev-raqub-yunisov-v%c9%99-aktiv-g%c9%99ncl%c9%99r-%c9%99l","status":"publish","type":"post","link":"https:\/\/arantv.az\/?p=389114","title":{"rendered":"B\u0259rd\u0259 D\u00f6vl\u0259t \u0130draetm\u0259 v\u0259 Texnologiya Kolecin Kolektivi \u015e\u0259hid \u018fl\u0259kb\u0259rli Samirin il d\u00f6n\u00fcm\u00fcyl\u0259 ba\u011fl\u0131 \u015f\u0259hidl\u0259r xiyab\u0131n\u0131 ziyar\u0259t edibl\u0259r -Fotolar"},"content":{"rendered":"<p>B\u0259rd\u0259 D\u00f6vl\u0259t \u0130draetm\u0259 V\u0259 Texnologiya Kollecin d\u0130rektoru aqrar elml\u0259r f\u0259ls\u0259f\u0259 doktoru Xosrov Musayev , Raqub Yunisov v\u0259 aktiv g\u0259ncl\u0259r \u018fl\u0259kb\u0259rli Samirin \u015eamil o\u011flunun il d\u00f6n\u00fcm\u00fcyl\u0259 ba\u011fl\u0131 \u015f\u0259hidl\u0259r xiyab\u0131n\u0131 ziyar\u0259t edibl\u0259r .<br \/>\nSamir \u018fl\u0259kb\u0259rli\u00a02 iyul\u00a02002-ci ild\u0259\u00a0B\u0259rd\u0259 rayonunun\u00a0Qarad\u0259mir\u00e7i\u00a0k\u0259ndind\u0259 anadan olmu\u015fdur.\u018fsl\u0259n\u00a0\u015eu\u015fadan\u00a0idi.Samir \u018fl\u0259kb\u0259rli 2020-ci ilin\u00a0avqust\u00a0ay\u0131ndan\u00a0Az\u0259rbaycan Silahl\u0131 Q\u00fcvv\u0259l\u0259rinin\u00a0s\u0131ralar\u0131nda m\u00fcdd\u0259tli h\u0259qiqi h\u0259rbi xidm\u0259td\u0259 idi.<br \/>\nAz\u0259rbaycan Ordusunun\u00a0\u0259sg\u0259ri olan Samir \u018fl\u0259kb\u0259rli 2020-ci il sentyabr\u0131n 27-d\u0259\u00a0Az\u0259rbaycan Silahl\u0131 Q\u00fcvv\u0259l\u0259ri\u00a0t\u0259r\u0259find\u0259n\u00a0Erm\u0259nistan\u00a0i\u015f\u011fal\u0131 alt\u0131nda olan \u0259razil\u0259rin azad edilm\u0259si v\u0259\u00a0Az\u0259rbaycan\u0131n\u00a0\u0259razi b\u00fct\u00f6vl\u00fcy\u00fcn\u00fcn b\u0259rpa olunmas\u0131 \u00fc\u00e7\u00fcn ba\u015flanan\u00a0V\u0259t\u0259n m\u00fcharib\u0259sind\u0259\u00a0i\u015ftirak etmi\u015fdir.\u00a0F\u00fczulinin azad edilm\u0259si u\u011frunda ged\u0259n d\u00f6y\u00fc\u015fl\u0259rd\u0259\u00a0vuru\u015fmu\u015fdur.\u00a010 oktyabr\u00a02020-ci ild\u0259\u00a0F\u00fczuli rayonu\u00a0istiqam\u0259tind\u0259 d\u00f6y\u00fc\u015f tap\u015f\u0131r\u0131\u011f\u0131n\u0131n yerin\u0259 yetirilm\u0259si zaman\u0131 \u015f\u0259hid olmu\u015fdur.<br \/>\nAz\u0259rbaycan\u0131n\u00a0\u0259razi b\u00fct\u00f6vl\u00fcy\u00fcn\u00fcn t\u0259min edilm\u0259si u\u011frunda d\u00f6y\u00fc\u015f \u0259m\u0259liyyatlar\u0131na qat\u0131lan v\u0259 h\u0259rbi hiss\u0259 qar\u015f\u0131s\u0131nda qoyulmu\u015f tap\u015f\u0131r\u0131qlar\u0131n icras\u0131 zaman\u0131 v\u0259zif\u0259 borcunu \u015f\u0259r\u0259fl\u0259 yerin\u0259 yetirdiyi \u00fc\u00e7\u00fcn\u00a0Az\u0259rbaycan Prezidenti\u00a0\u0130lham \u018fliyevin\u00a015.12.2020-ci il tarixli S\u0259r\u0259ncam\u0131na \u0259sas\u0259n Samir \u018fl\u0259kb\u0259rli \u00f6l\u00fcm\u00fcnd\u0259n sonra\u00a0&#8220;V\u0259t\u0259n u\u011frunda&#8221; medal\u0131\u00a0il\u0259 t\u0259ltif edildi.<br \/>\nD\u00f6y\u00fc\u015f tap\u015f\u0131r\u0131qlar\u0131n\u0131 u\u011furla yerin\u0259 yetirdiyi, sona q\u0259d\u0259r d\u00f6y\u00fc\u015fd\u00fcy\u00fc v\u0259 tap\u015f\u0131r\u0131qlar\u0131n yerin\u0259 yetirilm\u0259sind\u0259 f\u0259rql\u0259ndiyi \u00fc\u00e7\u00fcn\u00a0Az\u0259rbaycan Prezidenti\u00a0\u0130lham \u018fliyevin\u00a018.12.2020-ci il tarixli s\u0259r\u0259ncam\u0131na \u0259sas\u0259n Samir \u018fl\u0259kb\u0259rli \u00f6l\u00fcm\u00fcnd\u0259n sonra\u00a0&#8220;D\u00f6y\u00fc\u015fd\u0259 f\u0259rql\u0259nm\u0259y\u0259 g\u00f6r\u0259&#8221; medal\u0131\u00a0il\u0259 t\u0259ltif edilmi\u015fdir.<br \/>\nAz\u0259rbaycan\u0131n\u00a0F\u00fczuli rayonunun\u00a0i\u015f\u011faldan azad edilm\u0259si u\u011frunda apar\u0131lan d\u00f6y\u00fc\u015f \u0259m\u0259liyyatlar\u0131na qat\u0131laraq \u015f\u0259xsi igidliyi v\u0259 \u015f\u00fcca\u0259ti n\u00fcmayi\u015f etdirdiyin\u0259 g\u00f6r\u0259\u00a0Az\u0259rbaycan Prezidenti\u00a0\u0130lham \u018fliyevin\u00a025.12.2020-ci il tarixli S\u0259r\u0259ncam\u0131na \u0259sas\u0259n Samir \u018fl\u0259kb\u0259rli \u00f6l\u00fcm\u00fcnd\u0259n sonra\u00a0&#8220;F\u00fczulinin azad olunmas\u0131na g\u00f6r\u0259&#8221; medal\u0131\u00a0il\u0259 t\u0259ltif edildi<\/p>\n<p><img loading=\"lazy\" class=\"alignnone size-medium wp-image-389115\" src=\"https:\/\/arantv.az\/wp-content\/uploads\/2021\/10\/aff04d32-6f41-485d-b09b-8ae7d5a12da2-274x365.jpg\" alt=\"\" width=\"274\" height=\"365\" \/><img loading=\"lazy\" class=\"alignnone size-medium wp-image-389116\" src=\"https:\/\/arantv.az\/wp-content\/uploads\/2021\/10\/95e8753c-1821-4e7d-8e60-2d343db350cd-274x365.jpg\" alt=\"\" width=\"274\" height=\"365\" \/><img loading=\"lazy\" class=\"alignnone size-medium wp-image-389117\" src=\"https:\/\/arantv.az\/wp-content\/uploads\/2021\/10\/6c68662a-a16c-4120-a697-b15693ade58e-274x365.jpg\" alt=\"\" width=\"274\" height=\"365\" \/><img loading=\"lazy\" class=\"alignnone size-medium wp-image-389118\" src=\"https:\/\/arantv.az\/wp-content\/uploads\/2021\/10\/4a8300f6-c670-4208-8728-2752d83259b3-164x365.jpg\" alt=\"\" width=\"164\" height=\"365\" \/><img loading=\"lazy\" class=\"alignnone size-medium wp-image-389119\" src=\"https:\/\/arantv.az\/wp-content\/uploads\/2021\/10\/102002b6-4ae5-4cdc-a583-166b4f8aade0-274x365.jpg\" alt=\"\" width=\"274\" height=\"365\" \/><img loading=\"lazy\" class=\"alignnone size-medium wp-image-389120\" src=\"https:\/\/arantv.az\/wp-content\/uploads\/2021\/10\/57bce39c-25a7-4888-a6b5-9b63ff60049e-274x365.jpg\" alt=\"\" width=\"274\" height=\"365\" \/><img loading=\"lazy\" class=\"alignnone size-medium wp-image-389121\" src=\"https:\/\/arantv.az\/wp-content\/uploads\/2021\/10\/cc034f0c-5e40-44f5-aea7-f52792a2cd5a-274x365.jpg\" alt=\"\" width=\"274\" height=\"365\" \/><\/p>\n","protected":false},"excerpt":{"rendered":"<p>B\u0259rd\u0259 D\u00f6vl\u0259t \u0130draetm\u0259 V\u0259 Texnologiya Kollecin d\u0130rektoru aqrar elml\u0259r f\u0259ls\u0259f\u0259 doktoru Xosrov Musayev , Raqub Yunisov v\u0259 aktiv g\u0259ncl\u0259r \u018fl\u0259kb\u0259rli Samirin \u015eamil o\u011flunun il d\u00f6n\u00fcm\u00fcyl\u0259 ba\u011fl\u0131 \u015f\u0259hidl\u0259r xiyab\u0131n\u0131 ziyar\u0259t edibl\u0259r . Samir \u018fl\u0259kb\u0259rli\u00a02 iyul\u00a02002-ci ild\u0259\u00a0B\u0259rd\u0259 rayonunun\u00a0Qarad\u0259mir\u00e7i\u00a0k\u0259ndind\u0259 anadan olmu\u015fdur.\u018fsl\u0259n\u00a0\u015eu\u015fadan\u00a0idi.Samir \u018fl\u0259kb\u0259rli 2020-ci ilin\u00a0avqust\u00a0ay\u0131ndan\u00a0Az\u0259rbaycan Silahl\u0131 Q\u00fcvv\u0259l\u0259rinin\u00a0s\u0131ralar\u0131nda m\u00fcdd\u0259tli h\u0259qiqi h\u0259rbi xidm\u0259td\u0259 idi. Az\u0259rbaycan Ordusunun\u00a0\u0259sg\u0259ri olan Samir \u018fl\u0259kb\u0259rli 2020-ci il sentyabr\u0131n 27-d\u0259\u00a0Az\u0259rbaycan Silahl\u0131 Q\u00fcvv\u0259l\u0259ri\u00a0t\u0259r\u0259find\u0259n\u00a0Erm\u0259nistan\u00a0i\u015f\u011fal\u0131 alt\u0131nda olan \u0259razil\u0259rin azad edilm\u0259si v\u0259\u00a0Az\u0259rbaycan\u0131n\u00a0\u0259razi b\u00fct\u00f6vl\u00fcy\u00fcn\u00fcn b\u0259rpa olunmas\u0131 \u00fc\u00e7\u00fcn ba\u015flanan\u00a0V\u0259t\u0259n m\u00fcharib\u0259sind\u0259\u00a0i\u015ftirak etmi\u015fdir.\u00a0F\u00fczulinin azad edilm\u0259si u\u011frunda ged\u0259n d\u00f6y\u00fc\u015fl\u0259rd\u0259\u00a0vuru\u015fmu\u015fdur.\u00a010 oktyabr\u00a02020-ci ild\u0259\u00a0F\u00fczuli rayonu\u00a0istiqam\u0259tind\u0259 d\u00f6y\u00fc\u015f tap\u015f\u0131r\u0131\u011f\u0131n\u0131n yerin\u0259 yetirilm\u0259si zaman\u0131 \u015f\u0259hid olmu\u015fdur. Az\u0259rbaycan\u0131n\u00a0\u0259razi b\u00fct\u00f6vl\u00fcy\u00fcn\u00fcn t\u0259min&hellip;<\/p>\n","protected":false},"author":2,"featured_media":389120,"comment_status":"closed","ping_status":"closed","sticky":false,"template":"","format":"standard","meta":{"om_disable_all_campaigns":false,"_monsterinsights_skip_tracking":false,"_monsterinsights_sitenote_active":false,"_monsterinsights_sitenote_note":"","_monsterinsights_sitenote_category":0},"categories":[19],"tags":[],"aioseo_notices":[],"gutentor_comment":0,"rttpg_featured_image_url":{"full":["https:\/\/arantv.az\/wp-content\/uploads\/2021\/10\/57bce39c-25a7-4888-a6b5-9b63ff60049e.jpg",750,1000,false],"landscape":["https:\/\/arantv.az\/wp-content\/uploads\/2021\/10\/57bce39c-25a7-4888-a6b5-9b63ff60049e.jpg",750,1000,false],"portraits":["https:\/\/arantv.az\/wp-content\/uploads\/2021\/10\/57bce39c-25a7-4888-a6b5-9b63ff60049e.jpg",750,1000,false],"thumbnail":["https:\/\/arantv.az\/wp-content\/uploads\/2021\/10\/57bce39c-25a7-4888-a6b5-9b63ff60049e-500x280.jpg",500,280,true],"medium":["https:\/\/arantv.az\/wp-content\/uploads\/2021\/10\/57bce39c-25a7-4888-a6b5-9b63ff60049e-274x365.jpg",274,365,true],"large":["https:\/\/arantv.az\/wp-content\/uploads\/2021\/10\/57bce39c-25a7-4888-a6b5-9b63ff60049e-630x840.jpg",630,840,true],"1536x1536":["https:\/\/arantv.az\/wp-content\/uploads\/2021\/10\/57bce39c-25a7-4888-a6b5-9b63ff60049e.jpg",750,1000,false],"2048x2048":["https:\/\/arantv.az\/wp-content\/uploads\/2021\/10\/57bce39c-25a7-4888-a6b5-9b63ff60049e.jpg",750,1000,false],"post-thumbnail":["https:\/\/arantv.az\/wp-content\/uploads\/2021\/10\/57bce39c-25a7-4888-a6b5-9b63ff60049e-240x172.jpg",240,172,true],"advps-thumb-one":["https:\/\/arantv.az\/wp-content\/uploads\/2021\/10\/57bce39c-25a7-4888-a6b5-9b63ff60049e-750x620.jpg",750,620,true]},"rttpg_author":{"display_name":"V\u00fcsal Rafiqo\u011flu","author_link":"https:\/\/arantv.az\/?author=2"},"rttpg_comment":0,"rttpg_category":"<a href=\"https:\/\/arantv.az\/?cat=19\" rel=\"category\">G\u00fcnd\u0259m<\/a>","rttpg_excerpt":"B\u0259rd\u0259 D\u00f6vl\u0259t \u0130draetm\u0259 V\u0259 Texnologiya Kollecin d\u0130rektoru aqrar elml\u0259r f\u0259ls\u0259f\u0259 doktoru Xosrov Musayev , Raqub Yunisov v\u0259 aktiv g\u0259ncl\u0259r \u018fl\u0259kb\u0259rli Samirin \u015eamil o\u011flunun il d\u00f6n\u00fcm\u00fcyl\u0259 ba\u011fl\u0131 \u015f\u0259hidl\u0259r xiyab\u0131n\u0131 ziyar\u0259t edibl\u0259r . Samir \u018fl\u0259kb\u0259rli\u00a02 iyul\u00a02002-ci ild\u0259\u00a0B\u0259rd\u0259 rayonunun\u00a0Qarad\u0259mir\u00e7i\u00a0k\u0259ndind\u0259 anadan olmu\u015fdur.\u018fsl\u0259n\u00a0\u015eu\u015fadan\u00a0idi.Samir \u018fl\u0259kb\u0259rli 2020-ci ilin\u00a0avqust\u00a0ay\u0131ndan\u00a0Az\u0259rbaycan Silahl\u0131 Q\u00fcvv\u0259l\u0259rinin\u00a0s\u0131ralar\u0131nda m\u00fcdd\u0259tli h\u0259qiqi h\u0259rbi xidm\u0259td\u0259 idi. Az\u0259rbaycan Ordusunun\u00a0\u0259sg\u0259ri olan Samir \u018fl\u0259kb\u0259rli 2020-ci il&hellip;","_links":{"self":[{"href":"https:\/\/arantv.az\/index.php?rest_route=\/wp\/v2\/posts\/389114"}],"collection":[{"href":"https:\/\/arantv.az\/index.php?rest_route=\/wp\/v2\/posts"}],"about":[{"href":"https:\/\/arantv.az\/index.php?rest_route=\/wp\/v2\/types\/post"}],"author":[{"embeddable":true,"href":"https:\/\/arantv.az\/index.php?rest_route=\/wp\/v2\/users\/2"}],"replies":[{"embeddable":true,"href":"https:\/\/arantv.az\/index.php?rest_route=%2Fwp%2Fv2%2Fcomments&post=389114"}],"version-history":[{"count":0,"href":"https:\/\/arantv.az\/index.php?rest_route=\/wp\/v2\/posts\/389114\/revisions"}],"wp:featuredmedia":[{"embeddable":true,"href":"https:\/\/arantv.az\/index.php?rest_route=\/wp\/v2\/media\/389120"}],"wp:attachment":[{"href":"https:\/\/arantv.az\/index.php?rest_route=%2Fwp%2Fv2%2Fmedia&parent=389114"}],"wp:term":[{"taxonomy":"category","embeddable":true,"href":"https:\/\/arantv.az\/index.php?rest_route=%2Fwp%2Fv2%2Fcategories&post=389114"},{"taxonomy":"post_tag","embeddable":true,"href":"https:\/\/arantv.az\/index.php?rest_route=%2Fwp%2Fv2%2Ftags&post=389114"}],"curies":[{"name":"wp","href":"https:\/\/api.w.org\/{rel}","templated":true}]}}