{"id":389128,"date":"2021-10-11T16:33:15","date_gmt":"2021-10-11T13:33:15","guid":{"rendered":"http:\/\/arantv.az\/?p=389128"},"modified":"2021-10-11T16:33:15","modified_gmt":"2021-10-11T13:33:15","slug":"o-kimdir-hadrut-v%c9%99-fuzulinin-azad-edilm%c9%99sinin-detallari-qazinin-dilind%c9%99n-video","status":"publish","type":"post","link":"https:\/\/arantv.az\/?p=389128","title":{"rendered":"\u201cO kimdir?\u201d: Hadrut v\u0259 F\u00fczulinin azad edilm\u0259sinin detallar\u0131 qazinin dilind\u0259n &#8211; V\u0130DEO"},"content":{"rendered":"<article class=\"news\">\n<div class=\"news-inner\">\n<p>Baku TV-d\u0259 yay\u0131mlanan \u201cO kimdir?\u201d verili\u015finin n\u00f6vb\u0259ti qona\u011f\u0131 V\u0259t\u0259n m\u00fcharib\u0259si qazisi Kamran Dada\u015fzad\u0259 olub.<\/p>\n<div id=\"AdviadNativeVideo0\" class=\"AdviadNativeVideo\"><\/div>\n<p>Qazi erm\u0259nil\u0259rin Hadrutla ba\u011fl\u0131 yayd\u0131qlar\u0131 saxta x\u0259b\u0259rl\u0259rd\u0259n, F\u00fczulinin azad olunmas\u0131ndak\u0131 \u00e7\u0259tinlikl\u0259rd\u0259n b\u0259hs edib. T\u0259hl\u00fck\u0259li d\u00f6y\u00fc\u015f \u0259m\u0259liyyatlar\u0131ndan dan\u0131\u015fan k\u0259\u015ffiyyat\u00e7\u0131n\u0131n s\u00f6zl\u0259rin\u0259 g\u00f6r\u0259, d\u00fc\u015fm\u0259nl\u0259 m\u00fcbariz\u0259 yax\u0131n m\u0259saf\u0259d\u0259 gedib. H\u0259tta el\u0259 hal olub ki, erm\u0259ni h\u0259rb\u00e7il\u0259r Az\u0259rbaycan d\u00f6y\u00fc\u015f\u00e7\u00fcl\u0259ri il\u0259 \u00fcz-\u00fcz\u0259 g\u0259lm\u0259y\u0259n\u0259 q\u0259d\u0259r onlar\u0131n kim oldu\u011funu bilm\u0259yibl\u0259r.<\/p>\n<p>\u018ftrafl\u0131 videonu t\u0259qdim edirik:<\/p>\n<div><iframe loading=\"lazy\" title=\"YouTube video player\" src=\"https:\/\/www.youtube.com\/embed\/BC9UqKnenN4\" width=\"560\" height=\"315\" frameborder=\"0\" allowfullscreen=\"allowfullscreen\"><\/iframe><\/div>\n<\/div>\n<\/article>\n<h2 class=\"news-share-title\"><\/h2>\n","protected":false},"excerpt":{"rendered":"<p>Baku TV-d\u0259 yay\u0131mlanan \u201cO kimdir?\u201d verili\u015finin n\u00f6vb\u0259ti qona\u011f\u0131 V\u0259t\u0259n m\u00fcharib\u0259si qazisi Kamran Dada\u015fzad\u0259 olub. Qazi erm\u0259nil\u0259rin Hadrutla ba\u011fl\u0131 yayd\u0131qlar\u0131 saxta x\u0259b\u0259rl\u0259rd\u0259n, F\u00fczulinin azad olunmas\u0131ndak\u0131 \u00e7\u0259tinlikl\u0259rd\u0259n b\u0259hs edib. T\u0259hl\u00fck\u0259li d\u00f6y\u00fc\u015f \u0259m\u0259liyyatlar\u0131ndan dan\u0131\u015fan k\u0259\u015ffiyyat\u00e7\u0131n\u0131n s\u00f6zl\u0259rin\u0259 g\u00f6r\u0259, d\u00fc\u015fm\u0259nl\u0259 m\u00fcbariz\u0259 yax\u0131n m\u0259saf\u0259d\u0259 gedib. H\u0259tta el\u0259 hal olub ki, erm\u0259ni h\u0259rb\u00e7il\u0259r Az\u0259rbaycan d\u00f6y\u00fc\u015f\u00e7\u00fcl\u0259ri il\u0259 \u00fcz-\u00fcz\u0259 g\u0259lm\u0259y\u0259n\u0259 q\u0259d\u0259r onlar\u0131n kim oldu\u011funu bilm\u0259yibl\u0259r. \u018ftrafl\u0131 videonu t\u0259qdim edirik:<\/p>\n","protected":false},"author":2,"featured_media":389131,"comment_status":"closed","ping_status":"closed","sticky":false,"template":"","format":"standard","meta":{"om_disable_all_campaigns":false,"_monsterinsights_skip_tracking":false,"_monsterinsights_sitenote_active":false,"_monsterinsights_sitenote_note":"","_monsterinsights_sitenote_category":0},"categories":[26],"tags":[],"aioseo_notices":[],"gutentor_comment":0,"rttpg_featured_image_url":{"full":["https:\/\/arantv.az\/wp-content\/uploads\/2021\/10\/FotoJet-6-4.jpg",620,458,false],"landscape":["https:\/\/arantv.az\/wp-content\/uploads\/2021\/10\/FotoJet-6-4.jpg",620,458,false],"portraits":["https:\/\/arantv.az\/wp-content\/uploads\/2021\/10\/FotoJet-6-4.jpg",620,458,false],"thumbnail":["https:\/\/arantv.az\/wp-content\/uploads\/2021\/10\/FotoJet-6-4-500x280.jpg",500,280,true],"medium":["https:\/\/arantv.az\/wp-content\/uploads\/2021\/10\/FotoJet-6-4-494x365.jpg",494,365,true],"large":["https:\/\/arantv.az\/wp-content\/uploads\/2021\/10\/FotoJet-6-4.jpg",620,458,false],"1536x1536":["https:\/\/arantv.az\/wp-content\/uploads\/2021\/10\/FotoJet-6-4.jpg",620,458,false],"2048x2048":["https:\/\/arantv.az\/wp-content\/uploads\/2021\/10\/FotoJet-6-4.jpg",620,458,false],"post-thumbnail":["https:\/\/arantv.az\/wp-content\/uploads\/2021\/10\/FotoJet-6-4-240x172.jpg",240,172,true],"advps-thumb-one":["https:\/\/arantv.az\/wp-content\/uploads\/2021\/10\/FotoJet-6-4.jpg",620,458,false]},"rttpg_author":{"display_name":"V\u00fcsal Rafiqo\u011flu","author_link":"https:\/\/arantv.az\/?author=2"},"rttpg_comment":0,"rttpg_category":"<a href=\"https:\/\/arantv.az\/?cat=26\" rel=\"category\">Sosial<\/a>","rttpg_excerpt":"Baku TV-d\u0259 yay\u0131mlanan \u201cO kimdir?\u201d verili\u015finin n\u00f6vb\u0259ti qona\u011f\u0131 V\u0259t\u0259n m\u00fcharib\u0259si qazisi Kamran Dada\u015fzad\u0259 olub. Qazi erm\u0259nil\u0259rin Hadrutla ba\u011fl\u0131 yayd\u0131qlar\u0131 saxta x\u0259b\u0259rl\u0259rd\u0259n, F\u00fczulinin azad olunmas\u0131ndak\u0131 \u00e7\u0259tinlikl\u0259rd\u0259n b\u0259hs edib. T\u0259hl\u00fck\u0259li d\u00f6y\u00fc\u015f \u0259m\u0259liyyatlar\u0131ndan dan\u0131\u015fan k\u0259\u015ffiyyat\u00e7\u0131n\u0131n s\u00f6zl\u0259rin\u0259 g\u00f6r\u0259, d\u00fc\u015fm\u0259nl\u0259 m\u00fcbariz\u0259 yax\u0131n m\u0259saf\u0259d\u0259 gedib. H\u0259tta el\u0259 hal olub ki, erm\u0259ni h\u0259rb\u00e7il\u0259r Az\u0259rbaycan d\u00f6y\u00fc\u015f\u00e7\u00fcl\u0259ri il\u0259 \u00fcz-\u00fcz\u0259 g\u0259lm\u0259y\u0259n\u0259 q\u0259d\u0259r onlar\u0131n kim oldu\u011funu&hellip;","_links":{"self":[{"href":"https:\/\/arantv.az\/index.php?rest_route=\/wp\/v2\/posts\/389128"}],"collection":[{"href":"https:\/\/arantv.az\/index.php?rest_route=\/wp\/v2\/posts"}],"about":[{"href":"https:\/\/arantv.az\/index.php?rest_route=\/wp\/v2\/types\/post"}],"author":[{"embeddable":true,"href":"https:\/\/arantv.az\/index.php?rest_route=\/wp\/v2\/users\/2"}],"replies":[{"embeddable":true,"href":"https:\/\/arantv.az\/index.php?rest_route=%2Fwp%2Fv2%2Fcomments&post=389128"}],"version-history":[{"count":0,"href":"https:\/\/arantv.az\/index.php?rest_route=\/wp\/v2\/posts\/389128\/revisions"}],"wp:featuredmedia":[{"embeddable":true,"href":"https:\/\/arantv.az\/index.php?rest_route=\/wp\/v2\/media\/389131"}],"wp:attachment":[{"href":"https:\/\/arantv.az\/index.php?rest_route=%2Fwp%2Fv2%2Fmedia&parent=389128"}],"wp:term":[{"taxonomy":"category","embeddable":true,"href":"https:\/\/arantv.az\/index.php?rest_route=%2Fwp%2Fv2%2Fcategories&post=389128"},{"taxonomy":"post_tag","embeddable":true,"href":"https:\/\/arantv.az\/index.php?rest_route=%2Fwp%2Fv2%2Ftags&post=389128"}],"curies":[{"name":"wp","href":"https:\/\/api.w.org\/{rel}","templated":true}]}}