{"id":389136,"date":"2021-10-11T16:36:22","date_gmt":"2021-10-11T13:36:22","guid":{"rendered":"http:\/\/arantv.az\/?p=389136"},"modified":"2021-10-11T16:36:22","modified_gmt":"2021-10-11T13:36:22","slug":"polkovnik-leytenantin-15-yasli-qizi-butun-dunya-s%c9%99simizi-esitm%c9%99li-idi-video","status":"publish","type":"post","link":"https:\/\/arantv.az\/?p=389136","title":{"rendered":"Polkovnik-leytenant\u0131n 15 ya\u015fl\u0131 q\u0131z\u0131: \u201cB\u00fct\u00fcn d\u00fcnya s\u0259simizi e\u015fitm\u0259li idi\u201d &#8211; V\u0130DEO"},"content":{"rendered":"<article class=\"news\">\n<div class=\"news-inner\">\n<p>\u00d6t\u0259n il erm\u0259ni terror\u00e7ular\u0131n\u0131n G\u0259nc\u0259d\u0259 m\u00fclki \u0259halini at\u0259\u015f\u0259 tutmas\u0131 h\u0259r bir az\u0259rbaycanl\u0131ya a\u011f\u0131r t\u0259sir etmi\u015fdi<\/p>\n<p>H\u0259tta u\u015faqlar da buna bigan\u0259 qalmam\u0131\u015fd\u0131. 15 ya\u015fl\u0131 Fidan Umudova m\u00fclki \u0259halinin terror\u00e7ular t\u0259r\u0259find\u0259n \u00f6ld\u00fcr\u00fclm\u0259sin\u0259 etiraz olaraq b\u00fct\u00fcn d\u00fcnyaya ingilis dilind\u0259 m\u00fcraci\u0259t \u00fcnvanlam\u0131\u015fd\u0131. O, b\u00fct\u00fcn d\u00fcnyan\u0131 \u0259dal\u0259t namin\u0259 erm\u0259nil\u0259rin v\u0259h\u015filiyin\u0259 g\u00f6z yummama\u011fa \u00e7a\u011f\u0131rm\u0131\u015fd\u0131.<\/p>\n<p>H\u0259min m\u00fcraci\u0259ti t\u0259qdim edirik:<\/p>\n<div id=\"AdviadNativeVideo0\" class=\"AdviadNativeVideo\"><\/div>\n<p>\u201cSalam, d\u00fcnya. M\u0259nim ad\u0131m Fidan Umudovad\u0131r. M\u0259n Az\u0259rbaycanda do\u011fulmu\u015fam v\u0259 ya\u015fay\u0131ram v\u0259 bu g\u00fcn \u00f6lk\u0259mizd\u0259 yaranm\u0131\u015f v\u0259ziyy\u0259t haqq\u0131nda, x\u00fcsus\u0259n torpa\u011f\u0131m\u0131n dinc \u0259halisinin erm\u0259ni terror\u00e7ular\u0131 t\u0259r\u0259find\u0259n h\u00fccumlara m\u0259ruz qalmas\u0131 haqq\u0131nda dan\u0131\u015fmaq ist\u0259yir\u0259m.<\/p>\n<p>Ondan ba\u015flamaq ist\u0259yir\u0259m ki, biz i\u015f\u011fal olunmu\u015f \u0259razil\u0259rimizin 20 faizini t\u0259xmin\u0259n 30 ildir geri qaytarma\u011fa \u00e7al\u0131\u015f\u0131rd\u0131q. Biz 30 il\u0259 yax\u0131nd\u0131r ki, bu m\u00fcnaqi\u015f\u0259nin s\u00fclh yolu il\u0259 h\u0259ll olunmas\u0131nda d\u00fcnya birliyind\u0259n yard\u0131m g\u00f6zl\u0259yirdik. Ancaq Erm\u0259nistan t\u0259r\u0259fi bir ne\u00e7\u0259 d\u0259f\u0259 c\u0259hd g\u00f6st\u0259rdi ki, bizim m\u00f6vqel\u0259rimiz\u0259 h\u00fccum etsin.<\/p>\n<p>Ona g\u00f6r\u0259 d\u0259 biz cavab verdik v\u0259 tarixi torpaqlar\u0131m\u0131z\u0131 m\u00fcharib\u0259 yolu il\u0259 geri qaytarma\u011fa ba\u015flad\u0131q. Ordumuz rayonlar\u0131, \u015f\u0259h\u0259rl\u0259ri, k\u0259ndl\u0259ri geri qaytar\u0131rd\u0131 v\u0259 bu faktla raz\u0131la\u015fmayan erm\u0259ni t\u0259cav\u00fczkarlar\u0131 G\u0259nc\u0259 v\u0259 Ming\u0259\u00e7evir \u015f\u0259h\u0259rl\u0259rin\u0259 raket z\u0259rb\u0259l\u0259ri endirm\u0259y\u0259 ba\u015flad\u0131lar.<\/p>\n<p>Bu \u015f\u0259h\u0259rl\u0259r h\u0259rbi \u0259m\u0259liyyatlar zonas\u0131ndan k\u0259narda idil\u0259r. Dinc \u0259hali yatark\u0259n bu z\u0259rb\u0259l\u0259r gec\u0259 t\u0259tbiq olunurdu. U\u015faqlar da daxil olmaqla bir \u00e7ox qurbanlar oldu. Bu, art\u0131q m\u00fcharib\u0259 deyil, terrorizm idi. D\u00fcnya birliyi buna g\u00f6z yumurdu. Art\u0131q biz susmad\u0131q. B\u00fct\u00fcn d\u00fcnya s\u0259simizi e\u015fitm\u0259li idi. Qaraba\u011f Az\u0259rbaycand\u0131r!\u201d<\/p>\n<p>Qeyd ed\u0259k ki, Fidan Umudova \u015e\u00f6hr\u0259t ordenli \u018fm\u0259kdar m\u0259\u015fq\u00e7i, tan\u0131nm\u0131\u015f idman m\u00fct\u0259x\u0259ssisi, D\u00f6vl\u0259t S\u0259rh\u0259d Xidm\u0259tinin polkovnik-leytenant\u0131 Firdovsi Umudovun q\u0131z\u0131d\u0131r.<\/p>\n<div><iframe loading=\"lazy\" title=\"YouTube video player\" src=\"https:\/\/www.youtube.com\/embed\/psYQTUQLHkY\" width=\"560\" height=\"315\" frameborder=\"0\" allowfullscreen=\"allowfullscreen\"><\/iframe><\/div>\n<\/div>\n<\/article>\n<h2 class=\"news-share-title\"><\/h2>\n","protected":false},"excerpt":{"rendered":"<p>\u00d6t\u0259n il erm\u0259ni terror\u00e7ular\u0131n\u0131n G\u0259nc\u0259d\u0259 m\u00fclki \u0259halini at\u0259\u015f\u0259 tutmas\u0131 h\u0259r bir az\u0259rbaycanl\u0131ya a\u011f\u0131r t\u0259sir etmi\u015fdi H\u0259tta u\u015faqlar da buna bigan\u0259 qalmam\u0131\u015fd\u0131. 15 ya\u015fl\u0131 Fidan Umudova m\u00fclki \u0259halinin terror\u00e7ular t\u0259r\u0259find\u0259n \u00f6ld\u00fcr\u00fclm\u0259sin\u0259 etiraz olaraq b\u00fct\u00fcn d\u00fcnyaya ingilis dilind\u0259 m\u00fcraci\u0259t \u00fcnvanlam\u0131\u015fd\u0131. O, b\u00fct\u00fcn d\u00fcnyan\u0131 \u0259dal\u0259t namin\u0259 erm\u0259nil\u0259rin v\u0259h\u015filiyin\u0259 g\u00f6z yummama\u011fa \u00e7a\u011f\u0131rm\u0131\u015fd\u0131. H\u0259min m\u00fcraci\u0259ti t\u0259qdim edirik: \u201cSalam, d\u00fcnya. M\u0259nim ad\u0131m Fidan Umudovad\u0131r. M\u0259n Az\u0259rbaycanda do\u011fulmu\u015fam v\u0259 ya\u015fay\u0131ram v\u0259 bu g\u00fcn \u00f6lk\u0259mizd\u0259 yaranm\u0131\u015f v\u0259ziyy\u0259t haqq\u0131nda, x\u00fcsus\u0259n torpa\u011f\u0131m\u0131n dinc \u0259halisinin erm\u0259ni terror\u00e7ular\u0131 t\u0259r\u0259find\u0259n h\u00fccumlara m\u0259ruz qalmas\u0131 haqq\u0131nda dan\u0131\u015fmaq ist\u0259yir\u0259m. Ondan ba\u015flamaq ist\u0259yir\u0259m ki, biz i\u015f\u011fal olunmu\u015f&hellip;<\/p>\n","protected":false},"author":2,"featured_media":389137,"comment_status":"closed","ping_status":"closed","sticky":false,"template":"","format":"standard","meta":{"om_disable_all_campaigns":false,"_monsterinsights_skip_tracking":false,"_monsterinsights_sitenote_active":false,"_monsterinsights_sitenote_note":"","_monsterinsights_sitenote_category":0},"categories":[26],"tags":[],"aioseo_notices":[],"gutentor_comment":0,"rttpg_featured_image_url":{"full":["https:\/\/arantv.az\/wp-content\/uploads\/2021\/10\/87dc838b-ac6a-43af-8c7f-2c4439ef5adc.jpg",620,413,false],"landscape":["https:\/\/arantv.az\/wp-content\/uploads\/2021\/10\/87dc838b-ac6a-43af-8c7f-2c4439ef5adc.jpg",620,413,false],"portraits":["https:\/\/arantv.az\/wp-content\/uploads\/2021\/10\/87dc838b-ac6a-43af-8c7f-2c4439ef5adc.jpg",620,413,false],"thumbnail":["https:\/\/arantv.az\/wp-content\/uploads\/2021\/10\/87dc838b-ac6a-43af-8c7f-2c4439ef5adc-500x280.jpg",500,280,true],"medium":["https:\/\/arantv.az\/wp-content\/uploads\/2021\/10\/87dc838b-ac6a-43af-8c7f-2c4439ef5adc-548x365.jpg",548,365,true],"large":["https:\/\/arantv.az\/wp-content\/uploads\/2021\/10\/87dc838b-ac6a-43af-8c7f-2c4439ef5adc.jpg",620,413,false],"1536x1536":["https:\/\/arantv.az\/wp-content\/uploads\/2021\/10\/87dc838b-ac6a-43af-8c7f-2c4439ef5adc.jpg",620,413,false],"2048x2048":["https:\/\/arantv.az\/wp-content\/uploads\/2021\/10\/87dc838b-ac6a-43af-8c7f-2c4439ef5adc.jpg",620,413,false],"post-thumbnail":["https:\/\/arantv.az\/wp-content\/uploads\/2021\/10\/87dc838b-ac6a-43af-8c7f-2c4439ef5adc-240x172.jpg",240,172,true],"advps-thumb-one":["https:\/\/arantv.az\/wp-content\/uploads\/2021\/10\/87dc838b-ac6a-43af-8c7f-2c4439ef5adc.jpg",620,413,false]},"rttpg_author":{"display_name":"V\u00fcsal Rafiqo\u011flu","author_link":"https:\/\/arantv.az\/?author=2"},"rttpg_comment":0,"rttpg_category":"<a href=\"https:\/\/arantv.az\/?cat=26\" rel=\"category\">Sosial<\/a>","rttpg_excerpt":"\u00d6t\u0259n il erm\u0259ni terror\u00e7ular\u0131n\u0131n G\u0259nc\u0259d\u0259 m\u00fclki \u0259halini at\u0259\u015f\u0259 tutmas\u0131 h\u0259r bir az\u0259rbaycanl\u0131ya a\u011f\u0131r t\u0259sir etmi\u015fdi H\u0259tta u\u015faqlar da buna bigan\u0259 qalmam\u0131\u015fd\u0131. 15 ya\u015fl\u0131 Fidan Umudova m\u00fclki \u0259halinin terror\u00e7ular t\u0259r\u0259find\u0259n \u00f6ld\u00fcr\u00fclm\u0259sin\u0259 etiraz olaraq b\u00fct\u00fcn d\u00fcnyaya ingilis dilind\u0259 m\u00fcraci\u0259t \u00fcnvanlam\u0131\u015fd\u0131. O, b\u00fct\u00fcn d\u00fcnyan\u0131 \u0259dal\u0259t namin\u0259 erm\u0259nil\u0259rin v\u0259h\u015filiyin\u0259 g\u00f6z yummama\u011fa \u00e7a\u011f\u0131rm\u0131\u015fd\u0131. H\u0259min m\u00fcraci\u0259ti t\u0259qdim edirik: \u201cSalam, d\u00fcnya. M\u0259nim&hellip;","_links":{"self":[{"href":"https:\/\/arantv.az\/index.php?rest_route=\/wp\/v2\/posts\/389136"}],"collection":[{"href":"https:\/\/arantv.az\/index.php?rest_route=\/wp\/v2\/posts"}],"about":[{"href":"https:\/\/arantv.az\/index.php?rest_route=\/wp\/v2\/types\/post"}],"author":[{"embeddable":true,"href":"https:\/\/arantv.az\/index.php?rest_route=\/wp\/v2\/users\/2"}],"replies":[{"embeddable":true,"href":"https:\/\/arantv.az\/index.php?rest_route=%2Fwp%2Fv2%2Fcomments&post=389136"}],"version-history":[{"count":0,"href":"https:\/\/arantv.az\/index.php?rest_route=\/wp\/v2\/posts\/389136\/revisions"}],"wp:featuredmedia":[{"embeddable":true,"href":"https:\/\/arantv.az\/index.php?rest_route=\/wp\/v2\/media\/389137"}],"wp:attachment":[{"href":"https:\/\/arantv.az\/index.php?rest_route=%2Fwp%2Fv2%2Fmedia&parent=389136"}],"wp:term":[{"taxonomy":"category","embeddable":true,"href":"https:\/\/arantv.az\/index.php?rest_route=%2Fwp%2Fv2%2Fcategories&post=389136"},{"taxonomy":"post_tag","embeddable":true,"href":"https:\/\/arantv.az\/index.php?rest_route=%2Fwp%2Fv2%2Ftags&post=389136"}],"curies":[{"name":"wp","href":"https:\/\/api.w.org\/{rel}","templated":true}]}}