{"id":389139,"date":"2021-10-11T16:36:57","date_gmt":"2021-10-11T13:36:57","guid":{"rendered":"http:\/\/arantv.az\/?p=389139"},"modified":"2021-10-11T16:36:57","modified_gmt":"2021-10-11T13:36:57","slug":"prezidentd%c9%99n-f%c9%99rman-yeni-dovl%c9%99t-agentliyi-yaradilir","status":"publish","type":"post","link":"https:\/\/arantv.az\/?p=389139","title":{"rendered":"Prezidentd\u0259n f\u0259rman: Yeni D\u00f6vl\u0259t Agentliyi yarad\u0131l\u0131r"},"content":{"rendered":"<p>Prezident \u0130lham \u018fliyev D\u0259niz n\u0259qliyyat\u0131 sah\u0259sind\u0259 idar\u0259etm\u0259nin t\u0259kmill\u0259\u015fdirilm\u0259si il\u0259 ba\u011fl\u0131 b\u0259zi t\u0259dbirl\u0259r haqq\u0131nda f\u0259rman imzalay\u0131b.<\/p>\n<p>Bununla ba\u011fl\u0131\u00a0<a href=\"https:\/\/president.az\/articles\/53409\" target=\"_blank\" rel=\"noopener\">Prezident.az<\/a>\u00a0m\u0259lumat yay\u0131b.<\/p>\n<p>F\u0259rman d\u0259niz n\u0259qliyyat\u0131 sah\u0259sind\u0259 idar\u0259etm\u0259, t\u0259nziml\u0259m\u0259, n\u0259zar\u0259t mexanizml\u0259rinin t\u0259kmill\u0259\u015fdirilm\u0259si, bu sah\u0259d\u0259, habel\u0259 Az\u0259rbaycan Respublikas\u0131n\u0131n d\u0259niz limanlar\u0131nda f\u0259aliyy\u0259tin d\u00f6vl\u0259t t\u0259nziml\u0259nm\u0259si istiqam\u0259tind\u0259 h\u0259yata ke\u00e7iril\u0259n i\u015fin optimalla\u015fd\u0131r\u0131lmas\u0131 v\u0259 r\u0259qab\u0259t\u0259davaml\u0131 d\u0259niz n\u0259qliyyat\u0131 sah\u0259sinin formala\u015fd\u0131r\u0131lmas\u0131 m\u0259qs\u0259dil\u0259 verilib.<\/p>\n<div id=\"AdviadNativeVideo0\" class=\"AdviadNativeVideo\"><\/div>\n<p>S\u0259n\u0259d\u0259 \u0259sas\u0259n, Az\u0259rbaycan Respublikas\u0131n\u0131n N\u0259qliyyat, Rabit\u0259 v\u0259 Y\u00fcks\u0259k Texnologiyalar Nazirliyi yan\u0131nda D\u00f6vl\u0259t D\u0259niz Agentliyinin, habel\u0259 Az\u0259rbaycan Respublikas\u0131n\u0131n N\u0259qliyyat, Rabit\u0259 v\u0259 Y\u00fcks\u0259k Texnologiyalar Nazirliyi yan\u0131nda D\u00f6vl\u0259t D\u0259niz Agentliyinin tabeliyind\u0259 D\u0259niz \u00dczg\u00fc\u00e7\u00fcl\u00fcy\u00fcn\u00fcn T\u0259hl\u00fck\u0259sizliyi M\u0259rk\u0259zi ,el\u0259c\u0259 d\u0259 N\u0259qliyyat v\u0259 Texniki-T\u0259minat \u0130dar\u0259si publik h\u00fcquqi \u015f\u0259xsl\u0259rin \u0259sas\u0131nda Az\u0259rbaycan Respublikas\u0131n\u0131n R\u0259q\u0259msal \u0130nki\u015faf v\u0259 N\u0259qliyyat Nazirliyinin tabeliyind\u0259 \u201cD\u00f6vl\u0259t D\u0259niz v\u0259 Liman Agentliyi\u201d publik h\u00fcquqi \u015f\u0259xs yarad\u0131l\u0131r.<\/p>\n<p>\u201cD\u00f6vl\u0259t D\u0259niz v\u0259 Liman Agentliyinin Nizamnam\u0259si\u201d\u00a0<a href=\"https:\/\/president.az\/articles\/53410\" target=\"_blank\" rel=\"noopener\">t\u0259sdiq edilir<\/a>.<\/p>\n<p>M\u00fc\u0259yy\u0259n edilir ki D\u00f6vl\u0259t D\u0259niz v\u0259 Liman Agentliyi Az\u0259rbaycan Respublikas\u0131n\u0131n \u0259razisind\u0259 d\u0259niz n\u0259qliyyat\u0131 sah\u0259sind\u0259 d\u00f6vl\u0259t siyas\u0259tinin formala\u015fmas\u0131nda, h\u0259yata ke\u00e7irilm\u0259sind\u0259 v\u0259 inki\u015faf\u0131nda i\u015ftirak ed\u0259n, bu sah\u0259d\u0259 t\u0259nziml\u0259m\u0259ni v\u0259 n\u0259zar\u0259ti h\u0259yata ke\u00e7ir\u0259n, d\u0259niz \u00fczg\u00fc\u00e7\u00fcl\u00fcy\u00fcn\u00fcn t\u0259hl\u00fck\u0259sizliyi, d\u0259nizd\u0259 insan h\u0259yat\u0131n\u0131n v\u0259 sa\u011flaml\u0131\u011f\u0131n\u0131n qorunmas\u0131, d\u0259niz \u0259traf m\u00fchitinin m\u00fchafiz\u0259si, habel\u0259 d\u0259niz\u00e7il\u0259rin haz\u0131rlanmas\u0131 sah\u0259sind\u0259 t\u0259dbirl\u0259r g\u00f6r\u0259n, d\u0259niz limanlar\u0131nda f\u0259aliyy\u0259tin d\u00f6vl\u0259t t\u0259nziml\u0259nm\u0259sind\u0259 i\u015ftirak ed\u0259n v\u0259 d\u0259niz \u00fczg\u00fc\u00e7\u00fcl\u00fcy\u00fcn\u00fcn t\u0259hl\u00fck\u0259sizliyi il\u0259 ba\u011fl\u0131 xidm\u0259tl\u0259r (naviqasiya v\u0259 mayak, b\u0259l\u0259d\u00e7i, kanal, l\u00f6vb\u0259r v\u0259 g\u0259mi y\u0131\u011f\u0131m\u0131) g\u00f6st\u0259r\u0259n publik h\u00fcquqi \u015f\u0259xsdir.<\/p>\n","protected":false},"excerpt":{"rendered":"<p>Prezident \u0130lham \u018fliyev D\u0259niz n\u0259qliyyat\u0131 sah\u0259sind\u0259 idar\u0259etm\u0259nin t\u0259kmill\u0259\u015fdirilm\u0259si il\u0259 ba\u011fl\u0131 b\u0259zi t\u0259dbirl\u0259r haqq\u0131nda f\u0259rman imzalay\u0131b. Bununla ba\u011fl\u0131\u00a0Prezident.az\u00a0m\u0259lumat yay\u0131b. F\u0259rman d\u0259niz n\u0259qliyyat\u0131 sah\u0259sind\u0259 idar\u0259etm\u0259, t\u0259nziml\u0259m\u0259, n\u0259zar\u0259t mexanizml\u0259rinin t\u0259kmill\u0259\u015fdirilm\u0259si, bu sah\u0259d\u0259, habel\u0259 Az\u0259rbaycan Respublikas\u0131n\u0131n d\u0259niz limanlar\u0131nda f\u0259aliyy\u0259tin d\u00f6vl\u0259t t\u0259nziml\u0259nm\u0259si istiqam\u0259tind\u0259 h\u0259yata ke\u00e7iril\u0259n i\u015fin optimalla\u015fd\u0131r\u0131lmas\u0131 v\u0259 r\u0259qab\u0259t\u0259davaml\u0131 d\u0259niz n\u0259qliyyat\u0131 sah\u0259sinin formala\u015fd\u0131r\u0131lmas\u0131 m\u0259qs\u0259dil\u0259 verilib. S\u0259n\u0259d\u0259 \u0259sas\u0259n, Az\u0259rbaycan Respublikas\u0131n\u0131n N\u0259qliyyat, Rabit\u0259 v\u0259 Y\u00fcks\u0259k Texnologiyalar Nazirliyi yan\u0131nda D\u00f6vl\u0259t D\u0259niz Agentliyinin, habel\u0259 Az\u0259rbaycan Respublikas\u0131n\u0131n N\u0259qliyyat, Rabit\u0259 v\u0259 Y\u00fcks\u0259k Texnologiyalar Nazirliyi yan\u0131nda D\u00f6vl\u0259t D\u0259niz Agentliyinin tabeliyind\u0259 D\u0259niz \u00dczg\u00fc\u00e7\u00fcl\u00fcy\u00fcn\u00fcn T\u0259hl\u00fck\u0259sizliyi M\u0259rk\u0259zi ,el\u0259c\u0259 d\u0259 N\u0259qliyyat v\u0259 Texniki-T\u0259minat \u0130dar\u0259si publik h\u00fcquqi&hellip;<\/p>\n","protected":false},"author":2,"featured_media":389140,"comment_status":"closed","ping_status":"closed","sticky":false,"template":"","format":"standard","meta":{"om_disable_all_campaigns":false,"_monsterinsights_skip_tracking":false,"_monsterinsights_sitenote_active":false,"_monsterinsights_sitenote_note":"","_monsterinsights_sitenote_category":0},"categories":[4],"tags":[],"aioseo_notices":[],"gutentor_comment":0,"rttpg_featured_image_url":{"full":["https:\/\/arantv.az\/wp-content\/uploads\/2021\/10\/16017394531712422946_1000x669.jpg",605,465,false],"landscape":["https:\/\/arantv.az\/wp-content\/uploads\/2021\/10\/16017394531712422946_1000x669.jpg",605,465,false],"portraits":["https:\/\/arantv.az\/wp-content\/uploads\/2021\/10\/16017394531712422946_1000x669.jpg",605,465,false],"thumbnail":["https:\/\/arantv.az\/wp-content\/uploads\/2021\/10\/16017394531712422946_1000x669-500x280.jpg",500,280,true],"medium":["https:\/\/arantv.az\/wp-content\/uploads\/2021\/10\/16017394531712422946_1000x669-475x365.jpg",475,365,true],"large":["https:\/\/arantv.az\/wp-content\/uploads\/2021\/10\/16017394531712422946_1000x669.jpg",605,465,false],"1536x1536":["https:\/\/arantv.az\/wp-content\/uploads\/2021\/10\/16017394531712422946_1000x669.jpg",605,465,false],"2048x2048":["https:\/\/arantv.az\/wp-content\/uploads\/2021\/10\/16017394531712422946_1000x669.jpg",605,465,false],"post-thumbnail":["https:\/\/arantv.az\/wp-content\/uploads\/2021\/10\/16017394531712422946_1000x669-240x172.jpg",240,172,true],"advps-thumb-one":["https:\/\/arantv.az\/wp-content\/uploads\/2021\/10\/16017394531712422946_1000x669.jpg",605,465,false]},"rttpg_author":{"display_name":"V\u00fcsal Rafiqo\u011flu","author_link":"https:\/\/arantv.az\/?author=2"},"rttpg_comment":0,"rttpg_category":"<a href=\"https:\/\/arantv.az\/?cat=4\" rel=\"category\">Siyas\u0259t<\/a>","rttpg_excerpt":"Prezident \u0130lham \u018fliyev D\u0259niz n\u0259qliyyat\u0131 sah\u0259sind\u0259 idar\u0259etm\u0259nin t\u0259kmill\u0259\u015fdirilm\u0259si il\u0259 ba\u011fl\u0131 b\u0259zi t\u0259dbirl\u0259r haqq\u0131nda f\u0259rman imzalay\u0131b. Bununla ba\u011fl\u0131\u00a0Prezident.az\u00a0m\u0259lumat yay\u0131b. F\u0259rman d\u0259niz n\u0259qliyyat\u0131 sah\u0259sind\u0259 idar\u0259etm\u0259, t\u0259nziml\u0259m\u0259, n\u0259zar\u0259t mexanizml\u0259rinin t\u0259kmill\u0259\u015fdirilm\u0259si, bu sah\u0259d\u0259, habel\u0259 Az\u0259rbaycan Respublikas\u0131n\u0131n d\u0259niz limanlar\u0131nda f\u0259aliyy\u0259tin d\u00f6vl\u0259t t\u0259nziml\u0259nm\u0259si istiqam\u0259tind\u0259 h\u0259yata ke\u00e7iril\u0259n i\u015fin optimalla\u015fd\u0131r\u0131lmas\u0131 v\u0259 r\u0259qab\u0259t\u0259davaml\u0131 d\u0259niz n\u0259qliyyat\u0131 sah\u0259sinin formala\u015fd\u0131r\u0131lmas\u0131 m\u0259qs\u0259dil\u0259 verilib. S\u0259n\u0259d\u0259 \u0259sas\u0259n, Az\u0259rbaycan Respublikas\u0131n\u0131n N\u0259qliyyat,&hellip;","_links":{"self":[{"href":"https:\/\/arantv.az\/index.php?rest_route=\/wp\/v2\/posts\/389139"}],"collection":[{"href":"https:\/\/arantv.az\/index.php?rest_route=\/wp\/v2\/posts"}],"about":[{"href":"https:\/\/arantv.az\/index.php?rest_route=\/wp\/v2\/types\/post"}],"author":[{"embeddable":true,"href":"https:\/\/arantv.az\/index.php?rest_route=\/wp\/v2\/users\/2"}],"replies":[{"embeddable":true,"href":"https:\/\/arantv.az\/index.php?rest_route=%2Fwp%2Fv2%2Fcomments&post=389139"}],"version-history":[{"count":0,"href":"https:\/\/arantv.az\/index.php?rest_route=\/wp\/v2\/posts\/389139\/revisions"}],"wp:featuredmedia":[{"embeddable":true,"href":"https:\/\/arantv.az\/index.php?rest_route=\/wp\/v2\/media\/389140"}],"wp:attachment":[{"href":"https:\/\/arantv.az\/index.php?rest_route=%2Fwp%2Fv2%2Fmedia&parent=389139"}],"wp:term":[{"taxonomy":"category","embeddable":true,"href":"https:\/\/arantv.az\/index.php?rest_route=%2Fwp%2Fv2%2Fcategories&post=389139"},{"taxonomy":"post_tag","embeddable":true,"href":"https:\/\/arantv.az\/index.php?rest_route=%2Fwp%2Fv2%2Ftags&post=389139"}],"curies":[{"name":"wp","href":"https:\/\/api.w.org\/{rel}","templated":true}]}}