{"id":389142,"date":"2021-10-11T16:37:29","date_gmt":"2021-10-11T13:37:29","guid":{"rendered":"http:\/\/arantv.az\/?p=389142"},"modified":"2021-10-11T16:37:29","modified_gmt":"2021-10-11T13:37:29","slug":"az%c9%99rbaycan-biznesinin-inkisafi-fondu-yaradilir-f%c9%99rman","status":"publish","type":"post","link":"https:\/\/arantv.az\/?p=389142","title":{"rendered":"Az\u0259rbaycan Biznesinin \u0130nki\u015faf\u0131 Fondu yarad\u0131l\u0131r &#8211; F\u018fRMAN"},"content":{"rendered":"<p>Prezident \u0130lham \u018fliyev Sahibkarl\u0131\u011f\u0131n inki\u015faf\u0131na d\u00f6vl\u0259t d\u0259st\u0259yi sah\u0259sind\u0259 idar\u0259etm\u0259nin t\u0259kmill\u0259\u015fdirilm\u0259si haqq\u0131nda f\u0259rman imzalay\u0131b.<\/p>\n<p>Bununla ba\u011fl\u0131\u00a0<a href=\"https:\/\/president.az\/articles\/53411\" target=\"_blank\" rel=\"noopener\">Prezident.az<\/a>\u00a0m\u0259lumat yay\u0131b.<\/p>\n<p>F\u0259rman iqtisadiyyat\u0131n qeyri-neft sektoruna investisiya qoyulu\u015funun t\u0259\u015fviqi, sahibkarl\u0131\u011f\u0131n inki\u015faf\u0131na d\u00f6vl\u0259t d\u0259st\u0259yi sah\u0259sind\u0259 idar\u0259etm\u0259 sisteminin optimalla\u015fd\u0131r\u0131lmas\u0131 v\u0259 s\u0259m\u0259r\u0259liliyinin y\u00fcks\u0259ldilm\u0259si, \u0259laq\u0259l\u0259ndirm\u0259nin g\u00fccl\u0259ndirilm\u0259si, bu sah\u0259d\u0259 \u015f\u0259ffafl\u0131\u011f\u0131n v\u0259 sahibkar m\u0259mnunlu\u011funun daha da art\u0131r\u0131lmas\u0131 m\u0259qs\u0259dil\u0259 verilib.<\/p>\n<div id=\"AdviadNativeVideo0\" class=\"AdviadNativeVideo\"><\/div>\n<p>S\u0259n\u0259d\u0259 \u0259sas\u0259n, Az\u0259rbaycan Respublikas\u0131 \u0130qtisadiyyat Nazirliyinin tabeliyind\u0259ki \u201cAz\u0259rbaycan Respublikas\u0131n\u0131n Sahibkarl\u0131\u011f\u0131n \u0130nki\u015faf\u0131 Fondu\u201d publik h\u00fcquqi \u015f\u0259xsin v\u0259 \u201cAz\u0259rbaycan \u0130nvestisiya \u015eirk\u0259ti\u201d A\u00e7\u0131q S\u0259hmdar C\u0259miyy\u0259tinin birl\u0259\u015fm\u0259 formas\u0131nda yenid\u0259n t\u0259\u015fkili yolu il\u0259 Az\u0259rbaycan Respublikas\u0131 \u0130qtisadiyyat Nazirliyinin tabeliyind\u0259 \u201cAz\u0259rbaycan Biznesinin \u0130nki\u015faf\u0131 Fondu\u201d publik h\u00fcquqi \u015f\u0259xs yarad\u0131l\u0131r.<\/p>\n<p>Fond Az\u0259rbaycan Respublikas\u0131 Sahibkarl\u0131\u011f\u0131n \u0130nki\u015faf\u0131 Fondunun v\u0259 \u201cAz\u0259rbaycan \u0130nvestisiya \u015eirk\u0259ti\u201d A\u00e7\u0131q S\u0259hmdar C\u0259miyy\u0259tinin h\u00fcquqi varisidir, onlar\u0131n h\u00fcquq v\u0259 \u00f6hd\u0259likl\u0259ri, habel\u0259 \u0259mlak\u0131 Fonda ke\u00e7ir.<\/p>\n<p>M\u00fc\u0259yy\u0259n edilir ki, Fond iqtisadiyyat\u0131n qeyri-neft sah\u0259l\u0259rinin inki\u015faf\u0131n\u0131 d\u0259st\u0259kl\u0259y\u0259n, bu sah\u0259d\u0259 f\u0259aliyy\u0259tin stimulla\u015fd\u0131r\u0131lmas\u0131n\u0131 t\u0259min ed\u0259n, habel\u0259 sahibkarl\u0131\u011f\u0131n inki\u015faf\u0131na maliyy\u0259 d\u0259st\u0259yi g\u00f6st\u0259r\u0259n publik h\u00fcquqi \u015f\u0259xsdir.<\/p>\n<p>Fondun f\u0259aliyy\u0259tin\u0259 \u00fcmumi r\u0259hb\u0259rliyi v\u0259 n\u0259zar\u0259ti h\u0259yata ke\u00e7irm\u0259k \u00fc\u00e7\u00fcn doqquz \u00fczvd\u0259n ibar\u0259t M\u00fc\u015fahid\u0259 \u015euras\u0131 yarad\u0131l\u0131r.<\/p>\n<p>M\u00fc\u015fahid\u0259 \u015euras\u0131n\u0131n be\u015f \u00fczv\u00fcn\u00fc Nazirlik, d\u00f6rd \u00fczv\u00fcn\u00fc is\u0259 a\u015fa\u011f\u0131dak\u0131 d\u00f6vl\u0259t qurumlar\u0131 (h\u0259r qurumdan bir n\u0259f\u0259r olmaqla) t\u0259yin edirl\u0259r:<\/p>\n<p>1. Az\u0259rbaycan Respublikas\u0131n\u0131n M\u0259rk\u0259zi Bank\u0131;<\/p>\n<p>2. Az\u0259rbaycan Respublikas\u0131n\u0131n Maliyy\u0259 Nazirliyi;<\/p>\n<p>3. Az\u0259rbaycan Respublikas\u0131n\u0131n \u018fm\u0259k v\u0259 \u018fhalinin Sosial M\u00fcdafi\u0259si Nazirliyi;<\/p>\n<p>4. Az\u0259rbaycan Respublikas\u0131n\u0131n D\u00f6vl\u0259t Turizm Agentliyi;<\/p>\n<p>M\u00fc\u015fahid\u0259 \u015euras\u0131n\u0131n s\u0259dri Az\u0259rbaycan Respublikas\u0131n\u0131n iqtisadiyyat naziri t\u0259r\u0259find\u0259n v\u0259zif\u0259y\u0259 t\u0259yin v\u0259 v\u0259zif\u0259d\u0259n azad edilir.<\/p>\n","protected":false},"excerpt":{"rendered":"<p>Prezident \u0130lham \u018fliyev Sahibkarl\u0131\u011f\u0131n inki\u015faf\u0131na d\u00f6vl\u0259t d\u0259st\u0259yi sah\u0259sind\u0259 idar\u0259etm\u0259nin t\u0259kmill\u0259\u015fdirilm\u0259si haqq\u0131nda f\u0259rman imzalay\u0131b. Bununla ba\u011fl\u0131\u00a0Prezident.az\u00a0m\u0259lumat yay\u0131b. F\u0259rman iqtisadiyyat\u0131n qeyri-neft sektoruna investisiya qoyulu\u015funun t\u0259\u015fviqi, sahibkarl\u0131\u011f\u0131n inki\u015faf\u0131na d\u00f6vl\u0259t d\u0259st\u0259yi sah\u0259sind\u0259 idar\u0259etm\u0259 sisteminin optimalla\u015fd\u0131r\u0131lmas\u0131 v\u0259 s\u0259m\u0259r\u0259liliyinin y\u00fcks\u0259ldilm\u0259si, \u0259laq\u0259l\u0259ndirm\u0259nin g\u00fccl\u0259ndirilm\u0259si, bu sah\u0259d\u0259 \u015f\u0259ffafl\u0131\u011f\u0131n v\u0259 sahibkar m\u0259mnunlu\u011funun daha da art\u0131r\u0131lmas\u0131 m\u0259qs\u0259dil\u0259 verilib. S\u0259n\u0259d\u0259 \u0259sas\u0259n, Az\u0259rbaycan Respublikas\u0131 \u0130qtisadiyyat Nazirliyinin tabeliyind\u0259ki \u201cAz\u0259rbaycan Respublikas\u0131n\u0131n Sahibkarl\u0131\u011f\u0131n \u0130nki\u015faf\u0131 Fondu\u201d publik h\u00fcquqi \u015f\u0259xsin v\u0259 \u201cAz\u0259rbaycan \u0130nvestisiya \u015eirk\u0259ti\u201d A\u00e7\u0131q S\u0259hmdar C\u0259miyy\u0259tinin birl\u0259\u015fm\u0259 formas\u0131nda yenid\u0259n t\u0259\u015fkili yolu il\u0259 Az\u0259rbaycan Respublikas\u0131 \u0130qtisadiyyat Nazirliyinin tabeliyind\u0259 \u201cAz\u0259rbaycan Biznesinin \u0130nki\u015faf\u0131 Fondu\u201d publik h\u00fcquqi \u015f\u0259xs yarad\u0131l\u0131r. Fond Az\u0259rbaycan&hellip;<\/p>\n","protected":false},"author":2,"featured_media":389143,"comment_status":"closed","ping_status":"closed","sticky":false,"template":"","format":"standard","meta":{"om_disable_all_campaigns":false,"_monsterinsights_skip_tracking":false,"_monsterinsights_sitenote_active":false,"_monsterinsights_sitenote_note":"","_monsterinsights_sitenote_category":0},"categories":[4],"tags":[],"aioseo_notices":[],"gutentor_comment":0,"rttpg_featured_image_url":{"full":["https:\/\/arantv.az\/wp-content\/uploads\/2021\/10\/1de7a1af8d319f8ceda4af7876746d03.jpg",620,388,false],"landscape":["https:\/\/arantv.az\/wp-content\/uploads\/2021\/10\/1de7a1af8d319f8ceda4af7876746d03.jpg",620,388,false],"portraits":["https:\/\/arantv.az\/wp-content\/uploads\/2021\/10\/1de7a1af8d319f8ceda4af7876746d03.jpg",620,388,false],"thumbnail":["https:\/\/arantv.az\/wp-content\/uploads\/2021\/10\/1de7a1af8d319f8ceda4af7876746d03-500x280.jpg",500,280,true],"medium":["https:\/\/arantv.az\/wp-content\/uploads\/2021\/10\/1de7a1af8d319f8ceda4af7876746d03-583x365.jpg",583,365,true],"large":["https:\/\/arantv.az\/wp-content\/uploads\/2021\/10\/1de7a1af8d319f8ceda4af7876746d03.jpg",620,388,false],"1536x1536":["https:\/\/arantv.az\/wp-content\/uploads\/2021\/10\/1de7a1af8d319f8ceda4af7876746d03.jpg",620,388,false],"2048x2048":["https:\/\/arantv.az\/wp-content\/uploads\/2021\/10\/1de7a1af8d319f8ceda4af7876746d03.jpg",620,388,false],"post-thumbnail":["https:\/\/arantv.az\/wp-content\/uploads\/2021\/10\/1de7a1af8d319f8ceda4af7876746d03-240x172.jpg",240,172,true],"advps-thumb-one":["https:\/\/arantv.az\/wp-content\/uploads\/2021\/10\/1de7a1af8d319f8ceda4af7876746d03.jpg",620,388,false]},"rttpg_author":{"display_name":"V\u00fcsal Rafiqo\u011flu","author_link":"https:\/\/arantv.az\/?author=2"},"rttpg_comment":0,"rttpg_category":"<a href=\"https:\/\/arantv.az\/?cat=4\" rel=\"category\">Siyas\u0259t<\/a>","rttpg_excerpt":"Prezident \u0130lham \u018fliyev Sahibkarl\u0131\u011f\u0131n inki\u015faf\u0131na d\u00f6vl\u0259t d\u0259st\u0259yi sah\u0259sind\u0259 idar\u0259etm\u0259nin t\u0259kmill\u0259\u015fdirilm\u0259si haqq\u0131nda f\u0259rman imzalay\u0131b. Bununla ba\u011fl\u0131\u00a0Prezident.az\u00a0m\u0259lumat yay\u0131b. F\u0259rman iqtisadiyyat\u0131n qeyri-neft sektoruna investisiya qoyulu\u015funun t\u0259\u015fviqi, sahibkarl\u0131\u011f\u0131n inki\u015faf\u0131na d\u00f6vl\u0259t d\u0259st\u0259yi sah\u0259sind\u0259 idar\u0259etm\u0259 sisteminin optimalla\u015fd\u0131r\u0131lmas\u0131 v\u0259 s\u0259m\u0259r\u0259liliyinin y\u00fcks\u0259ldilm\u0259si, \u0259laq\u0259l\u0259ndirm\u0259nin g\u00fccl\u0259ndirilm\u0259si, bu sah\u0259d\u0259 \u015f\u0259ffafl\u0131\u011f\u0131n v\u0259 sahibkar m\u0259mnunlu\u011funun daha da art\u0131r\u0131lmas\u0131 m\u0259qs\u0259dil\u0259 verilib. S\u0259n\u0259d\u0259 \u0259sas\u0259n, Az\u0259rbaycan Respublikas\u0131 \u0130qtisadiyyat Nazirliyinin tabeliyind\u0259ki \u201cAz\u0259rbaycan&hellip;","_links":{"self":[{"href":"https:\/\/arantv.az\/index.php?rest_route=\/wp\/v2\/posts\/389142"}],"collection":[{"href":"https:\/\/arantv.az\/index.php?rest_route=\/wp\/v2\/posts"}],"about":[{"href":"https:\/\/arantv.az\/index.php?rest_route=\/wp\/v2\/types\/post"}],"author":[{"embeddable":true,"href":"https:\/\/arantv.az\/index.php?rest_route=\/wp\/v2\/users\/2"}],"replies":[{"embeddable":true,"href":"https:\/\/arantv.az\/index.php?rest_route=%2Fwp%2Fv2%2Fcomments&post=389142"}],"version-history":[{"count":0,"href":"https:\/\/arantv.az\/index.php?rest_route=\/wp\/v2\/posts\/389142\/revisions"}],"wp:featuredmedia":[{"embeddable":true,"href":"https:\/\/arantv.az\/index.php?rest_route=\/wp\/v2\/media\/389143"}],"wp:attachment":[{"href":"https:\/\/arantv.az\/index.php?rest_route=%2Fwp%2Fv2%2Fmedia&parent=389142"}],"wp:term":[{"taxonomy":"category","embeddable":true,"href":"https:\/\/arantv.az\/index.php?rest_route=%2Fwp%2Fv2%2Fcategories&post=389142"},{"taxonomy":"post_tag","embeddable":true,"href":"https:\/\/arantv.az\/index.php?rest_route=%2Fwp%2Fv2%2Ftags&post=389142"}],"curies":[{"name":"wp","href":"https:\/\/api.w.org\/{rel}","templated":true}]}}